{"id":5101,"date":"2011-11-11T11:55:13","date_gmt":"2011-11-11T10:55:13","guid":{"rendered":"https:\/\/wp.muchomaas.com\/balle-au-centre5101\/"},"modified":"2023-06-23T23:10:07","modified_gmt":"2023-06-23T21:10:07","slug":"balle-au-centre5101","status":"publish","type":"post","link":"https:\/\/archives.regards.fr\/?p=5101","title":{"rendered":"Balle au centre"},"content":{"rendered":"<p class=\"post_excerpt\">En hausse dans les sondages, Fran\u00e7ois<br \/>\nHollande joue les rassembleurs,<br \/>\n\u00e0 gauche et au centre.<br \/>\nMais son programme, entre pragmatisme<br \/>\net r\u00e9alisme, tiendra-t-il la distance<br \/>\njusqu&#8217;en mai ?<\/p>\n<p>Fran\u00e7ois Hollande sera le candidat des socialistes<br \/>\npour la prochaine \u00e9lection pr\u00e9sidentielle.<br \/>\nLogique. La partie s\u2019est jou\u00e9e d\u00e8s le mois de<br \/>\nmai : dans les sondages, le d\u00e9put\u00e9 de Corr\u00e8ze<br \/>\na pris la place de favori une fois la candidature<br \/>\nStrauss-Kahn devenue impossible. Les<br \/>\nprimaires, dont l\u2019objectif \u00e9tait de d\u00e9signer le<br \/>\nmeilleur candidat pour \u00ab battre Sarkozy \u00bb, allaient<br \/>\nsuivre les oracles sondagiers. Comme en<br \/>\n2006. L\u2019heure Hollande a donc sonn\u00e9.<br \/>\nApr\u00e8s une pr\u00e9sidence bling-bling, arrogante et<br \/>\nautoritaire, place \u00e0 une mandature \u00ab normale \u00bb,<br \/>\nconsensuelle : un retour de balancier qui serait<br \/>\nattendu des Fran\u00e7ais. Centre-droit compatible,<br \/>\nles \u00e9lecteurs des primaires socialistes veulent<br \/>\ncroire que Fran\u00e7ois Hollande sera leur champion.<\/p>\n<p>De fait, Fran\u00e7ois Hollande b\u00e9n\u00e9ficie, avant<br \/>\nl\u2019heure, d\u2019une sorte d\u2019\u00e9tat de gr\u00e2ce. Les sondages<br \/>\nenregistrent une sensible progression<br \/>\nen sa faveur : il ferait un bond avec pr\u00e8s de<br \/>\n40 % d\u2019intentions de vote au premier tour,<br \/>\n60 % au second ! Bien s\u00fbr, ces sondages n\u2019anticipent<br \/>\npas le r\u00e9sultat final, seulement l\u2019humeur<br \/>\nde l\u2019apr\u00e8s-primaire. Mais le premier objectif du<br \/>\nPS est atteint : cr\u00e9er un \u00e9lan en faveur de leur<br \/>\ncandidat, m\u00eame si la puissance et la dur\u00e9e de<br \/>\nl\u2019impulsion sont incertaines.<\/p>\n<p>Cette \u00e9tape s\u2019inscrit dans un processus dont<br \/>\nle PS ne fait pas myst\u00e8re : constituer un grand<br \/>\nparti central, rassemblant entre 35 et 40 % des<br \/>\n\u00e9lecteurs. Fran\u00e7ois Hollande, engrange normalement<br \/>\nles fruits d\u2019une strat\u00e9gie de centrisation<br \/>\ndu PS dont il fut l\u2019un des acteurs en tant que<br \/>\nPremier secr\u00e9taire. On se souvient [[ &#8220;Socialiste et lib\u00e9ral&#8221;, <em>Regards<\/em>, \u00e9t\u00e9 2008]] qu\u2019il fit<br \/>\nadopter par le PS une \u00ab nouvelle d\u00e9claration<br \/>\nde principes \u00bb dont il s\u2019enorgueillissait en ces<br \/>\ntermes : \u00ab <em>Depuis le temps que l\u2019on nous sommait<br \/>\nde faire notre aggiornamento ou notre<br \/>\nBad Godesberg, voil\u00e0 qui est fait.<\/em> \u00bb La d\u00e9claration<br \/>\nde principes se concluait ainsi : \u00ab <em>Le Parti<br \/>\nsocialiste veut rassembler toutes les cultures<br \/>\nde gauche. Il ne se r\u00e9signe pas aux divisions<br \/>\nde l\u2019histoire.<\/em> \u00bb Les primaires socialistes auront<br \/>\n\u00e9t\u00e9 l\u2019occasion de mettre en sc\u00e8ne un d\u00e9bat<br \/>\npolitique couvrant les diff\u00e9rentes options allant<br \/>\nde la gauche de Montebourg \u00e0 la droite de Valls<br \/>\net Baylet. Aubry et Hollande sont au centre ;<br \/>\nRoyal est ailleurs. Une \u00e9tape nouvelle semble<br \/>\nfranchie avec pour objectif de r\u00e9organiser la vie<br \/>\npolitique \u00e0 gauche autour du seul PS.<\/p>\n<h2>Arbitrer les possibles<\/h2>\n<p>Fran\u00e7ois Hollande va conduire une campagne<br \/>\navec pour fil rouge la pr\u00e9tention d\u2019\u00eatre celui qui dira la v\u00e9rit\u00e9, qui ne promettra que ce qu\u2019il<br \/>\npourra faire\u2026 Pourtant, il a retenu de Mitterrand<br \/>\net De Gaulle la n\u00e9cessit\u00e9 de tenir un propos sur<br \/>\nla France et son destin collectif. Celui de Fran\u00e7ois<br \/>\nHollande est plus convenu qu\u2019inspir\u00e9. Pour<br \/>\ncet h\u00e9ritier de la seconde gauche et de Jacques<br \/>\nDelors, la politique n\u2019est pas une id\u00e9ologie, une<br \/>\nrepr\u00e9sentation du monde. Elle est une gestion<br \/>\nassortie d\u2019une ambition. Il le dit simplement :<br \/>\n\u00ab <em>Faire le possible c\u2019est bien ; mais \u00e9tendre le<br \/>\npossible c\u2019est mieux. <\/em> \u00bb<\/p>\n<p>Ses axes de campagne sont balis\u00e9s : un pacte<br \/>\nproductif, un pacte pour la jeunesse et un<br \/>\npacte d\u00e9mocratique. Sa candidature sera plac\u00e9e<br \/>\nsous le signe de la r\u00e9forme fiscale. Derri\u00e8re<br \/>\nces concepts, nul tranchant des propositions<br \/>\net des id\u00e9es. Fran\u00e7ois Hollande ne<br \/>\npr\u00f4ne pas la rupture. Il veut \u00eatre raisonnable.<br \/>\nRompu \u00e0 la pratique politique, il pense pouvoir<br \/>\narbitrer au mieux des \u00ab possibles \u00bb \u00e0 l\u2019int\u00e9rieur<br \/>\ndu cadre, avec \u00ab pragmatisme \u00bb. Est-ce bien<br \/>\nraisonnable dans les conditions pr\u00e9sentes ?<br \/>\nCe sera le d\u00e9bat de la pr\u00e9sidentielle.<\/p>\n<p>Si d\u2019aventure, ne serait-ce qu\u2019une forte minorit\u00e9<br \/>\nde Fran\u00e7ais pensait que le maintien du cadre<br \/>\ng\u00e9n\u00e9ral est sans avenir, la capacit\u00e9 de mobilisation<br \/>\ndu candidat socialiste serait atteinte. Ce<br \/>\nqui paraissait un choix de raison, une assurance<br \/>\n\u00ab antisarko \u00bb pourrait alors se r\u00e9v\u00e9ler une fragilit\u00e9.<br \/>\nLa force du projet pourrait faire d\u00e9faut face<br \/>\n\u00e0 un Nicolas Sarkozy qui assumera et poussera<br \/>\nsa logique contre-r\u00e9formatrice. Pour se frayer<br \/>\nun chemin, Marine Le Pen n\u2019aura pas de mal \u00e0<br \/>\nmettre en avant la pens\u00e9e commune des deux<br \/>\ncandidats. Jean-Luc M\u00e9lenchon et Eva Joly chercheront<br \/>\n\u00e0 faire \u00e9merger une alternative.<\/p>\n<p>Si le 6 mai Fran\u00e7ois Hollande est \u00e9lu, il lui faudra<br \/>\ntrouver des ressources pour faire face \u00e0 la crise.<br \/>\nEt \u00e7a, ce n\u2019est vraiment pas gagn\u00e9. Hollande<br \/>\naime \u00e0 dire que \u00ab <em>l\u2019enjeu pour les socialistes<br \/>\nce n\u2019est pas de gagner magnifiquement mais<br \/>\nde gouverner durablement<\/em> \u00bb. Quel programme,<br \/>\nCaramba !<\/p>\n<div id='gallery-1' class='gallery galleryid-5101 gallery-columns-3 gallery-size-thumbnail'><figure class='gallery-item'>\n\t\t\t<div class='gallery-icon landscape'>\n\t\t\t\t<a href='https:\/\/archives.regards.fr\/wp-content\/uploads\/2011\/11\/hollandes-1df.jpg'><img loading=\"lazy\" decoding=\"async\" width=\"150\" height=\"150\" src=\"https:\/\/archives.regards.fr\/wp-content\/uploads\/2011\/11\/hollandes-1df-150x150.jpg\" class=\"attachment-thumbnail size-thumbnail\" alt=\"Balle au centre\" aria-describedby=\"gallery-1-15618\" \/><\/a>\n\t\t\t<\/div>\n\t\t\t\t<figcaption class='wp-caption-text gallery-caption' id='gallery-1-15618'>\n\t\t\t\tBalle au centre\n\t\t\t\t<\/figcaption><\/figure><figure class='gallery-item'>\n\t\t\t<div class='gallery-icon landscape'>\n\t\t\t\t<a href='https:\/\/archives.regards.fr\/wp-content\/uploads\/2011\/11\/hollandeb-407.jpg'><img loading=\"lazy\" decoding=\"async\" width=\"150\" height=\"122\" src=\"https:\/\/archives.regards.fr\/wp-content\/uploads\/2011\/11\/hollandeb-407-150x122.jpg\" class=\"attachment-thumbnail size-thumbnail\" alt=\"Balle au centre\" aria-describedby=\"gallery-1-15619\" \/><\/a>\n\t\t\t<\/div>\n\t\t\t\t<figcaption class='wp-caption-text gallery-caption' id='gallery-1-15619'>\n\t\t\t\tBalle au centre\n\t\t\t\t<\/figcaption><\/figure><figure class='gallery-item'>\n\t\t\t<div class='gallery-icon landscape'>\n\t\t\t\t<a href='https:\/\/archives.regards.fr\/wp-content\/uploads\/2011\/11\/hollande-381.jpg'><img loading=\"lazy\" decoding=\"async\" width=\"150\" height=\"150\" src=\"https:\/\/archives.regards.fr\/wp-content\/uploads\/2011\/11\/hollande-381-150x150.jpg\" class=\"attachment-thumbnail size-thumbnail\" alt=\"hollande.jpg\" \/><\/a>\n\t\t\t<\/div><\/figure>\n\t\t<\/div>\n\n","protected":false},"excerpt":{"rendered":"<p>En hausse dans les sondages, Fran\u00e7ois<br \/>\nHollande joue les rassembleurs,<br \/>\n\u00e0 gauche et au centre.<br \/>\nMais son programme, entre pragmatisme<br \/>\net r\u00e9alisme, tiendra-t-il la distance<br \/>\njusqu&#8217;en mai ?<\/p>\n","protected":false},"author":464,"featured_media":15618,"comment_status":"open","ping_status":"open","sticky":false,"template":"","format":"standard","meta":{"_themeisle_gutenberg_block_has_review":false,"footnotes":""},"categories":[141],"tags":[290,295],"class_list":["post-5101","post","type-post","status-publish","format-standard","has-post-thumbnail","hentry","category-archives-web","tag-elections","tag-nupes"],"_links":{"self":[{"href":"https:\/\/archives.regards.fr\/index.php?rest_route=\/wp\/v2\/posts\/5101","targetHints":{"allow":["GET"]}}],"collection":[{"href":"https:\/\/archives.regards.fr\/index.php?rest_route=\/wp\/v2\/posts"}],"about":[{"href":"https:\/\/archives.regards.fr\/index.php?rest_route=\/wp\/v2\/types\/post"}],"author":[{"embeddable":true,"href":"https:\/\/archives.regards.fr\/index.php?rest_route=\/wp\/v2\/users\/464"}],"replies":[{"embeddable":true,"href":"https:\/\/archives.regards.fr\/index.php?rest_route=%2Fwp%2Fv2%2Fcomments&post=5101"}],"version-history":[{"count":0,"href":"https:\/\/archives.regards.fr\/index.php?rest_route=\/wp\/v2\/posts\/5101\/revisions"}],"wp:featuredmedia":[{"embeddable":true,"href":"https:\/\/archives.regards.fr\/index.php?rest_route=\/wp\/v2\/media\/15618"}],"wp:attachment":[{"href":"https:\/\/archives.regards.fr\/index.php?rest_route=%2Fwp%2Fv2%2Fmedia&parent=5101"}],"wp:term":[{"taxonomy":"category","embeddable":true,"href":"https:\/\/archives.regards.fr\/index.php?rest_route=%2Fwp%2Fv2%2Fcategories&post=5101"},{"taxonomy":"post_tag","embeddable":true,"href":"https:\/\/archives.regards.fr\/index.php?rest_route=%2Fwp%2Fv2%2Ftags&post=5101"}],"curies":[{"name":"wp","href":"https:\/\/api.w.org\/{rel}","templated":true}]}}