{"id":5100,"date":"2011-11-10T09:34:33","date_gmt":"2011-11-10T08:34:33","guid":{"rendered":"https:\/\/wp.muchomaas.com\/francois-hollande-pragmatisme-et5100\/"},"modified":"2023-06-23T23:10:06","modified_gmt":"2023-06-23T21:10:06","slug":"francois-hollande-pragmatisme-et5100","status":"publish","type":"post","link":"https:\/\/archives.regards.fr\/?p=5100","title":{"rendered":"Fran\u00e7ois Hollande: pragmatisme et compromis"},"content":{"rendered":"<p class=\"post_excerpt\">Ni bling-bling ni r\u00e9volutionnaire,<br \/>\ncultivant son profil d&#8217;\u00ab \u00e9lu du<br \/>\nterroir \u00bb tout en courtisant les<br \/>\nindustriels du CAC 40, qui est vraiment<br \/>\nFran\u00e7ois Hollande ? Portrait.<\/p>\n<p>\u00ab <em>Je mesure la t\u00e2che qui m&#8217;attend, elle est lourde<br \/>\net grave. Je dois \u00eatre \u00e0 la hauteur des Fran\u00e7ais<br \/>\nqui n&#8217;en peuvent plus de la politique de Nicolas<br \/>\nSarkozy. Ce soir, j&#8217;ai re\u00e7u un mandat imp\u00e9rieux,<br \/>\ncelui de faire gagner la gauche en 2012.<\/em> \u00bb Au<br \/>\nsoir de son \u00e9lection comme candidat du Parti<br \/>\nsocialiste pour l&#8217;\u00e9lection pr\u00e9sidentielle de mai<br \/>\nprochain, Fran\u00e7ois Hollande est d\u00e9cid\u00e9 \u00e0 mettre<br \/>\nfin \u00e0 cinq ans de sarkozysme, o\u00f9 \u00ab <em>rien n&#8217;aura<br \/>\n\u00e9t\u00e9 normal.<\/em> \u00bb Est-il pour autant capable de proposer<br \/>\nune autre politique, et de \u00ab<em> r\u00e9enchanter le<br \/>\nr\u00eave fran\u00e7ais<\/em> \u00bb, comme il le promet ?<\/p>\n<p>Pour faire tomber une partie du voile, il faut tenter<br \/>\nde comprendre le personnage et son attachement<br \/>\nlocal, en Corr\u00e8ze, o\u00f9 le d\u00e9put\u00e9 a \u00e9t\u00e9<br \/>\n\u00e9lu pour la premi\u00e8re fois il y a 23 ans, La Corr\u00e8ze<br \/>\nqui l&#8217;a fait passer du statut d&#8217;apparatchik<br \/>\nde Solf\u00e9rino \u00e0 celui d&#8217;homme de terrain, pour<br \/>\nne pas dire de la terre. La Corr\u00e8ze, o\u00f9 il est \u00ab <em>le<br \/>\nnouvel homme providentiel<\/em> \u00bb, dixit Alain Albinet,<br \/>\njournaliste \u00e0 <em>La Montagne<\/em>, qui suit la politique<br \/>\nlocale depuis 20 ans.<\/p>\n<p>Tous les samedis sur le march\u00e9 de la petite<br \/>\nville, inlassablement, Fran\u00e7ois Hollande sert des pognes, embrasse les dames. Et s\u00e9duit son<br \/>\ninterlocuteur par une attitude, toujours la m\u00eame,<br \/>\nqui fascine ses proches. Il tend la main, regarde<br \/>\ndroit dans les yeux, et enclenche la discussion.<br \/>\n\u00ab <em>Alors, votre fille a-t-elle eu son Bac ? Et le<br \/>\ngrand-p\u00e8re, \u00e7a va mieux ?<\/em> \u00bb. \u00c7a ne vous rappelle<br \/>\npersonne ? Aux Corr\u00e9ziens si, et pas qu&#8217;un<br \/>\npeu. Le \u00ab Grand \u00bb, le ma\u00eetre des lieux : Chirac.<br \/>\nCelui qui autrefois disait \u00e0 propos de Fran\u00e7ois<br \/>\nHollande \u00ab<em> il est moins connu que le labrador<br \/>\nde Mitterrand<\/em> \u00bb, a finalement vu son espace<br \/>\npeu \u00e0 peu grignot\u00e9 par le socialiste. \u00ab <em>Depuis<br \/>\n30 ans, Hollande laboure son territoire<\/em> \u00bb, note<br \/>\nAlain Albinet.<\/p>\n<h2>Z\u00e9ro bling-bling<\/h2>\n<p>\u00ab <em>Son int\u00e9r\u00eat pour les autres n&#8217;est pas feint<\/em>,<br \/>\nd\u00e9clare Bernard Combes, maire de Tulle, et<br \/>\nattach\u00e9 parlementaire du candidat PS. <em>C&#8217;est un<br \/>\ndensificateur de relations. Malgr\u00e9 une extraction<br \/>\nplut\u00f4t bourgeoise, il a la capacit\u00e9 de comprendre<br \/>\nl&#8217;\u00eatre humain dans sa complexit\u00e9. <\/em> \u00bb Ici,<br \/>\non ne manque pas une occasion de louer son<br \/>\nintelligence \u2013 on le surnomme parfois \u00ab <em>Quatre<br \/>\ncerveaux<\/em> \u00bb, un petit nom autrement plus flatteur<br \/>\nque \u00ab <em>Flamby <\/em> \u00bb ou \u00ab <em>Culbuto<\/em> \u00bb \u2013 et ses qualit\u00e9s<br \/>\nhumaines : ni distant ni condescendant,<br \/>\nagr\u00e9able et m\u00eame \u00ab <em>gentil<\/em> \u00bb, dot\u00e9 d&#8217;une grosse<br \/>\nm\u00e9moire, dr\u00f4le, \u00ab <em>urbain<\/em> \u00bb N&#8217;en jetez plus !<br \/>\nM\u00eame ses adversaires politiques s&#8217;accordent<br \/>\nl\u00e0-dessus. Et de sa suppos\u00e9e inexp\u00e9rience, il a<br \/>\nfini par faire une force : lui au moins ne tra\u00eene<br \/>\naucune casserole. Mieux, d&#8217;apr\u00e8s Bernard<br \/>\nCombes : \u00ab <em>Il n&#8217;a pas l&#8217;amour de l&#8217;argent, des<br \/>\nbelles bagnoles et des grands h\u00f4tels.<\/em> \u00bb Suivez<br \/>\nson regard\u2026<\/p>\n<h2>Pas un r\u00e9volutionnaire<\/h2>\n<p>Tout cela est bien beau mais qu&#8217;y a-t-il derri\u00e8re ?<br \/>\n\u00ab <em>C&#8217;est un r\u00e9formiste de gauche, un social-d\u00e9mocrate<br \/>\ndot\u00e9 d&#8217;une envie tr\u00e8s forte de changer<br \/>\nles choses. \u00c7a n&#8217;a jamais \u00e9t\u00e9 un r\u00e9volutionnaire<\/em><br \/>\n\u00bb, reconna\u00eet bien volontiers St\u00e9phane<br \/>\nLe Foll, son fid\u00e8le lieutenant. Bernard Combes<br \/>\nabonde : \u00ab<em> Il a chevill\u00e9 au corps l&#8217;envie de changer<br \/>\nles choses mais \u00e0 sa mani\u00e8re, par touches,<br \/>\npas \u00e0 coups de boutoirs. Il n&#8217;y a jamais de violence<br \/>\navec lui. <\/em> \u00bb \u00c9ternel pragmatique, Hollande<br \/>\ns&#8217;adapte en permanence. \u00ab <em>Il est capable de<br \/>\ncomposer, sans se d\u00e9partir de sa ligne politique<\/em><br \/>\n\u00bb, estime Le Foll. \u00ab <em>Il pr\u00e9f\u00e8re trouver une solution de compromis, quitte \u00e0 ce que \u00e7a<br \/>\nprenne plus de temps, plut\u00f4t que de trancher<br \/>\ndans le vif <\/em> \u00bb, poursuit Jacques Spindler, ancien<br \/>\nr\u00e9dacteur en chef \u00e0 <em>La Montagne<\/em>, d\u00e9bauch\u00e9 par<br \/>\nHollande pour diriger la communication de son<br \/>\nconseil g\u00e9n\u00e9ral, une fois \u00e9lu pr\u00e9sident en 2008.<br \/>\nBernard Combes compl\u00e8te le tableau : \u00ab <em>Il peut<br \/>\nattendre 15 jours que l&#8217;adversaire pose le couteau.<br \/>\n\u00c0 la fin, il trouve une solution.<\/em> \u00bb M\u00eame<br \/>\nid\u00e9e, mais autre tonalit\u00e9 dans le camp d&#8217;en<br \/>\nface : \u00ab<em>C&#8217;est quelqu&#8217;un qui ne se positionne<br \/>\nsur rien<\/em>, attaque Michel Paillassou, pr\u00e9sident<br \/>\nde l&#8217;UMP en Corr\u00e8ze. <em>Il cherche toujours un<br \/>\nconsensus mou, mais n&#8217;affirme aucune opinion<br \/>\ntranch\u00e9e. Sur le vote des \u00e9trangers en France<br \/>\nou le port du voile, il ne dit rien, pas plus que<br \/>\nsur la r\u00e8gle d&#8217;or. C&#8217;est un attrape-tout de la politique,<br \/>\nun opportuniste.<\/em> \u00bb Fran\u00e7ois Hollande a<br \/>\n\u00ab <em>un c\u00f4t\u00e9 matheux, qui voit la politique comme<br \/>\nune \u00e9quation, c&#8217;est un joueur d&#8217;\u00e9chec<\/em> \u00bb, compl\u00e8te<br \/>\nSerge Raffy, r\u00e9dacteur en chef au <em>Nouvel<br \/>\nObservateur<\/em>, et qui vient par ailleurs de lui<br \/>\nconsacrer un livre tr\u00e8s fouill\u00e9, <em>Fran\u00e7ois Hollande,<br \/>\nItin\u00e9raire secret<\/em>.<\/p>\n<p>Fran\u00e7ois Delapierre, directeur de campagne de<br \/>\nJean-Luc M\u00e9lenchon, est loin de partager l&#8217;id\u00e9e<br \/>\nde \u00ab <em>l&#8217;homme du consensus<\/em> \u00bb : \u00ab <em>Jospin admettait<br \/>\n\u00eatre la ligne droite, ou r\u00e9aliste, du PS, tout<br \/>\nen acceptant qu&#8217;il y ait des courants divergents.<br \/>\nIl se construisait dans le d\u00e9bat et la confrontation<br \/>\navec l&#8217;aile gauche. Hollande a marqu\u00e9<br \/>\nune rupture : il n&#8217;a fait que nier les divergences, les moquer, les rendre grotesques. Quand on<br \/>\nrefusait \u201cl&#8217;ordre juste\u201d fa\u00e7on S\u00e9gol\u00e8ne Royal, il<br \/>\nironisait : \u201cVous pr\u00e9f\u00e9rez le d\u00e9sordre injuste ?\u201d<br \/>\nQuand on \u00e9voquait Chavez et les pr\u00e9sidents<br \/>\nsud-am\u00e9ricains, il nous disait ennemis de la<br \/>\nd\u00e9mocratie. Apr\u00e8s \u00e7a, aucune discussion possible.<br \/>\nIl n&#8217;a jamais voulu trancher les contradictions<br \/>\nen exprimant un vrai point de vue.<\/em> \u00bb<\/p>\n<p>Grande gagnante de son pragmatisme : Bernadette<br \/>\nChirac, avec qui Fran\u00e7ois Hollande<br \/>\nentretient les relations les plus cordiales, surtout<br \/>\ndepuis son \u00e9lection \u00e0 la pr\u00e9sidence du<br \/>\nconseil g\u00e9n\u00e9ral. \u00ab <em>Entre les deux il y a des<br \/>\nint\u00e9r\u00eats convergents<\/em>, explique le journaliste<br \/>\nAlain Albinet. <em>Hollande veut s&#8217;\u00e9largir \u00e0 l&#8217;\u00e9lectorat<br \/>\nchiraquien. Et Bernadette souhaite g\u00e9rer<br \/>\nl&#8217;h\u00e9ritage, ne pas ab\u00eemer l&#8217;image des Chirac<br \/>\nen Corr\u00e8ze.<\/em> \u00bb Cela passe notamment par le<br \/>\nmus\u00e9e Chirac, dans le village de Sarran, pour<br \/>\nlequel le d\u00e9partement a d\u00e9j\u00e0 inject\u00e9 beaucoup<br \/>\nd&#8217;argent sous la pr\u00e9sidence Hollande. Les voil\u00e0<br \/>\ndonc qui rivalisent d&#8217;amabilit\u00e9s : \u00ab <em>Un homme<br \/>\nde terrain \u00e0 l&#8217;\u00e9coute de la population.<\/em> \u00bb \u00ab <em>Une<br \/>\n\u00e9lue dynamique, qui apporte beaucoup de ses<br \/>\nrelations.<\/em> \u00bb \u00ab <em>Un homme tr\u00e8s sympathique, tr\u00e8s<br \/>\ncourtois, qui a le sens du service public, qui<br \/>\nest \u00e0 l&#8217;\u00e9coute.<\/em> \u00bb \u00ab <em>J&#8217;ai du respect pour elle, elle<br \/>\na l&#8217;esprit ouvert.<\/em> \u00bb Atmosph\u00e8re feutr\u00e9e !<\/p>\n<h2>\u00ab Sarko soft \u00bb<\/h2>\n<p>Trop \u00e0 droite, Hollande ? \u00ab <em>Son mod\u00e8le, dans<br \/>\nla strat\u00e9gie, c&#8217;est Mitterrand. La premi\u00e8re \u00e9tape<br \/>\nc&#8217;est donc de rassembler \u00e0 gauche<\/em> \u00bb, d\u00e9fend<br \/>\nSt\u00e9phane Le Foll. Ainsi, Robert Hue s&#8217;est<br \/>\nd&#8217;ores et d\u00e9j\u00e0 ralli\u00e9 \u00e0 sa cause pour 2012. Mais<br \/>\nJacques Calmon, qui se targue de l&#8217;avoir fait<br \/>\nvenir en Corr\u00e8ze lorsqu&#8217;il dirigeait la f\u00e9d\u00e9ration<br \/>\nlocale du PS, conna\u00eet depuis un gros conflit<br \/>\npersonnel avec lui et ne s&#8217;en laisse pas conter :<br \/>\n\u00ab <em>Politiquement, c&#8217;est du Strauss-Kahn, la comp\u00e9tence<br \/>\nen moins. Je l&#8217;ai vu d\u00e9raper vers le<br \/>\ncentre. Mon inqui\u00e9tude, c&#8217;est que l&#8217;on remplace<br \/>\nun Sarko hard par un Sarko soft\u2026<\/em> \u00bb L&#8217;ancien<br \/>\nmaire communiste de Tulle, Jean Combasteil,<br \/>\ndont Hollande fut le premier adjoint avant d&#8217;inverser<br \/>\nles r\u00f4les en 2001, se souvient : \u00ab<em> Je ne<br \/>\nl&#8217;ai pas trouv\u00e9 tr\u00e8s ardent lors de la fermeture,<br \/>\ndans les ann\u00e9es 1990, de l&#8217;usine d&#8217;armement<br \/>\ndu Giat qui employait 1 500 personnes. Il en a<br \/>\nport\u00e9 une part de responsabilit\u00e9, en ne d\u00e9fendant<br \/>\npas beaucoup l&#8217;usine. Il aurait pu s&#8217;accrocher<br \/>\nun peu plus\u2026<\/em> \u00bb Et de d\u00e9plorer : \u00ab <em>Avant,<br \/>\nil \u00e9tait plus \u00e0 gauche que maintenant. Le centrisme<br \/>\nl&#8217;a gagn\u00e9. Dans l\u2019\u00e9tat actuel des choses,<br \/>\nil n\u2019est pas facile d\u2019imaginer quels vont \u00eatre les<br \/>\npoints de convergence entre lui et le Front<br \/>\nde gauche\u2026<\/em> \u00bb<\/p>\n<p>Le Front de gauche, justement. L&#8217;une de ses<br \/>\ncomposantes, le Parti de gauche, avait vu<br \/>\nle jour lorsque des militants emmen\u00e9s par<br \/>\nJean-Luc M\u00e9lenchon avaient d\u00e9cid\u00e9, lors du<br \/>\nCongr\u00e8s de Reims de 2008, de quitter le PS,<br \/>\ncomprenant que la ligne de Fran\u00e7ois Hollande,<br \/>\nqu&#8217;ils r\u00e9prouvaient, resterait majoritaire \u00e0 la t\u00eate<br \/>\ndu parti. Un an avant, M\u00e9lenchon signait d\u00e9j\u00e0 un livre, <em>En qu\u00eate de gauche<\/em>, une d\u00e9nonciation d\u00e9taill\u00e9e du syst\u00e8me Hollande.<\/p>\n<p>\u00ab <em>Fran\u00e7ois Hollande a \u00e9t\u00e9 le premier en France<br \/>\n\u00e0 se r\u00e9clamer \u201cd\u00e9mocrate\u201d, comme Tony Blair<\/em>,<br \/>\nretrace Fran\u00e7ois Delapierre. <em>En 1984, il \u00e9crivait<br \/>\nune tribune intitul\u00e9e \u201cVive la gauche am\u00e9ricaine\u201d,<br \/>\nc&#8217;\u00e9tait extr\u00eamement pr\u00e9coce. <\/em> \u00bb Et de<br \/>\nr\u00e9sumer la \u00ab <em>pens\u00e9e Hollande<\/em> \u00bb : \u00ab <em>Il estime que<br \/>\nla question sociale ne doit plus \u00eatre centrale,<br \/>\nque tout marche mieux que l&#8217;Etat, que c&#8217;est<br \/>\nplus moderne quand le priv\u00e9 et les collectivit\u00e9s<br \/>\nlocales s&#8217;occupent des choses. Il pense aussi<br \/>\nque la France ne peut rien faire seule et ne<br \/>\npeut donc pas prendre d&#8217;initiatives. Et que la<br \/>\npolitique n&#8217;est pas capable de changer les rapports<br \/>\nsociologiques, mais doit seulement les<br \/>\nenregistrer.<\/em> \u00bb Bref, \u00ab <em>c&#8217;est un tr\u00e8s mauvais candidat<br \/>\nface \u00e0 la crise il est incapable d&#8217;avoir un<br \/>\nrapport de force avec les puissants, il est dans<br \/>\nune culture de la d\u00e9l\u00e9gation et des experts, pas<br \/>\ndes masses populaires et de l&#8217;engagement.<\/em> \u00bb<br \/>\nSi Hollande s\u00e9duit au-del\u00e0 du PS c&#8217;est aussi<br \/>\ngr\u00e2ce \u00e0 des r\u00e9seaux tiss\u00e9s de longue date.<br \/>\nDans son d\u00e9partement d&#8217;adoption, Hollande<br \/>\ndispose \u00ab <em>de relais un peu partout<\/em>, souligne<br \/>\nAlain Albinet. <em>Des gens servent de passerelles<br \/>\navec le centre-droit et, ici, des gens de droite<br \/>\nvoteront pour lui. <\/em> \u00bb<\/p>\n<p>\u00c0 Paris, il peut compter notamment sur le<br \/>\nsoutien de journalistes r\u00e9put\u00e9s conservateurs<br \/>\ncomme Denis Jeambar, ex-directeur de<br \/>\n<em>l&#8217;Express<\/em>, auteur en septembre d&#8217;un livre sobrement<br \/>\nintitul\u00e9 <em>Ne vous repr\u00e9sentez pas !<\/em> \u00e0<br \/>\nl&#8217;adresse du pr\u00e9sident actuel. Une toile d&#8217;alli\u00e9s<br \/>\nbien \u00e9toff\u00e9e. Elle para\u00eet loin sa travers\u00e9e du<br \/>\nd\u00e9sert apr\u00e8s le r\u00e9f\u00e9rendum de 2005, pour lequel<br \/>\nHollande avait appel\u00e9 \u00e0 voter oui. \u00ab <em>\u00c0 un<br \/>\nmoment, j&#8217;\u00e9tais un peu tout seul !<\/em> \u00bb, se souvient<br \/>\nen souriant St\u00e9phane Le Foll.<\/p>\n<p>On le disait fini en politique, on se moquait<br \/>\nde son manque de charisme. Mais \u00ab <em>le charisme,<br \/>\nc&#8217;est d&#8217;\u00eatre \u00e9lu<\/em> \u00bb, dit-il. Pas rancunier,<br \/>\nFran\u00e7ois Hollande rebondit toujours et<br \/>\ncontinue d&#8217;avancer. L&#8217;avenir nous dira<br \/>\njusqu&#8217;o\u00f9.<div id='gallery-1' class='gallery galleryid-5100 gallery-columns-3 gallery-size-thumbnail'><figure class='gallery-item'>\n\t\t\t<div class='gallery-icon landscape'>\n\t\t\t\t<a href='https:\/\/archives.regards.fr\/wp-content\/uploads\/2011\/11\/hollas-464.jpg'><img loading=\"lazy\" decoding=\"async\" width=\"150\" height=\"150\" src=\"https:\/\/archives.regards.fr\/wp-content\/uploads\/2011\/11\/hollas-464-150x150.jpg\" class=\"attachment-thumbnail size-thumbnail\" alt=\"Fran\u00e7ois Hollande: pragmatisme et compromis\" aria-describedby=\"gallery-1-15615\" \/><\/a>\n\t\t\t<\/div>\n\t\t\t\t<figcaption class='wp-caption-text gallery-caption' id='gallery-1-15615'>\n\t\t\t\tFran\u00e7ois Hollande: pragmatisme et compromis\n\t\t\t\t<\/figcaption><\/figure><figure class='gallery-item'>\n\t\t\t<div class='gallery-icon landscape'>\n\t\t\t\t<a href='https:\/\/archives.regards.fr\/wp-content\/uploads\/2011\/11\/hollac-26a.jpg'><img loading=\"lazy\" decoding=\"async\" width=\"80\" height=\"55\" src=\"https:\/\/archives.regards.fr\/wp-content\/uploads\/2011\/11\/hollac-26a.jpg\" class=\"attachment-thumbnail size-thumbnail\" alt=\"Fran\u00e7ois Hollande: pragmatisme et compromis\" aria-describedby=\"gallery-1-15616\" \/><\/a>\n\t\t\t<\/div>\n\t\t\t\t<figcaption class='wp-caption-text gallery-caption' id='gallery-1-15616'>\n\t\t\t\tFran\u00e7ois Hollande: pragmatisme et compromis\n\t\t\t\t<\/figcaption><\/figure>\n\t\t<\/div>\n<\/p>\n","protected":false},"excerpt":{"rendered":"<p>Ni bling-bling ni r\u00e9volutionnaire,<br \/>\ncultivant son profil d&#8217;\u00ab \u00e9lu du<br \/>\nterroir \u00bb tout en courtisant les<br \/>\nindustriels du CAC 40, qui est vraiment<br \/>\nFran\u00e7ois Hollande ? Portrait.<\/p>\n","protected":false},"author":1,"featured_media":15615,"comment_status":"open","ping_status":"open","sticky":false,"template":"","format":"standard","meta":{"_themeisle_gutenberg_block_has_review":false,"footnotes":""},"categories":[141],"tags":[290,295],"class_list":["post-5100","post","type-post","status-publish","format-standard","has-post-thumbnail","hentry","category-archives-web","tag-elections","tag-nupes"],"_links":{"self":[{"href":"https:\/\/archives.regards.fr\/index.php?rest_route=\/wp\/v2\/posts\/5100","targetHints":{"allow":["GET"]}}],"collection":[{"href":"https:\/\/archives.regards.fr\/index.php?rest_route=\/wp\/v2\/posts"}],"about":[{"href":"https:\/\/archives.regards.fr\/index.php?rest_route=\/wp\/v2\/types\/post"}],"author":[{"embeddable":true,"href":"https:\/\/archives.regards.fr\/index.php?rest_route=\/wp\/v2\/users\/1"}],"replies":[{"embeddable":true,"href":"https:\/\/archives.regards.fr\/index.php?rest_route=%2Fwp%2Fv2%2Fcomments&post=5100"}],"version-history":[{"count":0,"href":"https:\/\/archives.regards.fr\/index.php?rest_route=\/wp\/v2\/posts\/5100\/revisions"}],"wp:featuredmedia":[{"embeddable":true,"href":"https:\/\/archives.regards.fr\/index.php?rest_route=\/wp\/v2\/media\/15615"}],"wp:attachment":[{"href":"https:\/\/archives.regards.fr\/index.php?rest_route=%2Fwp%2Fv2%2Fmedia&parent=5100"}],"wp:term":[{"taxonomy":"category","embeddable":true,"href":"https:\/\/archives.regards.fr\/index.php?rest_route=%2Fwp%2Fv2%2Fcategories&post=5100"},{"taxonomy":"post_tag","embeddable":true,"href":"https:\/\/archives.regards.fr\/index.php?rest_route=%2Fwp%2Fv2%2Ftags&post=5100"}],"curies":[{"name":"wp","href":"https:\/\/api.w.org\/{rel}","templated":true}]}}