{"id":5092,"date":"2011-11-26T09:00:00","date_gmt":"2011-11-26T08:00:00","guid":{"rendered":"https:\/\/wp.muchomaas.com\/un-communisme-des-lumieres5092\/"},"modified":"2011-11-26T09:00:00","modified_gmt":"2011-11-26T08:00:00","slug":"un-communisme-des-lumieres5092","status":"publish","type":"post","link":"https:\/\/archives.regards.fr\/?p=5092","title":{"rendered":"Un communisme des Lumi\u00e8res"},"content":{"rendered":"<p class=\"post_excerpt\">Etienne-Gabriel<br \/>\nMorelly<\/p>\n<p><strong>Morelly ? Connais pas.<\/strong> Pourtant,<br \/>\nil \u00e9tait consid\u00e9r\u00e9 par Friedrich<br \/>\nEngels comme un tenant du socialisme<br \/>\nutopique fran\u00e7ais. Mais<br \/>\nson \u00e9toile a p\u00e2ti d\u2019autres notori\u00e9t\u00e9s,<br \/>\nmieux \u00e9tablies. \u00c0 commencer<br \/>\npar celle de Rousseau, dont il<br \/>\nest \u00e0 la fois proche et lointain. En<br \/>\ntout cas, La Ville br\u00fble a eu une<br \/>\nexcellente id\u00e9e de demander \u00e0<br \/>\nSt\u00e9phanie Roza de pr\u00e9parer une<br \/>\nnouvelle \u00e9dition, intelligemment<br \/>\npr\u00e9sent\u00e9e, de ce texte original.<br \/>\nUn communisme des Lumi\u00e8res ?<br \/>\nEt pourquoi pas ?<\/p>\n","protected":false},"excerpt":{"rendered":"<p>Etienne-Gabriel<br \/>\nMorelly<\/p>\n","protected":false},"author":328,"featured_media":15601,"comment_status":"open","ping_status":"open","sticky":false,"template":"","format":"standard","meta":{"_themeisle_gutenberg_block_has_review":false,"footnotes":""},"categories":[111],"tags":[392],"class_list":["post-5092","post","type-post","status-publish","format-standard","has-post-thumbnail","hentry","category-nos-selections","tag-essai"],"_links":{"self":[{"href":"https:\/\/archives.regards.fr\/index.php?rest_route=\/wp\/v2\/posts\/5092","targetHints":{"allow":["GET"]}}],"collection":[{"href":"https:\/\/archives.regards.fr\/index.php?rest_route=\/wp\/v2\/posts"}],"about":[{"href":"https:\/\/archives.regards.fr\/index.php?rest_route=\/wp\/v2\/types\/post"}],"author":[{"embeddable":true,"href":"https:\/\/archives.regards.fr\/index.php?rest_route=\/wp\/v2\/users\/328"}],"replies":[{"embeddable":true,"href":"https:\/\/archives.regards.fr\/index.php?rest_route=%2Fwp%2Fv2%2Fcomments&post=5092"}],"version-history":[{"count":0,"href":"https:\/\/archives.regards.fr\/index.php?rest_route=\/wp\/v2\/posts\/5092\/revisions"}],"wp:featuredmedia":[{"embeddable":true,"href":"https:\/\/archives.regards.fr\/index.php?rest_route=\/wp\/v2\/media\/15601"}],"wp:attachment":[{"href":"https:\/\/archives.regards.fr\/index.php?rest_route=%2Fwp%2Fv2%2Fmedia&parent=5092"}],"wp:term":[{"taxonomy":"category","embeddable":true,"href":"https:\/\/archives.regards.fr\/index.php?rest_route=%2Fwp%2Fv2%2Fcategories&post=5092"},{"taxonomy":"post_tag","embeddable":true,"href":"https:\/\/archives.regards.fr\/index.php?rest_route=%2Fwp%2Fv2%2Ftags&post=5092"}],"curies":[{"name":"wp","href":"https:\/\/api.w.org\/{rel}","templated":true}]}}