{"id":5090,"date":"2011-11-24T09:30:00","date_gmt":"2011-11-24T08:30:00","guid":{"rendered":"https:\/\/wp.muchomaas.com\/questions-d-emancipation5090\/"},"modified":"2011-11-24T09:30:00","modified_gmt":"2011-11-24T08:30:00","slug":"questions-d-emancipation5090","status":"publish","type":"post","link":"https:\/\/archives.regards.fr\/?p=5090","title":{"rendered":"Questions d\u2019\u00e9mancipation"},"content":{"rendered":"<p class=\"post_excerpt\">Didier Eribon<\/p>\n<p><strong>Vous avez aim\u00e9 Retour \u00e0 Reims<br \/>\nde Didier Eribon ?<\/strong> Vous adorerez<br \/>\nRetours sur retour \u00e0 Reims.<br \/>\nEt si vous n\u2019avez pas lu le premier,<br \/>\nil est temps de lire les deux.<br \/>\nL\u2019intellectuel, notamment connu<br \/>\npour ses R\u00e9flexions sur la question<br \/>\ngay, livre un r\u00e9cit intime et<br \/>\npolitique sur le racisme social.<br \/>\nEngag\u00e9 sur les questions d\u2019identit\u00e9<br \/>\nsexuelle, Eribon avait mis<br \/>\nsous le boisseau son appartenance<br \/>\npopulaire. Pourquoi cette<br \/>\nhonte, ce long d\u00e9ni quant \u00e0 son<br \/>\norigine de classe ? La question<br \/>\nm\u00e9ritait d\u2019\u00eatre pos\u00e9e, traqu\u00e9e,<br \/>\nd\u00e9nou\u00e9e. Elle est prolong\u00e9e par<br \/>\ndeux entretiens passionnants<br \/>\nqui interrogent les \u00ab <em>conditions<br \/>\nd\u2019une radicalit\u00e9 d\u00e9mocratique et<br \/>\n\u00e9mancipatrice<\/em> \u00bb.<\/p>\n","protected":false},"excerpt":{"rendered":"<p>Didier Eribon<\/p>\n","protected":false},"author":570,"featured_media":15599,"comment_status":"open","ping_status":"open","sticky":false,"template":"","format":"standard","meta":{"_themeisle_gutenberg_block_has_review":false,"footnotes":""},"categories":[111],"tags":[392],"class_list":["post-5090","post","type-post","status-publish","format-standard","has-post-thumbnail","hentry","category-nos-selections","tag-essai"],"_links":{"self":[{"href":"https:\/\/archives.regards.fr\/index.php?rest_route=\/wp\/v2\/posts\/5090","targetHints":{"allow":["GET"]}}],"collection":[{"href":"https:\/\/archives.regards.fr\/index.php?rest_route=\/wp\/v2\/posts"}],"about":[{"href":"https:\/\/archives.regards.fr\/index.php?rest_route=\/wp\/v2\/types\/post"}],"author":[{"embeddable":true,"href":"https:\/\/archives.regards.fr\/index.php?rest_route=\/wp\/v2\/users\/570"}],"replies":[{"embeddable":true,"href":"https:\/\/archives.regards.fr\/index.php?rest_route=%2Fwp%2Fv2%2Fcomments&post=5090"}],"version-history":[{"count":0,"href":"https:\/\/archives.regards.fr\/index.php?rest_route=\/wp\/v2\/posts\/5090\/revisions"}],"wp:featuredmedia":[{"embeddable":true,"href":"https:\/\/archives.regards.fr\/index.php?rest_route=\/wp\/v2\/media\/15599"}],"wp:attachment":[{"href":"https:\/\/archives.regards.fr\/index.php?rest_route=%2Fwp%2Fv2%2Fmedia&parent=5090"}],"wp:term":[{"taxonomy":"category","embeddable":true,"href":"https:\/\/archives.regards.fr\/index.php?rest_route=%2Fwp%2Fv2%2Fcategories&post=5090"},{"taxonomy":"post_tag","embeddable":true,"href":"https:\/\/archives.regards.fr\/index.php?rest_route=%2Fwp%2Fv2%2Ftags&post=5090"}],"curies":[{"name":"wp","href":"https:\/\/api.w.org\/{rel}","templated":true}]}}