{"id":5089,"date":"2011-11-19T15:00:00","date_gmt":"2011-11-19T14:00:00","guid":{"rendered":"https:\/\/wp.muchomaas.com\/la-critique-en-serie5089\/"},"modified":"2011-11-19T15:00:00","modified_gmt":"2011-11-19T14:00:00","slug":"la-critique-en-serie5089","status":"publish","type":"post","link":"https:\/\/archives.regards.fr\/?p=5089","title":{"rendered":"La critique en s\u00e9rie"},"content":{"rendered":"<p class=\"post_excerpt\">Collectif<\/p>\n<p><strong>Sept intellectuels fran\u00e7ais se<br \/>\npenchent sur une c\u00e9l\u00e8bre s\u00e9rie<br \/>\nde la cha\u00eene am\u00e9ricaine HBO<\/strong>.<br \/>\nCritique sociale de l\u2019Am\u00e9rique<br \/>\ncontemporaine, <em>The Wire<\/em> (Sur<br \/>\n\u00c9coute) inscrit son action dans<br \/>\nune ville \u00e0 70 % noire, Baltimore.<br \/>\nLe principe du livre est simple :<br \/>\ncinq textes, soit un par saison,<br \/>\nauxquels s\u2019ajoute un \u00ab bonus \u00bb<br \/>\nanalysant la singularit\u00e9 de <em>The<br \/>\nWire<\/em> en tant que s\u00e9rie. Si aux<br \/>\n\u00c9tats-Unis cette fiction r\u00e9aliste<br \/>\na d\u00e9j\u00e0 fait couler beaucoup<br \/>\nd\u2019encre, notamment dans les milieux<br \/>\nuniversitaires, cet ouvrage<br \/>\nest une premi\u00e8re en France. Un<br \/>\nlivre important pour les fans et<br \/>\npour tous ceux qui s\u2019int\u00e9ressent<br \/>\naux nouvelles formes culturelles<br \/>\nde repr\u00e9sentations sociales.<\/p>\n","protected":false},"excerpt":{"rendered":"<p>Collectif<\/p>\n","protected":false},"author":777,"featured_media":15598,"comment_status":"open","ping_status":"open","sticky":false,"template":"","format":"standard","meta":{"_themeisle_gutenberg_block_has_review":false,"footnotes":""},"categories":[111],"tags":[392],"class_list":["post-5089","post","type-post","status-publish","format-standard","has-post-thumbnail","hentry","category-nos-selections","tag-essai"],"_links":{"self":[{"href":"https:\/\/archives.regards.fr\/index.php?rest_route=\/wp\/v2\/posts\/5089","targetHints":{"allow":["GET"]}}],"collection":[{"href":"https:\/\/archives.regards.fr\/index.php?rest_route=\/wp\/v2\/posts"}],"about":[{"href":"https:\/\/archives.regards.fr\/index.php?rest_route=\/wp\/v2\/types\/post"}],"author":[{"embeddable":true,"href":"https:\/\/archives.regards.fr\/index.php?rest_route=\/wp\/v2\/users\/777"}],"replies":[{"embeddable":true,"href":"https:\/\/archives.regards.fr\/index.php?rest_route=%2Fwp%2Fv2%2Fcomments&post=5089"}],"version-history":[{"count":0,"href":"https:\/\/archives.regards.fr\/index.php?rest_route=\/wp\/v2\/posts\/5089\/revisions"}],"wp:featuredmedia":[{"embeddable":true,"href":"https:\/\/archives.regards.fr\/index.php?rest_route=\/wp\/v2\/media\/15598"}],"wp:attachment":[{"href":"https:\/\/archives.regards.fr\/index.php?rest_route=%2Fwp%2Fv2%2Fmedia&parent=5089"}],"wp:term":[{"taxonomy":"category","embeddable":true,"href":"https:\/\/archives.regards.fr\/index.php?rest_route=%2Fwp%2Fv2%2Fcategories&post=5089"},{"taxonomy":"post_tag","embeddable":true,"href":"https:\/\/archives.regards.fr\/index.php?rest_route=%2Fwp%2Fv2%2Ftags&post=5089"}],"curies":[{"name":"wp","href":"https:\/\/api.w.org\/{rel}","templated":true}]}}