{"id":5087,"date":"2011-11-21T10:26:46","date_gmt":"2011-11-21T09:26:46","guid":{"rendered":"https:\/\/wp.muchomaas.com\/la-mue-du-fn5087\/"},"modified":"2011-11-21T10:26:46","modified_gmt":"2011-11-21T09:26:46","slug":"la-mue-du-fn5087","status":"publish","type":"post","link":"https:\/\/archives.regards.fr\/?p=5087","title":{"rendered":"La mue du FN"},"content":{"rendered":"<p class=\"post_excerpt\">Abel Mestre et Caroline Monnot<\/p>\n<p><strong>Le Front national est en train de<br \/>\nconna\u00eetre une nouvelle mue.<\/strong><br \/>\nLe passage de relais du p\u00e8re \u00e0<br \/>\nla fille ne se r\u00e9sume pas \u00e0 une<br \/>\nsimple transmission d\u2019h\u00e9ritage.<br \/>\nCar au m\u00eame titre que Jean-<br \/>\nMarie Le Pen su faire basculer<br \/>\nl\u2019extr\u00eame droite d\u2019un anticommunisme<br \/>\nobsessionnel vers un<br \/>\npopulisme \u00e9lectoral x\u00e9nophobe,<br \/>\nMarine a d\u00e9cid\u00e9 de surfer sur<br \/>\nla peur de l\u2019islam, faisant taire<br \/>\nl\u2019antis\u00e9mitisme \u00ab de papa \u00bb,<br \/>\nmalgr\u00e9 sa persistance dans la<br \/>\nculture du parti. Derri\u00e8re elle,<br \/>\non retrouve une garde disparate<br \/>\nde militants bien d\u00e9cid\u00e9s \u00e0<br \/>\ngagner la bataille des id\u00e9es pour<br \/>\narriver au pouvoir. \u00c0 voir l\u2019\u00e9tat du<br \/>\nd\u00e9bat public en France, leur pari<br \/>\n\u00ab m\u00e9ta politique \u00bb n\u2019est malheureusement<br \/>\npas insens\u00e9.<\/p>\n","protected":false},"excerpt":{"rendered":"<p>Abel Mestre et Caroline Monnot<\/p>\n","protected":false},"author":579,"featured_media":15596,"comment_status":"open","ping_status":"open","sticky":false,"template":"","format":"standard","meta":{"_themeisle_gutenberg_block_has_review":false,"footnotes":""},"categories":[111],"tags":[392],"class_list":["post-5087","post","type-post","status-publish","format-standard","has-post-thumbnail","hentry","category-nos-selections","tag-essai"],"_links":{"self":[{"href":"https:\/\/archives.regards.fr\/index.php?rest_route=\/wp\/v2\/posts\/5087","targetHints":{"allow":["GET"]}}],"collection":[{"href":"https:\/\/archives.regards.fr\/index.php?rest_route=\/wp\/v2\/posts"}],"about":[{"href":"https:\/\/archives.regards.fr\/index.php?rest_route=\/wp\/v2\/types\/post"}],"author":[{"embeddable":true,"href":"https:\/\/archives.regards.fr\/index.php?rest_route=\/wp\/v2\/users\/579"}],"replies":[{"embeddable":true,"href":"https:\/\/archives.regards.fr\/index.php?rest_route=%2Fwp%2Fv2%2Fcomments&post=5087"}],"version-history":[{"count":0,"href":"https:\/\/archives.regards.fr\/index.php?rest_route=\/wp\/v2\/posts\/5087\/revisions"}],"wp:featuredmedia":[{"embeddable":true,"href":"https:\/\/archives.regards.fr\/index.php?rest_route=\/wp\/v2\/media\/15596"}],"wp:attachment":[{"href":"https:\/\/archives.regards.fr\/index.php?rest_route=%2Fwp%2Fv2%2Fmedia&parent=5087"}],"wp:term":[{"taxonomy":"category","embeddable":true,"href":"https:\/\/archives.regards.fr\/index.php?rest_route=%2Fwp%2Fv2%2Fcategories&post=5087"},{"taxonomy":"post_tag","embeddable":true,"href":"https:\/\/archives.regards.fr\/index.php?rest_route=%2Fwp%2Fv2%2Ftags&post=5087"}],"curies":[{"name":"wp","href":"https:\/\/api.w.org\/{rel}","templated":true}]}}