{"id":5086,"date":"2011-11-10T09:34:06","date_gmt":"2011-11-10T08:34:06","guid":{"rendered":"https:\/\/wp.muchomaas.com\/le-point-g-de-la-gauche5086\/"},"modified":"2011-11-10T09:34:06","modified_gmt":"2011-11-10T08:34:06","slug":"le-point-g-de-la-gauche5086","status":"publish","type":"post","link":"https:\/\/archives.regards.fr\/?p=5086","title":{"rendered":"Le point G de la gauche"},"content":{"rendered":"<p class=\"post_excerpt\">Marie-H\u00e9l\u00e8ne Bourcier<\/p>\n<p><strong>Joyeusement foutraque, l\u2019ouvrage<br \/>\nde Marie-H\u00e9l\u00e8ne Bourcier,<br \/>\ntroisi\u00e8me opus de sa s\u00e9rie Queer<br \/>\nZones, d\u00e9fie avec gourmandise<br \/>\ntoutes les r\u00e8gles acad\u00e9miques<\/strong>.<br \/>\nComme dans ses deux livres<br \/>\npr\u00e9c\u00e9dents, le lecteur est invit\u00e9 \u00e0<br \/>\nbutiner parmi les diff\u00e9rentes entr\u00e9es<br \/>\net probl\u00e9matiques. Cette<br \/>\nmise au go\u00fbt queer des \u00e9tudes<br \/>\nculturelles et de genre aborde<br \/>\ndes sujets comme \u00ab<em> l\u2019opium des<br \/>\nconnes : f\u00e9minismes fran\u00e7ais et<br \/>\nmat\u00e9rialisme culturel<\/em> \u00bb, \u00ab <em>comment<br \/>\nla gauche a rat\u00e9 son point<br \/>\nG<\/em> \u00bb, \u00ab <em>les nouvelles technologies<br \/>\ndes transmasculinit\u00e9s<\/em> \u00bb. La<br \/>\nsociologue en profite pour d\u00e9noncer<br \/>\nl\u2019instrumentalisation des<br \/>\nluttes minoritaires et sexuelles \u00e0<br \/>\ntravers \u00ab <em>l\u2019homonationalisme<\/em> \u00bb.<\/p>\n","protected":false},"excerpt":{"rendered":"<p>Marie-H\u00e9l\u00e8ne Bourcier<\/p>\n","protected":false},"author":1,"featured_media":15595,"comment_status":"open","ping_status":"open","sticky":false,"template":"","format":"standard","meta":{"_themeisle_gutenberg_block_has_review":false,"footnotes":""},"categories":[111],"tags":[392],"class_list":["post-5086","post","type-post","status-publish","format-standard","has-post-thumbnail","hentry","category-nos-selections","tag-essai"],"_links":{"self":[{"href":"https:\/\/archives.regards.fr\/index.php?rest_route=\/wp\/v2\/posts\/5086","targetHints":{"allow":["GET"]}}],"collection":[{"href":"https:\/\/archives.regards.fr\/index.php?rest_route=\/wp\/v2\/posts"}],"about":[{"href":"https:\/\/archives.regards.fr\/index.php?rest_route=\/wp\/v2\/types\/post"}],"author":[{"embeddable":true,"href":"https:\/\/archives.regards.fr\/index.php?rest_route=\/wp\/v2\/users\/1"}],"replies":[{"embeddable":true,"href":"https:\/\/archives.regards.fr\/index.php?rest_route=%2Fwp%2Fv2%2Fcomments&post=5086"}],"version-history":[{"count":0,"href":"https:\/\/archives.regards.fr\/index.php?rest_route=\/wp\/v2\/posts\/5086\/revisions"}],"wp:featuredmedia":[{"embeddable":true,"href":"https:\/\/archives.regards.fr\/index.php?rest_route=\/wp\/v2\/media\/15595"}],"wp:attachment":[{"href":"https:\/\/archives.regards.fr\/index.php?rest_route=%2Fwp%2Fv2%2Fmedia&parent=5086"}],"wp:term":[{"taxonomy":"category","embeddable":true,"href":"https:\/\/archives.regards.fr\/index.php?rest_route=%2Fwp%2Fv2%2Fcategories&post=5086"},{"taxonomy":"post_tag","embeddable":true,"href":"https:\/\/archives.regards.fr\/index.php?rest_route=%2Fwp%2Fv2%2Ftags&post=5086"}],"curies":[{"name":"wp","href":"https:\/\/api.w.org\/{rel}","templated":true}]}}