{"id":5085,"date":"2011-11-25T12:00:00","date_gmt":"2011-11-25T11:00:00","guid":{"rendered":"https:\/\/wp.muchomaas.com\/le-mirage-d-une-capitale5085\/"},"modified":"2011-11-25T12:00:00","modified_gmt":"2011-11-25T11:00:00","slug":"le-mirage-d-une-capitale5085","status":"publish","type":"post","link":"https:\/\/archives.regards.fr\/?p=5085","title":{"rendered":"Le mirage d&#8217;une capitale"},"content":{"rendered":"<p class=\"post_excerpt\">Benjamin Barthe<\/p>\n<p><strong>Ramallah. Depuis le coeur des ann\u00e9es 90, ce nom \u00e9voque la capitale d&#8217;un Etat&#8230; inexistant<\/strong>. La ville o\u00f9 Arafat fut assi\u00e9g\u00e9 avant de mourir, celle o\u00f9 les diplomates \u00e9trangers viennent rencontrer les repr\u00e9sentants de l&#8217;Autorit\u00e9 palestinienne. Ces derni\u00e8res ann\u00e9es, elle a acquis, en plus de son statut politique, l&#8217;image d&#8217;une cit\u00e9 affair\u00e9e, vibrionnante, moderne. Incarnant l&#8217;aspiration du Premier ministre Salam Fayyad \u00e0 construire un Etat co\u00fbte que co\u00fbte. Une aspiration qui se nourrit des bons points \u00e9conomiques d\u00e9livr\u00e9s par le FMI et la Banque mondiale. Correspondant du <em>Monde<\/em> pendant presque 10 ans en Cisjordanie, Benjamin Barthe parle de cette capitale-symbole avec empathie mais en mettant le doigt l\u00e0 o\u00f9 \u00e7a fait mal:\u201c<em>la croissance n&#8217;est pas le d\u00e9veloppement et Ramallah n&#8217;est pas la Palestine<\/em>\u201d. Ramallah ou la ville mirage d&#8217;une Palestine toujours introuvable.<\/p>\n","protected":false},"excerpt":{"rendered":"<p>Benjamin Barthe<\/p>\n","protected":false},"author":558,"featured_media":15594,"comment_status":"open","ping_status":"open","sticky":false,"template":"","format":"standard","meta":{"_themeisle_gutenberg_block_has_review":false,"footnotes":""},"categories":[111],"tags":[392],"class_list":["post-5085","post","type-post","status-publish","format-standard","has-post-thumbnail","hentry","category-nos-selections","tag-essai"],"_links":{"self":[{"href":"https:\/\/archives.regards.fr\/index.php?rest_route=\/wp\/v2\/posts\/5085","targetHints":{"allow":["GET"]}}],"collection":[{"href":"https:\/\/archives.regards.fr\/index.php?rest_route=\/wp\/v2\/posts"}],"about":[{"href":"https:\/\/archives.regards.fr\/index.php?rest_route=\/wp\/v2\/types\/post"}],"author":[{"embeddable":true,"href":"https:\/\/archives.regards.fr\/index.php?rest_route=\/wp\/v2\/users\/558"}],"replies":[{"embeddable":true,"href":"https:\/\/archives.regards.fr\/index.php?rest_route=%2Fwp%2Fv2%2Fcomments&post=5085"}],"version-history":[{"count":0,"href":"https:\/\/archives.regards.fr\/index.php?rest_route=\/wp\/v2\/posts\/5085\/revisions"}],"wp:featuredmedia":[{"embeddable":true,"href":"https:\/\/archives.regards.fr\/index.php?rest_route=\/wp\/v2\/media\/15594"}],"wp:attachment":[{"href":"https:\/\/archives.regards.fr\/index.php?rest_route=%2Fwp%2Fv2%2Fmedia&parent=5085"}],"wp:term":[{"taxonomy":"category","embeddable":true,"href":"https:\/\/archives.regards.fr\/index.php?rest_route=%2Fwp%2Fv2%2Fcategories&post=5085"},{"taxonomy":"post_tag","embeddable":true,"href":"https:\/\/archives.regards.fr\/index.php?rest_route=%2Fwp%2Fv2%2Ftags&post=5085"}],"curies":[{"name":"wp","href":"https:\/\/api.w.org\/{rel}","templated":true}]}}