{"id":5082,"date":"2011-11-28T09:00:00","date_gmt":"2011-11-28T08:00:00","guid":{"rendered":"https:\/\/wp.muchomaas.com\/une-societe-pacifiee5082\/"},"modified":"2011-11-28T09:00:00","modified_gmt":"2011-11-28T08:00:00","slug":"une-societe-pacifiee5082","status":"publish","type":"post","link":"https:\/\/archives.regards.fr\/?p=5082","title":{"rendered":"Une soci\u00e9t\u00e9 pacifi\u00e9e"},"content":{"rendered":"<p class=\"post_excerpt\">Laurent Mucchielli<\/p>\n<p><strong>Une \u00e9poque bien tranquille\u2026<\/strong><br \/>\nLes discours politiques et<br \/>\nm\u00e9diatiques, usant d\u2019une rh\u00e9torique<br \/>\n\u00e9motionnelle autour<br \/>\ndu fait divers et de chiffres<br \/>\nauxquels ils font dire ce qu\u2019ils<br \/>\nveulent, laissent entendre que<br \/>\nla violence flambe et que les<br \/>\njeunes et les immigr\u00e9s en sont<br \/>\nles premiers auteurs. C\u2019est une<br \/>\nth\u00e9matique rentable dans une<br \/>\nsoci\u00e9t\u00e9 amn\u00e9sique et vieillissante.<br \/>\nOr \u00ab <em>non seulement les<br \/>\nconnaissances scientifiques<br \/>\ndisponibles ne confirment pas l\u2019id\u00e9e d\u2019une augmentation permanente<br \/>\nde la violence, mais elles la contredisent sur plusieurs plans<br \/>\nd\u00e9cisifs<\/em> \u00bb. Laurent Mucchielli, sociologue sp\u00e9cialis\u00e9 sur les questions<br \/>\nde s\u00e9curit\u00e9, emprunte de nombreux d\u00e9tours historiques et<br \/>\nappuie son argumentaire sur un d\u00e9cryptage serr\u00e9 des statistiques<br \/>\npolici\u00e8res et judiciaires.<\/p>\n<p>Sa d\u00e9marche se veut rigoureuse et pr\u00e9cise. Sur le mod\u00e8le \u00ab Intox\/<br \/>\nD\u00e9sintox \u00bb, l\u2019auteur diss\u00e8que les affirmations et les pr\u00e9jug\u00e9s, d\u00e9joue<br \/>\nles manipulations. \u00ab <em>En 30 ans, la d\u00e9linquance des mineurs a tripl\u00e9.<\/em><br \/>\n\u00bb Ainsi d\u00e9butait l\u2019expos\u00e9 des motifs de la \u00ab <em>proposition de loi visant<br \/>\n\u00e0 mieux responsabiliser les d\u00e9linquants mineurs de plus de 16<br \/>\nans <\/em> \u00bb, d\u00e9pos\u00e9e par Christian Estrosi, le 1er f\u00e9vrier 2011. Les statistiques,<br \/>\nMucchielli les a lues et n\u2019y a pas trouv\u00e9 la m\u00eame chose. \u00ab <em>Les<br \/>\nmineurs condamn\u00e9s pour des crimes ne repr\u00e9sentent que 1 % du<br \/>\ntotal des mineurs condamn\u00e9s.<\/em> \u00bb Puis : \u00ab <em>Il en r\u00e9sulte que 99 % des<br \/>\nmineurs ont \u00e9t\u00e9 condamn\u00e9s pour des actes moins graves. Lesquels<br \/>\n? D\u2019abord, encore et toujours des vols.<\/em> \u00bb Le nombre d\u2019homicides,<br \/>\nlui, a chut\u00e9 de moiti\u00e9 en quinze ans. Quant \u00e0 la part de<br \/>\nd\u00e9linquance des \u00e9trangers dans les statistiques de police, elle \u00ab <em>n\u2019a<br \/>\ncess\u00e9 de diminuer, passant d\u2019environ 14 % des personnes poursuivies<br \/>\n\u00e0 la fin des ann\u00e9es 1970 \u00e0 environ 10 % de nos jours<\/em> \u00bb.<\/p>\n<p>En r\u00e9alit\u00e9, il semble que notre soci\u00e9t\u00e9 supporte de moins en moins<br \/>\nla violence, alors m\u00eame qu\u2019un processus de pacification des moeurs<br \/>\nest \u00e0 l\u2019oeuvre. Le normal est-il devenu intol\u00e9rable ?<\/p>\n","protected":false},"excerpt":{"rendered":"<p>Laurent Mucchielli<\/p>\n","protected":false},"author":573,"featured_media":15592,"comment_status":"open","ping_status":"open","sticky":false,"template":"","format":"standard","meta":{"_themeisle_gutenberg_block_has_review":false,"footnotes":""},"categories":[111],"tags":[392],"class_list":["post-5082","post","type-post","status-publish","format-standard","has-post-thumbnail","hentry","category-nos-selections","tag-essai"],"_links":{"self":[{"href":"https:\/\/archives.regards.fr\/index.php?rest_route=\/wp\/v2\/posts\/5082","targetHints":{"allow":["GET"]}}],"collection":[{"href":"https:\/\/archives.regards.fr\/index.php?rest_route=\/wp\/v2\/posts"}],"about":[{"href":"https:\/\/archives.regards.fr\/index.php?rest_route=\/wp\/v2\/types\/post"}],"author":[{"embeddable":true,"href":"https:\/\/archives.regards.fr\/index.php?rest_route=\/wp\/v2\/users\/573"}],"replies":[{"embeddable":true,"href":"https:\/\/archives.regards.fr\/index.php?rest_route=%2Fwp%2Fv2%2Fcomments&post=5082"}],"version-history":[{"count":0,"href":"https:\/\/archives.regards.fr\/index.php?rest_route=\/wp\/v2\/posts\/5082\/revisions"}],"wp:featuredmedia":[{"embeddable":true,"href":"https:\/\/archives.regards.fr\/index.php?rest_route=\/wp\/v2\/media\/15592"}],"wp:attachment":[{"href":"https:\/\/archives.regards.fr\/index.php?rest_route=%2Fwp%2Fv2%2Fmedia&parent=5082"}],"wp:term":[{"taxonomy":"category","embeddable":true,"href":"https:\/\/archives.regards.fr\/index.php?rest_route=%2Fwp%2Fv2%2Fcategories&post=5082"},{"taxonomy":"post_tag","embeddable":true,"href":"https:\/\/archives.regards.fr\/index.php?rest_route=%2Fwp%2Fv2%2Ftags&post=5082"}],"curies":[{"name":"wp","href":"https:\/\/api.w.org\/{rel}","templated":true}]}}