{"id":5078,"date":"2011-11-04T22:44:47","date_gmt":"2011-11-04T21:44:47","guid":{"rendered":"https:\/\/wp.muchomaas.com\/de-la-survie-a-la-vie5078\/"},"modified":"2023-06-23T23:09:46","modified_gmt":"2023-06-23T21:09:46","slug":"de-la-survie-a-la-vie5078","status":"publish","type":"post","link":"https:\/\/archives.regards.fr\/?p=5078","title":{"rendered":"De la survie\u2026 \u00e0 la vie"},"content":{"rendered":"<p class=\"post_excerpt\">Avant de tourner la page Strauss-Kahn, Tristane Banon sort un<br \/>\nlivre : <em>Le Bal des hypocrites<\/em>. Depuis<br \/>\nle d\u00e9but de l\u2019affaire DSK, Cl\u00e9mentine Autain, co-directrice de <em>Regards<\/em>, ne cesse de d\u00e9noncer le machisme ambiant. Et elle vient, elle aussi, de publier un livre: <em>Un beau jour&#8230; Combattre le viol<\/em>. R\u00e9cit d\u2019une rencontre<br \/>\nqui devait se faire.<\/p>\n<p>Un jour de semaine, je suis invit\u00e9e \u00e0 d\u00e9jeuner<br \/>\nchez Tristane Banon. Je ne la connais pas, enfin<br \/>\npas plus que vous. Je sais ce qu\u2019on en dit. Et \u00e7a<br \/>\nm\u2019\u00e9coeure. En mai dernier, j\u2019ai vu comme des milliers<br \/>\nde Fran\u00e7ais cette vid\u00e9o d\u2019un d\u00eener mondain<br \/>\nanim\u00e9 par Thierry Ardisson. Elle y racontait une<br \/>\ntentative de viol sous les ricanements. C\u2019\u00e9tait<br \/>\nil y a quelques ann\u00e9es, le nom de l\u2019homme en<br \/>\nquestion avait \u00e9t\u00e9 bip\u00e9. La vid\u00e9o est ressortie au<br \/>\nmoment o\u00f9 DSK est arr\u00eat\u00e9 \u00e0 New York : Tristane<br \/>\nBanon parle de lui. Son r\u00e9cit me para\u00eet totalement<br \/>\ncr\u00e9dible. C\u2019est comme une intime conviction,<br \/>\nparce que je ne vois pas l\u2019int\u00e9r\u00eat de raconter<br \/>\nun truc pareil si c\u2019est faux. Se dire victime<br \/>\nd\u2019une agression sexuelle n\u2019est pas une carte de<br \/>\nvisite tr\u00e8s valorisante dans notre soci\u00e9t\u00e9. Aussi<br \/>\ncurieux qu\u2019il ait pu appara\u00eetre, le ton l\u00e9ger qu\u2019elle<br \/>\nadopte dans la vid\u00e9o me para\u00eet juste. Pour ne<br \/>\npas s\u2019\u00e9crouler en pleurant, elle surjoue la l\u00e9g\u00e8ret\u00e9,<br \/>\nelle s\u2019efforce \u00e0 la distance qui la m\u00e8ne \u00e0 la fausset\u00e9. Ce ton est celui d\u2019une<br \/>\nfemme bless\u00e9e, meurtrie, qui<br \/>\nne sait pas comment dire, comment<br \/>\ntrouver l\u2019intonation juste, la<br \/>\nbonne mesure pour raconter ce<br \/>\nqui ne se dit pas.<\/p>\n<p>Me voil\u00e0 donc chez elle, dans<br \/>\nson int\u00e9rieur d\u2019un gris lumineux.<br \/>\nLa jeune femme fluette parle<br \/>\nsans discontinuer. Comme un<br \/>\nflot. Le besoin de se justifier de<br \/>\ntout, de parer \u00e0 toutes les calomnies.<br \/>\nJe comprends l\u2019enfer<br \/>\ndu quotidien, la douleur sourde,<br \/>\net l\u2019envie, malgr\u00e9 tout, d\u2019en<br \/>\nd\u00e9coudre. Ce qui me frappe,<br \/>\nme touche, c\u2019est qu\u2019elle est \u00e0<br \/>\nterre. Tout en \u00e9tant debout :<br \/>\n\u00ab <em>J\u2019en ai marre de passer pour<br \/>\nune d\u00e9s\u00e9quilibr\u00e9e.<\/em> \u00bb Ce qui<br \/>\nest s\u00fbr, c\u2019est qu\u2019elle chemine.<br \/>\nEt rumine : \u00ab <em>Quand DSK a \u00e9t\u00e9<br \/>\nnomm\u00e9 \u00e0 la t\u00eate du FMI, des<br \/>\njournalistes m\u2019ont sollicit\u00e9e. Ils<br \/>\npr\u00e9paraient leur papier anticipant<br \/>\nque, l\u00e0-bas, il allait tomber<br \/>\npour ses frasques sexuelles.<br \/>\nPuis finalement, ils m\u2019ont dit<br \/>\nqu\u2019ils ne feraient rien parce que<br \/>\nje n\u2019avais pas d\u00e9pos\u00e9 plainte.<br \/>\nMais ils auraient d\u00fb enqu\u00eater,<br \/>\ncomme ils le font pour Britney<br \/>\nSpears ! Attendre devant<br \/>\nl\u2019appartement qu\u2019une jeune fille<br \/>\nparte en courant par exemple.<br \/>\nHeureusement que Denis<br \/>\nRobert n\u2019a pas fait pareil pour<br \/>\nClearstream ! Le journalisme<br \/>\nd\u2019investigation, \u00e7a n\u2019existe plus<br \/>\nquand il s\u2019agit de violences<br \/>\nsexuelles. Les \u00e9coutes t\u00e9l\u00e9phoniques<br \/>\nc\u2019est bon pour la corruption,<br \/>\npas pour le viol !<\/em> \u00bb<\/p>\n<h2>Scepticisme<\/h2>\n<p>Elle a la rage. Je la comprends.<br \/>\nCe qui n\u2019est pas le cas de tout<br \/>\nle monde\u2026 M\u00eame \u00e0 la r\u00e9daction<br \/>\nde <em>Regards<\/em>, le scepticisme<br \/>\nest de mise. Pas claire<br \/>\ncette histoire\u2026 Pourquoi a t-<br \/>\nelle accept\u00e9 d\u2019aller dans le<br \/>\nlupanar de DSK ? On tient sa<br \/>\nfaute, son imprudence. Et puis<br \/>\nsa m\u00e8re, elle n\u2019est pas nette<br \/>\nquand m\u00eame\u2026 Quant \u00e0 son<br \/>\navocat, il ne travaillerait pas en<br \/>\nsous-main pour Sarkozy ? Et il<br \/>\npara\u00eet m\u00eame que Banon \u00e9crit<br \/>\nsur un site proche de l\u2019UMP,<br \/>\nAtlantico. C\u2019est dire\u2026 Je lui<br \/>\ndemande, elle s\u2019agace. Normal.<br \/>\nAtlantico ? Elle y a livr\u00e9<br \/>\nquelques papiers sur l\u2019un de<br \/>\nses sujets de pr\u00e9dilection, uniquement<br \/>\npar l\u2019entremise d\u2019un<br \/>\nami d\u2019ami. Elle ne savait pas<br \/>\ntrop qui \u00e9tait derri\u00e8re le site.<br \/>\nLa politique ne semble pas<br \/>\nvraiment son atavisme. Elle<br \/>\npr\u00e9cise quand m\u00eame : \u00ab <em>Social-<br \/>\nd\u00e9mocrate, \u00e7a me plaisait<br \/>\nbien. J\u2019en suis revenue. Maintenant,<br \/>\nj\u2019aimerais une gauche<br \/>\nplus \u00e0 gauche.<\/em> \u00bb On est loin de<br \/>\nl\u2019extr\u00eame droite et \u00e7a se sent,<br \/>\n\u00e7a se voit.<\/p>\n<p>Tristane Banon est brut de d\u00e9coffrage.<br \/>\nComme son livre, <em>Le<br \/>\nbal des hypocrites<\/em>, une sorte<br \/>\nde journal intime de cette p\u00e9riode<br \/>\nouverte par l\u2019affaire DSK<br \/>\net qui a fait basculer sa vie. Elle<br \/>\nraconte son calvaire, sa vie qui<br \/>\nse d\u00e9robe, la traque des journalistes<br \/>\nsans foi ni loi. Tout le<br \/>\nmonde parle pour elle, pense<br \/>\npour elle : elle ne s\u2019appartient<br \/>\nplus. Alors, quand elle prend<br \/>\nla parole, elle se justifie. Sans<br \/>\ncesse. Moi je voudrais qu\u2019elle<br \/>\nse foute de tout ce qu\u2019\u00ab ils \u00bb<br \/>\ndisent. Mais je vois bien que ce<br \/>\nn\u2019est pas possible.<\/p>\n<p>Tristane Banon d\u00e9cide de ne<br \/>\npas se constituer partie civile<br \/>\napr\u00e8s la reconnaissance par le<br \/>\nparquet de l\u2019agression sexuelle<br \/>\nsubie et, dans le m\u00eame temps,<br \/>\nle classement sans suite de sa<br \/>\nplainte pour cause de prescription<br \/>\ndes faits. Son combat, elle<br \/>\npense qu\u2019il doit se poursuivre<br \/>\nsur le terrain politique. La voil\u00e0<br \/>\ncheminant vers le f\u00e9minisme.<br \/>\nUn parcours qui me dit quelque<br \/>\nchose\u2026 L\u00e0, par l\u2019engagement,<br \/>\nil n\u2019y pas que de la survie,<br \/>\nil y a de la vie.<div id='gallery-1' class='gallery galleryid-5078 gallery-columns-3 gallery-size-thumbnail'><figure class='gallery-item'>\n\t\t\t<div class='gallery-icon landscape'>\n\t\t\t\t<a href='https:\/\/archives.regards.fr\/wp-content\/uploads\/2011\/11\/banonb-46b.jpg'><img loading=\"lazy\" decoding=\"async\" width=\"150\" height=\"122\" src=\"https:\/\/archives.regards.fr\/wp-content\/uploads\/2011\/11\/banonb-46b-150x122.jpg\" class=\"attachment-thumbnail size-thumbnail\" alt=\"De la survie\u2026 \u00e0 la vie\" aria-describedby=\"gallery-1-15581\" \/><\/a>\n\t\t\t<\/div>\n\t\t\t\t<figcaption class='wp-caption-text gallery-caption' id='gallery-1-15581'>\n\t\t\t\tDe la survie\u2026 \u00e0 la vie\n\t\t\t\t<\/figcaption><\/figure><figure class='gallery-item'>\n\t\t\t<div class='gallery-icon landscape'>\n\t\t\t\t<a href='https:\/\/archives.regards.fr\/wp-content\/uploads\/2011\/11\/banonc-7bd.jpg'><img loading=\"lazy\" decoding=\"async\" width=\"80\" height=\"55\" src=\"https:\/\/archives.regards.fr\/wp-content\/uploads\/2011\/11\/banonc-7bd.jpg\" class=\"attachment-thumbnail size-thumbnail\" alt=\"De la survie\u2026 \u00e0 la vie\" aria-describedby=\"gallery-1-15582\" \/><\/a>\n\t\t\t<\/div>\n\t\t\t\t<figcaption class='wp-caption-text gallery-caption' id='gallery-1-15582'>\n\t\t\t\tDe la survie\u2026 \u00e0 la vie\n\t\t\t\t<\/figcaption><\/figure>\n\t\t<\/div>\n<\/p>\n","protected":false},"excerpt":{"rendered":"<p>Avant de tourner la page Strauss-Kahn, Tristane Banon sort un<br \/>\nlivre : <em>Le Bal des hypocrites<\/em>. Depuis<br \/>\nle d\u00e9but de l\u2019affaire DSK, Cl\u00e9mentine Autain, co-directrice de <em>Regards<\/em>, ne cesse de d\u00e9noncer le machisme ambiant. Et elle vient, elle aussi, de publier un livre: <em>Un beau jour&#8230; Combattre le viol<\/em>. R\u00e9cit d\u2019une rencontre<br \/>\nqui devait se faire.<\/p>\n","protected":false},"author":570,"featured_media":15581,"comment_status":"open","ping_status":"open","sticky":false,"template":"","format":"standard","meta":{"_themeisle_gutenberg_block_has_review":false,"footnotes":""},"categories":[141],"tags":[306],"class_list":["post-5078","post","type-post","status-publish","format-standard","has-post-thumbnail","hentry","category-archives-web","tag-feminisme"],"_links":{"self":[{"href":"https:\/\/archives.regards.fr\/index.php?rest_route=\/wp\/v2\/posts\/5078","targetHints":{"allow":["GET"]}}],"collection":[{"href":"https:\/\/archives.regards.fr\/index.php?rest_route=\/wp\/v2\/posts"}],"about":[{"href":"https:\/\/archives.regards.fr\/index.php?rest_route=\/wp\/v2\/types\/post"}],"author":[{"embeddable":true,"href":"https:\/\/archives.regards.fr\/index.php?rest_route=\/wp\/v2\/users\/570"}],"replies":[{"embeddable":true,"href":"https:\/\/archives.regards.fr\/index.php?rest_route=%2Fwp%2Fv2%2Fcomments&post=5078"}],"version-history":[{"count":0,"href":"https:\/\/archives.regards.fr\/index.php?rest_route=\/wp\/v2\/posts\/5078\/revisions"}],"wp:featuredmedia":[{"embeddable":true,"href":"https:\/\/archives.regards.fr\/index.php?rest_route=\/wp\/v2\/media\/15581"}],"wp:attachment":[{"href":"https:\/\/archives.regards.fr\/index.php?rest_route=%2Fwp%2Fv2%2Fmedia&parent=5078"}],"wp:term":[{"taxonomy":"category","embeddable":true,"href":"https:\/\/archives.regards.fr\/index.php?rest_route=%2Fwp%2Fv2%2Fcategories&post=5078"},{"taxonomy":"post_tag","embeddable":true,"href":"https:\/\/archives.regards.fr\/index.php?rest_route=%2Fwp%2Fv2%2Ftags&post=5078"}],"curies":[{"name":"wp","href":"https:\/\/api.w.org\/{rel}","templated":true}]}}