{"id":5075,"date":"2011-11-04T22:18:20","date_gmt":"2011-11-04T21:18:20","guid":{"rendered":"https:\/\/wp.muchomaas.com\/au-sommaire-du-numero-15-novembre5075\/"},"modified":"2023-06-24T17:46:31","modified_gmt":"2023-06-24T15:46:31","slug":"au-sommaire-du-numero-15-novembre5075","status":"publish","type":"post","link":"https:\/\/archives.regards.fr\/?p=5075","title":{"rendered":"Au sommaire du num\u00e9ro 15 &#8211; novembre 2011"},"content":{"rendered":"<p>C&#8217;est <strong>Fran\u00e7ois Hollande<\/strong> qui sera le candidat du PS en 2012. Il incarne, para\u00eet-il, le s\u00e9rieux et la raison. Avec tout ce que cela implique de renoncement. <a href=\"https:\/\/wp.muchomaas.com\/politique\/est-ce-bien-raisonnable\"><strong>L&#8217;\u00e9ditorial de Cl\u00e9mentine Autain et Roger Martelli.<\/strong><\/a><\/p>\n<p>Dans <strong>le Bloc-Notes de novembre, on file sur le Net<\/strong>; pour parler d&#8217;<a href=\"https:\/\/wp.muchomaas.com\/societe\/toi-aussi-compte-tes-esclaves\">un site qui compte les esclaves<\/a> du monde entier et d&#8217;un <a href=\"https:\/\/wp.muchomaas.com\/societe\/gueant-is-watching-you\">autre qui comptait les bavures polici\u00e8res<\/a> mais vient de fermer parce que M\u00f4ssieu Gu\u00e9ant pas content. Pas de &#8220;3 questions \u00e0&#8221; ce mois-ci mais en lieu et place, et en quelques lignes, <em>Regards<\/em> assume et vous explique son positionnement apr\u00e8s <strong>l&#8217;engagement de la co-directrice du journal Cl\u00e9mentine Autain dans la campagne du Front de Gauche<\/strong>. <a href=\"https:\/\/wp.muchomaas.com\/politique\/regards-journalisme-et-politique\"><em>Regards<\/em>, un journal honn\u00eate et coh\u00e9rent<\/a> (puisqu&#8217;on vous l&#8217;dit&#8230;).<\/p>\n<p><strong>Dans le poste<\/strong>, ils viennent parfois expliquer qu&#8217;ils sont: f\u00e2ch\u00e9s \u00e0 mort avec leur fr\u00e9rot, t\u00e9moins d&#8217;un accident d&#8217;ovni dans leur grenier, d\u00e9prim\u00e9s depuis 25 ans malgr\u00e9 l&#8217;aspirine, toujours puceaux mais quand m\u00eame \u00e9panouis \u00e0 donf, bref, <a href=\"https:\/\/wp.muchomaas.com\/societe\/vrais-gens-faux-temoignages\">les vrais gens qui font des vrais t\u00e9moignages sur la vraie vie. Voyez? Et ben, en fait, souvent, c&#8217;est du gros bidonnage<\/a>. <strong>On en parle dans le d\u00e9cryptage m\u00e9dias<\/strong>.<\/p>\n<p><strong>L&#8217;Autolib va d\u00e9buter en d\u00e9cembre \u00e0 Paris<\/strong>. <a href=\"https:\/\/wp.muchomaas.com\/societe\/autolib-une-fausse-bonne-idee\">Bonne id\u00e9e \u00e9colo ou forfaiture bobo-d\u00e9mago que la mise \u00e0 disposition de ces voitures \u00e9lectriques?<\/a> <strong>Denis Baupin<\/strong>, \u00e9lu Vert de Paris et <strong>S\u00e9bastien Pietrasanta<\/strong>, maire socialiste d&#8217;Asni\u00e8res-sur-Seine, en d\u00e9battent dans <strong>la Controverse du mois<\/strong>.<\/p>\n<p><strong>Le dossier du mois revient sur le r\u00e9sultat de la primaire socialiste<\/strong>. Ses adversaires l&#8217;ont beaucoup pr\u00e9sent\u00e9 comme un homme &#8220;mou&#8221; et &#8220;frileux&#8221;, <strong>Fran\u00e7ois Hollande<\/strong> serait aussi un &#8220;densificateur de relation&#8221;, un type &#8220;intelligent&#8221; et &#8220;dr\u00f4le&#8221;. <strong>Et, sinon, niveau programme?<\/strong> <a href=\"https:\/\/wp.muchomaas.com\/politique\/francois-hollande-pragmatisme-et\">Portrait politique du candidat socialiste<\/a>. Tr\u00e8s tr\u00e8s  <a href=\"https:\/\/wp.muchomaas.com\/politique\/balle-au-centre\">&#8220;pragmatique&#8221;, <strong>son programme<\/a>, tiendra-t-il la course<\/strong> jusqu&#8217;en mai prochain? Analyse. <a href=\"https:\/\/wp.muchomaas.com\/politique\/ouverture-d-un-espace\"><strong>Quelles alliances<\/strong> le candidat socialiste devra-t-il et pourra-t-il nouer<\/a> et quel en sera le prix? Montebourg, puis Aubry, ont eu la faveur des <strong>militants les plus \u00e0 gauche du Parti socialiste<\/strong>. En bout de route, <a href=\"https:\/\/wp.muchomaas.com\/politique\/comment-etre-socialiste\">une pointe d&#8217;amertume<\/a>.<\/p>\n<p><strong>Les allocataires du RSA vont d\u00e9sormais devoir <a href=\"https:\/\/wp.muchomaas.com\/societe\/rsa-au-turbin-pour-trois-fois-rien\">travailler un peu pour gagner une mis\u00e8re<\/a><\/strong>. C&#8217;est bien dans l&#8217;air du temps et \u00e7a veut probablement mettre un terme &#8220;aux d\u00e9rives de l&#8217;assistanat&#8221; qu&#8217;\u00e9voquait Laurent Wauquiez  en mai dernier au sujet du RSA. Les chercheuses <strong>Dominique M\u00e9da<\/strong> et <strong>Evelyne Serverin<\/strong> nous donnent leur avis.<\/p>\n<p>Merci la crise! Depuis quelques mois, <strong>Merkel, Sarkozy et tous leurs amis sont <a href=\"https:\/\/wp.muchomaas.com\/economie\/la-taxe-tobin-c-est-pour-demain\">pr\u00eats \u00e0 tout pour d\u00e9fendre&#8230; la taxe Tobin<\/a><\/strong>! Qui fut, tout au long des ann\u00e9es 2000, l&#8217;une des revendications embl\u00e9matique du mouvement altermondialiste. <strong>D\u00e9cryptage de ce revirement<\/strong>.<\/p>\n<p><strong>Croissance, &#8220;relocalisation&#8221; de l&#8217;\u00e9conomie, face \u00e0 la crise, \u00e9conomie sociale et solidaire&#8230;<\/strong> A travers quelques th\u00e8mes structurant, <em>Regards<\/em> passe <a href=\"https:\/\/wp.muchomaas.com\/economie\/les-programmes-au-banc-d-essai\">les programmes \u00e9conomiques du PS, d&#8217;EELV et du Front de gauche au banc d&#8217;essai<\/a>. Lesquels sont les plus \u00e0 gauche? Tatata&#8230; Et une analyse: <a href=\"https:\/\/wp.muchomaas.com\/politique\/l-austerite-un-horizon\">l&#8217;aust\u00e9rit\u00e9 est-elle vraiment in\u00e9vitable<\/a>? <\/p>\n<p><strong>Les puissants<\/strong>, les ma\u00eetres et les importants ont-ils encore de bonnes raisons de <a href=\"https:\/\/wp.muchomaas.com\/societe\/justice-des-puissants-une-course-d\"><strong>craindre la justice<\/strong> en France? Entretien avec <strong>Evelyne Sire-Marin<\/strong><\/a>, magistrate.<\/p>\n<p><strong>Les violences faites aux femmes.<\/strong> Si elle est \u00e9lev\u00e9e au rang de discipline scientifique dans certains pays, cette question fait rarement l&#8217;objet de recherche universitaire en France. <a href=\"https:\/\/wp.muchomaas.com\/societe\/penser-les-violences-faites-aux\">Un entretien avec <strong>Christelle Hamel<\/strong><\/a>, chercheuse \u00e0 l&#8217;Institut national d&#8217;\u00e9tudes d\u00e9mographiques. Et r\u00e9cit, \u00e0 la premi\u00e8re personne, de <strong>la <a href=\"https:\/\/wp.muchomaas.com\/societe\/de-la-survie-a-la-vie\">rencontre entre Cl\u00e9mentine Autain et Tristane Banon<\/a><\/strong>.<\/p>\n<p><strong>Le 28 novembre, les citoyens de la R\u00e9publique d\u00e9mocratique du Congo votent<\/strong> pour renouveler leur parlement et d\u00e9signer leur pr\u00e9sident. Le sortant Joseph Kabila est donn\u00e9 favori. Et ce alors que <a href=\"https:\/\/wp.muchomaas.com\/monde\/la-rdc-n-est-pas-sortie-de-la\">le g\u00e9ant d&#8217;Afrique centrale reste prisonnier d&#8217;un syst\u00e8me consistant \u00e0 vivre sur les recettes plus ou moins opaques du secteur minier<\/a>. Entretien avec <strong>Thierry Vircoulon de <em>l&#8217;International crisis group<\/em> <\/strong>. <\/p>\n<p><strong>En Espagne, c&#8217;est le 20 novembre que les \u00e9lecteurs sont appel\u00e9s aux urnes.<\/strong> Les sondages sur les intentions de vote donnent la droite en t\u00eate. Mais <a href=\"https:\/\/wp.muchomaas.com\/monde\/l-espagne-a-l-heure-du\">que pensent les espagnols de l&#8217;\u00e9tat dans lequel se trouve aujourd&#8217;hui leur soci\u00e9t\u00e9? De la crise? De l&#8217;avenir?<\/a> <strong>Une enqu\u00eate sensible sur le d\u00e9senchantement espagnol<\/strong>.<\/p>\n<p><strong>Sixi\u00e8me volet de notre s\u00e9rie en Campagne<\/strong>. Le recensement agricole 2010 dont les premiers enseignements viennent de tomber confirme le lent d\u00e9clin d&#8217;un monde qui reste un pilier historique de la soci\u00e9t\u00e9 fran\u00e7aise. <a href=\"https:\/\/wp.muchomaas.com\/politique\/paysans-et-politiques-des-liens-a\">O\u00f9 en sont les rapports entre les politiques et les paysans?<\/a> <strong>Reportage dans les Alpes de Haute-Provence, autour de Forcalquier<\/strong>.<\/p>\n<p><strong>Chris Harman<\/strong> publie son <em>Histoire populaire de l&#8217;Humanit\u00e9<\/em>. <a href=\"https:\/\/wp.muchomaas.com\/idees\/le-fil-rouge-de-l-histoire\">Une somme pour s&#8217;affuter l&#8217;esprit critique<\/a>. <strong>C&#8217;est la grande Id\u00e9e de novembre<\/strong>.<\/p>\n<p><strong>La rubrique cin\u00e9ma ne pouvait ignorer les sorties de <em>L&#8217;exercice de l&#8217;Etat<\/em> et des <em>marches du pouvoir<\/em> <\/strong>, <a href=\"https:\/\/wp.muchomaas.com\/culture\/corps-politiques\">deux films interrogeant la repr\u00e9sentation de la politique<\/a> \u00e0 travers la mise en sc\u00e8ne d&#8217;hommes de pouvoir.<\/p>\n<p>L&#8217;apparition d&#8217;un certain <strong>Johnny national sur les planches<\/strong> donne \u00e0 la <strong><a href=\"https:\/\/wp.muchomaas.com\/culture\/les-aventures-de-rosa-lo-et-dis\">Cr\u00e9ations de Diane Scott<\/strong> l&#8217;occasion d&#8217;inaugurer un nouveau genre de parole critique<\/a>.<\/p>\n<p><strong><a href=\"https:\/\/wp.muchomaas.com\/societe\/denis-robert-la-fiction-est-le\">Le grand entretien du mois est avec Denis Robert<\/a><\/strong>. Le journaliste, <strong>pourfendeur des d\u00e9rives du capitalisme financier<\/strong>, vient d&#8217;\u00eatre blanchi apr\u00e8s 10 ans de proc\u00e9dure judiciaire. Il revient sur les trajectoires singuli\u00e8res qui sont les siennes, entre engagement, investigation et cr\u00e9ation journalistique. Et \u00e9voque un climat &#8220;<em>pas encore insurrectionnel<\/em>&#8221; mais qui pourrait vite changer.<\/p>\n<p>Ainsi que tous les rendez-vous du mensuel\u00a0: les chroniques de <strong><a href=\"https:\/\/wp.muchomaas.com\/nos-regards\/arnaud-viviant\/le-sens-de-la-gauche-et-l-avenir\">Arnaud Viviant<\/a>, <a href=\"https:\/\/wp.muchomaas.com\/nos-regards\/leila-chaibi\/sauvez-un-arbre-radiez-un-chomeur\">Le\u00efla Chaibi<\/a>, <a href=\"https:\/\/wp.muchomaas.com\/nos-regards\/thomas-bauder\/caramba-encore-rate\">Thomas Bauder<\/a>, <a href=\"https:\/\/wp.muchomaas.com\/societe\/paris-premiere-la-fin-d-une-ere\">Nicolas Kssis<\/a><\/strong>. Et bien entendu, nos <strong>s\u00e9lections essais et culture<\/strong>.<\/p>\n","protected":false},"excerpt":{"rendered":"<p>C&#8217;est Fran\u00e7ois Hollande qui sera le candidat du PS en 2012. Il incarne, para\u00eet-il, le s\u00e9rieux et la raison. Avec tout ce que cela implique de renoncement. L&#8217;\u00e9ditorial de Cl\u00e9mentine Autain et Roger Martelli. Dans le Bloc-Notes de novembre, on file sur le Net; pour parler d&#8217;un site qui compte les esclaves du monde entier [&hellip;]<\/p>\n","protected":false},"author":1,"featured_media":0,"comment_status":"closed","ping_status":"open","sticky":false,"template":"","format":"standard","meta":{"_themeisle_gutenberg_block_has_review":false,"footnotes":""},"categories":[262],"tags":[371],"class_list":["post-5075","post","type-post","status-publish","format-standard","hentry","category-archives","tag-sommaire"],"_links":{"self":[{"href":"https:\/\/archives.regards.fr\/index.php?rest_route=\/wp\/v2\/posts\/5075","targetHints":{"allow":["GET"]}}],"collection":[{"href":"https:\/\/archives.regards.fr\/index.php?rest_route=\/wp\/v2\/posts"}],"about":[{"href":"https:\/\/archives.regards.fr\/index.php?rest_route=\/wp\/v2\/types\/post"}],"author":[{"embeddable":true,"href":"https:\/\/archives.regards.fr\/index.php?rest_route=\/wp\/v2\/users\/1"}],"replies":[{"embeddable":true,"href":"https:\/\/archives.regards.fr\/index.php?rest_route=%2Fwp%2Fv2%2Fcomments&post=5075"}],"version-history":[{"count":0,"href":"https:\/\/archives.regards.fr\/index.php?rest_route=\/wp\/v2\/posts\/5075\/revisions"}],"wp:attachment":[{"href":"https:\/\/archives.regards.fr\/index.php?rest_route=%2Fwp%2Fv2%2Fmedia&parent=5075"}],"wp:term":[{"taxonomy":"category","embeddable":true,"href":"https:\/\/archives.regards.fr\/index.php?rest_route=%2Fwp%2Fv2%2Fcategories&post=5075"},{"taxonomy":"post_tag","embeddable":true,"href":"https:\/\/archives.regards.fr\/index.php?rest_route=%2Fwp%2Fv2%2Ftags&post=5075"}],"curies":[{"name":"wp","href":"https:\/\/api.w.org\/{rel}","templated":true}]}}