{"id":5074,"date":"2011-11-06T22:14:35","date_gmt":"2011-11-06T21:14:35","guid":{"rendered":"https:\/\/wp.muchomaas.com\/est-ce-bien-raisonnable5074\/"},"modified":"2023-06-23T23:09:46","modified_gmt":"2023-06-23T21:09:46","slug":"est-ce-bien-raisonnable5074","status":"publish","type":"post","link":"https:\/\/archives.regards.fr\/?p=5074","title":{"rendered":"Est-ce bien raisonnable ?"},"content":{"rendered":"<p><strong>La primaire socialiste a tranch\u00e9 comme nous l\u2019avions pr\u00e9vu : balle<br \/>\nau centre !<\/strong> Qu\u2019a-t-on voulu nous inculquer pendant quelques semaines,<br \/>\nvoire quelques mois de politisation intense ? Que le PS<br \/>\n\u00e9tait le lieu du rassemblement de toute la gauche et que l\u2019essentiel<br \/>\n\u00e9tait d\u00e9sormais de battre Sarkozy par tous les moyens. Tous<br \/>\nles moyens : donc en attirant une part du centre.<br \/>\nAubry ou Hollande, en tout \u00e9tat de cause, le r\u00e9alisme et le s\u00e9rieux<br \/>\nnous \u00e9taient annonc\u00e9s. On ne fera pas n\u2019importe quoi ; on<br \/>\nne promettra que ce que l\u2019on peut r\u00e9aliser. Sous-entendu : on ne<br \/>\npeut pas tout.<\/p>\n<p>Admettons. Mais faut-il pour autant ne vouloir\u2026 qu\u2019un peu. Si<br \/>\nle \u00ab possible \u00bb, c\u2019est de r\u00e9duire la dette en comprimant les d\u00e9penses<br \/>\nde l\u2019\u00c9tat sans faire payer les circuits financiers responsables<br \/>\nde ladite dette, est-ce bien r\u00e9aliste ? Si le \u00ab r\u00e9alisme \u00bb,<br \/>\nc\u2019est de contourner la difficult\u00e9 en n\u2019affrontant pas le coeur du<br \/>\nsyst\u00e8me ; Si c\u2019est l\u2019attirance pour le court terme du sp\u00e9culatif ou<br \/>\nla conviction que la r\u00e8gle de droit doit c\u00e9der le pas \u00e0 la concurrence,<br \/>\nque la d\u00e9pense sociale est un \u00ab co\u00fbt \u00bb qu\u2019il faut comprimer.<br \/>\nSi le r\u00e9alisme est l\u00e0, est-ce bien raisonnable ?<br \/>\nQuand un syst\u00e8me est \u00e0 ce point bloqu\u00e9, le maintien en l\u2019\u00e9tat<br \/>\nest le pire qui se puisse imaginer. En fait, le r\u00e9alisme est sans<br \/>\ndoute en train de changer de camp. Quand le \u00ab possible \u00bb nous<br \/>\nenfonce dans la crise, c\u2019est \u00ab l\u2019impossible \u00bb d\u2019hier qui devient le<br \/>\nraisonnable de demain.<\/p>\n<p>Cela, personne ne l\u2019a dit durant les primaires, ni Hollande, ni<br \/>\nAubry, ni m\u00eame Montebourg. Il faudra bien chercher ailleurs.<br \/>\nMais pas ailleurs vers le centre, ni ailleurs vers la marge : ailleurs<br \/>\nbien \u00e0 gauche.<br \/>\n<div id='gallery-1' class='gallery galleryid-5074 gallery-columns-3 gallery-size-thumbnail'><figure class='gallery-item'>\n\t\t\t<div class='gallery-icon landscape'>\n\t\t\t\t<a href='https:\/\/archives.regards.fr\/wp-content\/uploads\/2011\/11\/prims-2-4de.jpg'><img loading=\"lazy\" decoding=\"async\" width=\"150\" height=\"150\" src=\"https:\/\/archives.regards.fr\/wp-content\/uploads\/2011\/11\/prims-2-4de-150x150.jpg\" class=\"attachment-thumbnail size-thumbnail\" alt=\"Est-ce bien raisonnable ?\" aria-describedby=\"gallery-1-15572\" \/><\/a>\n\t\t\t<\/div>\n\t\t\t\t<figcaption class='wp-caption-text gallery-caption' id='gallery-1-15572'>\n\t\t\t\tEst-ce bien raisonnable ?\n\t\t\t\t<\/figcaption><\/figure><figure class='gallery-item'>\n\t\t\t<div class='gallery-icon landscape'>\n\t\t\t\t<a href='https:\/\/archives.regards.fr\/wp-content\/uploads\/2011\/11\/primb-2-8c4.jpg'><img loading=\"lazy\" decoding=\"async\" width=\"150\" height=\"122\" src=\"https:\/\/archives.regards.fr\/wp-content\/uploads\/2011\/11\/primb-2-8c4-150x122.jpg\" class=\"attachment-thumbnail size-thumbnail\" alt=\"Est-ce bien raisonnable ?\" aria-describedby=\"gallery-1-15573\" \/><\/a>\n\t\t\t<\/div>\n\t\t\t\t<figcaption class='wp-caption-text gallery-caption' id='gallery-1-15573'>\n\t\t\t\tEst-ce bien raisonnable ?\n\t\t\t\t<\/figcaption><\/figure><figure class='gallery-item'>\n\t\t\t<div class='gallery-icon landscape'>\n\t\t\t\t<a href='https:\/\/archives.regards.fr\/wp-content\/uploads\/2011\/11\/prim-2-dc2.jpg'><img loading=\"lazy\" decoding=\"async\" width=\"150\" height=\"150\" src=\"https:\/\/archives.regards.fr\/wp-content\/uploads\/2011\/11\/prim-2-dc2-150x150.jpg\" class=\"attachment-thumbnail size-thumbnail\" alt=\"prim-2.jpg\" \/><\/a>\n\t\t\t<\/div><\/figure>\n\t\t<\/div>\n<\/p>\n","protected":false},"excerpt":{"rendered":"<p>La primaire socialiste a tranch\u00e9 comme nous l\u2019avions pr\u00e9vu : balle au centre ! Qu\u2019a-t-on voulu nous inculquer pendant quelques semaines, voire quelques mois de politisation intense ? Que le PS \u00e9tait le lieu du rassemblement de toute la gauche et que l\u2019essentiel \u00e9tait d\u00e9sormais de battre Sarkozy par tous les moyens. Tous les moyens [&hellip;]<\/p>\n","protected":false},"author":328,"featured_media":15572,"comment_status":"open","ping_status":"open","sticky":false,"template":"","format":"standard","meta":{"_themeisle_gutenberg_block_has_review":false,"footnotes":""},"categories":[141],"tags":[328,290,295],"class_list":["post-5074","post","type-post","status-publish","format-standard","has-post-thumbnail","hentry","category-archives-web","tag-editorial","tag-elections","tag-nupes"],"_links":{"self":[{"href":"https:\/\/archives.regards.fr\/index.php?rest_route=\/wp\/v2\/posts\/5074","targetHints":{"allow":["GET"]}}],"collection":[{"href":"https:\/\/archives.regards.fr\/index.php?rest_route=\/wp\/v2\/posts"}],"about":[{"href":"https:\/\/archives.regards.fr\/index.php?rest_route=\/wp\/v2\/types\/post"}],"author":[{"embeddable":true,"href":"https:\/\/archives.regards.fr\/index.php?rest_route=\/wp\/v2\/users\/328"}],"replies":[{"embeddable":true,"href":"https:\/\/archives.regards.fr\/index.php?rest_route=%2Fwp%2Fv2%2Fcomments&post=5074"}],"version-history":[{"count":0,"href":"https:\/\/archives.regards.fr\/index.php?rest_route=\/wp\/v2\/posts\/5074\/revisions"}],"wp:featuredmedia":[{"embeddable":true,"href":"https:\/\/archives.regards.fr\/index.php?rest_route=\/wp\/v2\/media\/15572"}],"wp:attachment":[{"href":"https:\/\/archives.regards.fr\/index.php?rest_route=%2Fwp%2Fv2%2Fmedia&parent=5074"}],"wp:term":[{"taxonomy":"category","embeddable":true,"href":"https:\/\/archives.regards.fr\/index.php?rest_route=%2Fwp%2Fv2%2Fcategories&post=5074"},{"taxonomy":"post_tag","embeddable":true,"href":"https:\/\/archives.regards.fr\/index.php?rest_route=%2Fwp%2Fv2%2Ftags&post=5074"}],"curies":[{"name":"wp","href":"https:\/\/api.w.org\/{rel}","templated":true}]}}