{"id":5067,"date":"2011-10-31T10:00:00","date_gmt":"2011-10-31T09:00:00","guid":{"rendered":"https:\/\/wp.muchomaas.com\/11-septembre-2001-banlieue5067\/"},"modified":"2023-06-23T23:09:44","modified_gmt":"2023-06-23T21:09:44","slug":"11-septembre-2001-banlieue5067","status":"publish","type":"post","link":"https:\/\/archives.regards.fr\/?p=5067","title":{"rendered":"11 septembre 2001, banlieue &#038; terrorisme"},"content":{"rendered":"<p class=\"post_excerpt\">\u00c0 Paris, la comm\u00e9moration du 11 Septembre a donn\u00e9 lieu \u00e0 un travail th\u00e9\u00e2tral<br \/>\navec des lyc\u00e9ens de la banlieue. Le spectacle \u00e9meut beaucoup le public.<br \/>\nMalaise et analyse.<\/p>\n<p>Sur le site du Th\u00e9\u00e2tre de la Ville, \u00e9tablissement de<br \/>\nla ville de Paris, le premier spectacle de th\u00e9\u00e2tre<br \/>\nde la saison, pr\u00e9sent\u00e9 les 10 et 11 septembre<br \/>\n2011, est <em>11 septembre 2001<\/em>, pi\u00e8ce de Michel<br \/>\nVinaver \u00e9crite juste apr\u00e8s les attentats du World<br \/>\nTrade Center (WTC). A c\u00f4t\u00e9 des noms de l\u2019auteur, Vinaver, et<br \/>\ndu metteur en sc\u00e8ne, Arnaud Meunier, une photo de jeunes<br \/>\ngens d\u2019origines \u00e9trang\u00e8res avec des sweats \u00e0 cagoule. Voil\u00e0<br \/>\nune association surprenante\u2026 Le terrorisme international et<br \/>\nla jeunesse qu\u2019on dirait de la banlieue fran\u00e7aise. Quel rapport<br \/>\npeut-il bien y avoir entre les deux ? Il me semble bien difficile<br \/>\nde croire, que des gens aussi avis\u00e9s et cens\u00e9ment critiques<br \/>\nquant \u00e0 la <em>doxa<\/em> du moment puissent se laisser aller \u00e0 induire<br \/>\nl\u2019association catastrophique que l\u2019extr\u00eame droite et la x\u00e9nophobie<br \/>\nofficielle ont produite : celle entre l\u2019immigration, la jeunesse<br \/>\ndes banlieues et le terrorisme. Je dois dire que je suis<br \/>\nperplexe. Je d\u00e9cide de mener mon enqu\u00eate.<\/p>\n<h2>2005 et des artistes fran\u00e7ais en Californie<\/h2>\n<p>Une camarade me signale que la revue <em>Ag\u00f4n<\/em>, revue \u00e9lectronique<br \/>\nconsacr\u00e9e au th\u00e9\u00e2tre et li\u00e9e \u00e0 l\u2019\u00c9cole normale sup\u00e9rieure<br \/>\nde Lyon, a consacr\u00e9 un dossier \u00e0 la pi\u00e8ce. J\u2019y traque<br \/>\ndes \u00e9claircissements. C\u2019est une pi\u00e8ce pour partie de th\u00e9\u00e2tre<br \/>\nverbatim, forme du th\u00e9\u00e2tre documentaire d\u00e9velopp\u00e9e surtout<br \/>\ndepuis les ann\u00e9es 1990 dans les pays anglo-saxons. Des<br \/>\nparoles de rescap\u00e9s des tours du WTC, des extraits de discours<br \/>\nde Bush et de Ben Laden,<br \/>\ndes coupures de presse ont servi<br \/>\nde mat\u00e9riel \u00e0 l\u2019\u00e9criture de la pi\u00e8ce et<br \/>\ny figurent parfois textuellement. Le<br \/>\ntexte avait d\u2019abord \u00e9t\u00e9 \u00e9crit en anglais,<br \/>\npuis traduit et publi\u00e9 en 2002<br \/>\nen France (aux \u00e9ditions de L\u2019Arche),<br \/>\nce qui avait \u00e9t\u00e9 per\u00e7u comme une<br \/>\nattention port\u00e9e aux \u00c9tats-Unis,<br \/>\net avait touch\u00e9 les Am\u00e9ricains \u00e0<br \/>\nl\u2019\u00e9poque du premier projet autour<br \/>\ndu texte. Robert Cantarella, metteur<br \/>\nen sc\u00e8ne et ancien directeur<br \/>\nde l\u2019\u00e9tablissement culturel le 104<br \/>\n\u00e0 Paris, avait travaill\u00e9 sur la pi\u00e8ce<br \/>\nen Californie avec des acteurs<br \/>\nam\u00e9ricains en 2005. Un article tr\u00e8s<br \/>\nint\u00e9ressant de Julie Sermon analyse<br \/>\nla pi\u00e8ce <em>11 septembre 2001<\/em><br \/>\net rappelle les vicissitudes du projet<br \/>\nd\u2019alors : trois semaines avant la<br \/>\npremi\u00e8re, l\u2019ambassade de France<br \/>\n\u00e0 Washington s\u2019\u00e9tait d\u00e9sengag\u00e9e<br \/>\nde sa coproduction, refusant de<br \/>\ncautionner un texte qu\u2019elle jugeait<br \/>\nnuisible aux relations franco-am\u00e9ricaines. Un passage pr\u00e9cis du texte de Vinaver cristallisait le<br \/>\nlitige : le croisement de discours de Bush et Ben Laden que<br \/>\nl\u2019\u00e9criture de la pi\u00e8ce renvoie en effet comme dos-\u00e0-dos. Le<br \/>\nspectacle de 2005 faisait donc scandale dans les sph\u00e8res<br \/>\nofficielles. Citons Julie Sermon : \u00ab <em>D\u2019un \u00e9v\u00e9nement dont le<br \/>\n&#8221; choc [avait] \u00e9t\u00e9 inou\u00ef, les r\u00e9verb\u00e9rations aveuglantes &#8220;,<br \/>\nM. Vinaver dit en effet qu\u2019il souhaitait donner une repr\u00e9sentation<br \/>\n&#8220;nue&#8221;, c\u2019est-\u00e0-dire : hors interpr\u00e9tation, hors sensationnel,<br \/>\nsans imagination. Selon l\u2019auteur<\/em>, 11 septembre<br \/>\n2001 <em>est le texte o\u00f9 il a le plus litt\u00e9ralement &#8221; imit\u00e9 &#8221; : les faits<br \/>\npassant l\u2019imagination, il n\u2019y avait rien \u00e0 inventer \u2013 si ce n\u2019est<br \/>\nleur mise en forme. Raconter la journ\u00e9e du 11 septembre<br \/>\n2001 autrement que n\u2019avait pu le faire les m\u00e9dias, c\u2019\u00e9tait<br \/>\nd\u00e9placer le champ des repr\u00e9sentations collectives et, dans<br \/>\ncet espace ouvert, autoriser les langues et les esprits \u00e0 se<br \/>\nd\u00e9lier (des figures impos\u00e9es).<\/em> \u00bb<\/p>\n<h2>2011 et la Seine-Saint-Denis \u00e0 Paris<\/h2>\n<p>Le projet de 2011, mis en oeuvre par Arnaud Meunier, pour<br \/>\nla comm\u00e9moration des 10 ans de l\u2019\u00e9v\u00e9nement, est diff\u00e9rent.<br \/>\nJe me rends \u00e0 la r\u00e9p\u00e9tition g\u00e9n\u00e9rale au Th\u00e9\u00e2tre de la Ville<br \/>\nle 9 septembre pour voir \u00e0 quoi cela va ressembler, et je<br \/>\nlis l\u2019entretien avec le metteur en sc\u00e8ne que la revue publie.<br \/>\nArnaud Meunier y revient \u00e0 plusieurs<br \/>\nreprises sur l\u2019\u00e9tonnement \u2013<br \/>\net le soulagement (\u00ab<em> une surprise<br \/>\nrassurante<\/em> \u00bb) \u2013 que lui procure<br \/>\nl\u2019\u00e9cart entre le fantasme \u2013 \u00ab l\u2019\u00e9quation<br \/>\narabes = musulmans = terroristes<br \/>\n\u00bb &#8211; et la r\u00e9alit\u00e9 \u2013 \u00ab <em>ces lyc\u00e9ens<br \/>\nsont comme le reste de la population<\/em><br \/>\n\u00bb. Est-ce \u00e0 dire que le metteur<br \/>\nen sc\u00e8ne, sans n\u00e9cessairement<br \/>\npartager ce \u00ab fantasme \u00bb, le cr\u00e9ditait<br \/>\nde suffisamment de poids pour<br \/>\nlui accorder ne serait-ce que cette<br \/>\nr\u00e9ponse ? Tr\u00e8s curieusement, dans<br \/>\nce m\u00eame entretien, les lyc\u00e9ens<br \/>\nsont sans cesse identifi\u00e9s \u00e0 leurs<br \/>\norigines, et la qualit\u00e9 de leur travail<br \/>\nest appr\u00e9ci\u00e9e \u00e0 l\u2019aune de leur \u00e9tranget\u00e9<br \/>\n: \u00ab <em>L\u2019\u00e2ge et l\u2019accent malien de<br \/>\nla jeune fille qui joue Katherine<br \/>\nIlachinski donnent des frissons<\/em> \u00bb,<br \/>\n\u00ab <em>on a d\u00e9cid\u00e9 par exemple de donner<br \/>\nle t\u00e9moignage de John Paul DeVito, qui est un texte important et long, \u00e0 un seul jeune, qui<br \/>\ns\u2019appelle Soumail et qui est d\u2019origine mauritanienne. C\u2019est<br \/>\nune responsabilit\u00e9.<\/em> \u00bb Laquelle ? Pourquoi cette insistance sur<br \/>\nles origines \u00e9trang\u00e8res de ces lyc\u00e9ens fran\u00e7ais ? Parce qu\u2019<br \/>\n\u00e0 l\u2019\u00e9vidence le projet th\u00e9\u00e2tral fait sens par rapport \u00e0 \u00e7a. Mais<br \/>\nquel sens ? Mon hypoth\u00e8se est que manifestement le discours<br \/>\nsur ce spectacle peine \u00e0 s\u2019extraire de ce \u00e0 quoi il voudrait<br \/>\nne pas ressembler et s\u2019y englue : le pr\u00e9jug\u00e9 x\u00e9nophobe et<br \/>\nislamophobe. Il semble impossible ici de faire un pas de c\u00f4t\u00e9<br \/>\npar rapport \u00e0 la gangue dans laquelle la repr\u00e9sentation de<br \/>\nces jeunes gens est prise, contre laquelle ce m\u00eame discours<br \/>\ntente de lutter et qui d\u00e9termine ce spectacle. C\u2019est pourquoi<br \/>\nce projet ne cesse de s\u2019\u00e9noncer lui-m\u00eame dans les termes du<br \/>\nfantasme dont il pr\u00e9tend s\u2019\u00e9tonner, sinon qu\u2019il veut d\u00e9noncer.<br \/>\nD\u2019o\u00f9 les images du spectacle qui posent une \u00e9quivalence,<br \/>\nune continuit\u00e9, notamment au niveau des costumes, entre<br \/>\nles terroristes et l\u2019image du jeune de banlieue. Et cette ultime<br \/>\ncitation n\u2019en est-elle pas encore le signe : \u00ab <em>Au final, la moiti\u00e9<br \/>\ndes lyc\u00e9ens qui sont sur le plateau sont de confession musulmane.<br \/>\nC\u2019est tr\u00e8s int\u00e9ressant que le week-end du 11 septembre,<br \/>\npour les dix ans, ces t\u00e9moignages soient port\u00e9s par<br \/>\nde jeunes musulmans : le symbole de fraternit\u00e9 et d\u2019ambition<br \/>\nqu\u2019envoie le spectacle est pour moi tr\u00e8s puissant.<\/em> \u00bb ?<\/p>\n<p>Ce que je comprends est que le spectacle convoque trois<br \/>\n\u00e9l\u00e9ments : le terrorisme, le th\u00e9\u00e2tre et la repr\u00e9sentation de la<br \/>\nbanlieue immigr\u00e9e. L\u2019impossible dans lequel ce projet est pris<br \/>\nest celui de ses coordonn\u00e9es, qui par ailleurs engendre une<br \/>\nforme de tabou critique : il est tr\u00e8s difficile de contester ce<br \/>\nprojet parce qu\u2019il touche \u00e0 la comm\u00e9moration d\u2019un meurtre de<br \/>\nmilliers de gens, mais surtout parce qu\u2019il repose sur un socle<br \/>\nde culpabilit\u00e9 \u00e0 la mesure de ce qu\u2019il affiche de g\u00e9n\u00e9rosit\u00e9.<br \/>\nSon principe \u2013 travailler avec des lyc\u00e9ens de Seine-Saint-<br \/>\nDenis sur le 11 septembre 2001 \u2013 contient d\u00e9j\u00e0 l\u2019id\u00e9e d\u2019une<br \/>\nassociation n\u00e9cessaire entre ces deux \u00e9l\u00e9ments, que seul le<br \/>\ntravail \u00e9mancipateur de la culture serait \u00e0 m\u00eame d\u2019enrayer.<br \/>\nL\u2019insistance des porteurs du projet sur l\u2019\u00e9cart entre le fantasme<br \/>\nx\u00e9nophobe et leur travail cache mal le malaise inh\u00e9rent<br \/>\nau projet m\u00eame, dont ils ne se d\u00e9barrassent<br \/>\npas et que les critiques<br \/>\nbienveillants tentent de sauver (\u00ab<em> la<br \/>\nmise en sc\u00e8ne d\u2019Arnaud Meunier<br \/>\nrecycle volontiers un certain<br \/>\nnombre de st\u00e9r\u00e9otypes pour mieux<br \/>\nles d\u00e9noncer<\/em> \u00bb) [[Marion Boudier, Sylvain Diaz et Barbara<br \/>\nM\u00e9tais-Chastanier, \u00ab Debout au centre<br \/>\ndu d\u00e9sastre \u00bb, revue <em>Ag\u00f4n<\/em>, Hors s\u00e9rie n\u00b01.]].<\/p>\n<p>Mais le projet se fonde bien sur<br \/>\ncette association intellectuellement<br \/>\ninf\u00e2me du terrorisme et de cet autre,<br \/>\ncette construction id\u00e9ologique, le<br \/>\njeune-immigr\u00e9-musulman-non-parisien,<br \/>\ncet autre de l\u2019Occident que<br \/>\nle travail th\u00e9\u00e2tral est cens\u00e9 d\u00e9faire<br \/>\net r\u00e9parer. Ce spectacle est la mise<br \/>\nen sc\u00e8ne de la bonne volont\u00e9, celle<br \/>\nde la jeunesse immigr\u00e9e dont une<br \/>\nbonne\/mauvaise conscience de<br \/>\ngauche tente de lisser l\u2019image apr\u00e8s<br \/>\nles r\u00e9voltes de 2005. Le th\u00e9\u00e2tre<br \/>\nmet de l\u2019ordre dans le d\u00e9sordre, il<br \/>\nest \u00e0 l\u2019acm\u00e9 de cette r\u00e9conciliation<br \/>\npar la culture : le jeune montre patte<br \/>\nblanche \u00e0 la bourgeoisie parisienne,<br \/>\nle coeur g\u00e9ographique et symbolique<br \/>\nde la capitale accueille avec magnanimit\u00e9<br \/>\nle \u00ab 9.3 \u00bb et ses jeunes cagoul\u00e9s<br \/>\nqui, par l\u2019exercice, font amende<br \/>\nhonorable \u2013 et on insiste bien sur<br \/>\nle fait qu\u2019ils ne sont pas des professionnels,<br \/>\nque leur fragilit\u00e9 \u00e9meut<br \/>\n(berk). Est-ce que cet attendrissement<br \/>\npaternaliste n\u2019est pas l\u2019\u00e9quivalent<br \/>\nexact auquel nous, concepteurs<br \/>\net spectateurs, sommes accul\u00e9s, \u00e0<br \/>\nsavoir l\u2019expression apparemment<br \/>\npositive de la x\u00e9nophobie et du<br \/>\nracisme social qui conditionne<br \/>\nle projet ?<br \/>\n<div id='gallery-1' class='gallery galleryid-5067 gallery-columns-3 gallery-size-thumbnail'><figure class='gallery-item'>\n\t\t\t<div class='gallery-icon landscape'>\n\t\t\t\t<a href='https:\/\/archives.regards.fr\/wp-content\/uploads\/2011\/10\/septs-bee.jpg'><img loading=\"lazy\" decoding=\"async\" width=\"150\" height=\"150\" src=\"https:\/\/archives.regards.fr\/wp-content\/uploads\/2011\/10\/septs-bee-150x150.jpg\" class=\"attachment-thumbnail size-thumbnail\" alt=\"11 septembre 2001, banlieue &amp; terrorisme\" aria-describedby=\"gallery-1-15551\" \/><\/a>\n\t\t\t<\/div>\n\t\t\t\t<figcaption class='wp-caption-text gallery-caption' id='gallery-1-15551'>\n\t\t\t\t11 septembre 2001, banlieue &#038; terrorisme\n\t\t\t\t<\/figcaption><\/figure><figure class='gallery-item'>\n\t\t\t<div class='gallery-icon landscape'>\n\t\t\t\t<a href='https:\/\/archives.regards.fr\/wp-content\/uploads\/2011\/10\/septc-de0.jpg'><img loading=\"lazy\" decoding=\"async\" width=\"80\" height=\"55\" src=\"https:\/\/archives.regards.fr\/wp-content\/uploads\/2011\/10\/septc-de0.jpg\" class=\"attachment-thumbnail size-thumbnail\" alt=\"11 septembre 2001, banlieue &amp; terrorisme\" aria-describedby=\"gallery-1-15552\" \/><\/a>\n\t\t\t<\/div>\n\t\t\t\t<figcaption class='wp-caption-text gallery-caption' id='gallery-1-15552'>\n\t\t\t\t11 septembre 2001, banlieue &#038; terrorisme\n\t\t\t\t<\/figcaption><\/figure>\n\t\t<\/div>\n<\/p>\n","protected":false},"excerpt":{"rendered":"<p>\u00c0 Paris, la comm\u00e9moration du 11 Septembre a donn\u00e9 lieu \u00e0 un travail th\u00e9\u00e2tral<br \/>\navec des lyc\u00e9ens de la banlieue. Le spectacle \u00e9meut beaucoup le public.<br \/>\nMalaise et analyse.<\/p>\n","protected":false},"author":532,"featured_media":15551,"comment_status":"open","ping_status":"open","sticky":false,"template":"","format":"standard","meta":{"_themeisle_gutenberg_block_has_review":false,"footnotes":""},"categories":[141],"tags":[405],"class_list":["post-5067","post","type-post","status-publish","format-standard","has-post-thumbnail","hentry","category-archives-web","tag-theatre"],"_links":{"self":[{"href":"https:\/\/archives.regards.fr\/index.php?rest_route=\/wp\/v2\/posts\/5067","targetHints":{"allow":["GET"]}}],"collection":[{"href":"https:\/\/archives.regards.fr\/index.php?rest_route=\/wp\/v2\/posts"}],"about":[{"href":"https:\/\/archives.regards.fr\/index.php?rest_route=\/wp\/v2\/types\/post"}],"author":[{"embeddable":true,"href":"https:\/\/archives.regards.fr\/index.php?rest_route=\/wp\/v2\/users\/532"}],"replies":[{"embeddable":true,"href":"https:\/\/archives.regards.fr\/index.php?rest_route=%2Fwp%2Fv2%2Fcomments&post=5067"}],"version-history":[{"count":0,"href":"https:\/\/archives.regards.fr\/index.php?rest_route=\/wp\/v2\/posts\/5067\/revisions"}],"wp:featuredmedia":[{"embeddable":true,"href":"https:\/\/archives.regards.fr\/index.php?rest_route=\/wp\/v2\/media\/15551"}],"wp:attachment":[{"href":"https:\/\/archives.regards.fr\/index.php?rest_route=%2Fwp%2Fv2%2Fmedia&parent=5067"}],"wp:term":[{"taxonomy":"category","embeddable":true,"href":"https:\/\/archives.regards.fr\/index.php?rest_route=%2Fwp%2Fv2%2Fcategories&post=5067"},{"taxonomy":"post_tag","embeddable":true,"href":"https:\/\/archives.regards.fr\/index.php?rest_route=%2Fwp%2Fv2%2Ftags&post=5067"}],"curies":[{"name":"wp","href":"https:\/\/api.w.org\/{rel}","templated":true}]}}