{"id":5040,"date":"2011-10-09T14:30:00","date_gmt":"2011-10-09T12:30:00","guid":{"rendered":"https:\/\/wp.muchomaas.com\/une-tendance-certaine5040\/"},"modified":"2023-06-23T23:09:31","modified_gmt":"2023-06-23T21:09:31","slug":"une-tendance-certaine5040","status":"publish","type":"post","link":"https:\/\/archives.regards.fr\/?p=5040","title":{"rendered":"Une tendance certaine"},"content":{"rendered":"<p class=\"post_excerpt\">Imaginons que par<br \/>\namour pour Lang,<br \/>\nMurnau, Vidor, un r\u00e9alisateur<br \/>\nFran\u00e7ais vivant<br \/>\nen 2011 se d\u00e9cide \u00e0<br \/>\ntourner un film \u00e0 la mani\u00e8re des<br \/>\ngrands anciens qui officiaient<br \/>\navant que le parlant ne fasse<br \/>\nirruption \u00e0 l\u2019\u00e9cran. Un film en<br \/>\nnoir et blanc, donc, et muet de<br \/>\nsurcro\u00eet. Cadrages, \u00e9clairages,<br \/>\nd\u00e9cors et costumes, jusqu\u2019au<br \/>\nsujet du destin crois\u00e9 de deux<br \/>\nprotagonistes, tout y serait, fid\u00e8lement,<br \/>\namoureusement, religieusement<br \/>\nm\u00eame, reproduit\u2026<br \/>\nCe film existe. Il a un titre, <em>The<br \/>\nArtist<\/em>.<\/p>\n<p>Imaginons maintenant que par<br \/>\namour pour Manet, Degas, Pissaro,<br \/>\nou Renoir p\u00e8re, un peintre,<br \/>\nde nos jours, se d\u00e9cide \u00e0 composer<br \/>\nun tableau \u00e0 la mani\u00e8re<br \/>\nimpressionniste : format, sujets,<br \/>\ncouleurs, soleil levant, touche<br \/>\net technique, tout jusqu\u2019au costume<br \/>\nd\u2019\u00e9poque y serait ici aussi<br \/>\nfid\u00e8lement reproduit. Dans le<br \/>\nmeilleur des cas on parlerait<br \/>\nd\u2019une toile \u00ab \u00e0 la mani\u00e8re de \u00bb,<br \/>\ndans le pire, d\u2019une copie, voire<br \/>\nd\u2019un \u00ab faux \u00bb de la pire esp\u00e8ce.<br \/>\nMais dans le monde du cin\u00e9ma,<br \/>\nqui par ailleurs est aussi une<br \/>\nindustrie, cette \u00e9vidence de<br \/>\nl\u2019art ne saurait limiter les pr\u00e9tentions<br \/>\nde quelques-uns. Ainsi,<br \/>\n<em>The Artist<\/em> a non seulement \u00e9t\u00e9<br \/>\nprojet\u00e9 en s\u00e9lection officielle \u00e0<br \/>\nCannes, mais encore il y a re\u00e7u<br \/>\nses palmes acad\u00e9miques, ironiquement<br \/>\nnon pour sa mise en<br \/>\nsc\u00e8ne \u00ab copies conformes \u00bb aux<br \/>\noriginaux [[<em>Singin\u2019in the Rain<\/em> de Donen,<em> A<br \/>\nStar is Born<\/em> de Cukor, <em>Sunset Boulevard<\/em><br \/>\nde Wilder, <em>La Foule<\/em> de Vidor,<br \/>\n<em>L\u2019Aurore<\/em> de Murnau\u2026]], mais pour l\u2019interpr\u00e9tation<br \/>\nde son acteur principal,<br \/>\nJean Dujardin ! Entendons-nous<br \/>\nbien, il n\u2019est pas question ici de<br \/>\nd\u00e9nigrer les plaisirs f\u00e9tichistes<br \/>\nd\u2019un film en noir et blanc [[Un \u00ab faux \u00bb noir et blanc puisque la<br \/>\npellicule utilis\u00e9e \u00e9tait couleur.]], non<br \/>\nparlant et tr\u00e8s (trop ?) largement<br \/>\nmusical [[Avant <em>Hazanavicius<\/em>, les vrais f\u00e9tichistes<br \/>\ndu genre penseront \u00e0 voir ou<br \/>\nrevoir <em>Juha<\/em> de Kaurismaki, ainsi que<br \/>\nla plupart des films de Guy Maddin.]], mais de mettre<br \/>\nl\u2019accent sur une tendance certaine<br \/>\nd\u2019un cin\u00e9ma fran\u00e7ais, qui<br \/>\nconsiste \u00e0 regarder tant et plus<br \/>\ndans le r\u00e9troviseur. Un cin\u00e9ma<br \/>\nmalheureusement pas \u00e0 bout<br \/>\nde souffle.<\/p>\n<p>On s\u2019effraie ainsi de constater<br \/>\nl\u2019extension du domaine du<br \/>\nchromo, qui, depuis quelque<br \/>\ntemps, des <em>Choristes<\/em> au <em>Petit<br \/>\nNicolas<\/em>, en passant par l\u2019in\u00e9vitable<br \/>\ndouble <em>Guerre des boutons<\/em>,<br \/>\nnous inflige la vision de sa<br \/>\nfriperie en tricots de peau, b\u00e9rets,<br \/>\nchandails, blouses grises<br \/>\net godillots, \u00e0 tel point qu\u2019on<br \/>\nse demande de quoi cette pulsion<br \/>\nvintage est le nom ? C\u2019est<br \/>\ndu si\u00e8cle dernier, c\u2019est-\u00e0-dire<br \/>\n1991, dans le post-scriptum<br \/>\nd\u2019un article au vitriol contre <em>Uranus<\/em><br \/>\nde Claude Berri, qu\u2019on d\u00e9nichera<br \/>\nnotre hypoth\u00e8se avec<br \/>\nce trait, sign\u00e9 Serge Daney, \u00e0<br \/>\npropos des <em>Enfants du Paradis<\/em><br \/>\nde Carn\u00e9 : \u00ab <em>[Ce] n\u2019est certes<br \/>\npas un mauvais film, c\u2019est seulement<br \/>\nce qu\u2019un pays occup\u00e9<br \/>\npeut produire de mieux, avec sa<br \/>\nfuite vers le d\u00e9cor, vers le pass\u00e9,<br \/>\nvers la galerie d\u2019acteurs et<br \/>\nles \u201cbeaux m\u00e9tiers du cin\u00e9ma\u201d<\/em> \u00bb<br \/>\nSuivre Daney versus Berri<br \/>\nhier, contrer ses h\u00e9ritiers aujourd\u2019hui,<br \/>\nc\u2019est oser penser que<br \/>\n\u00ab <em>le pass\u00e9, les beaux m\u00e9tiers<br \/>\ndu cin\u00e9ma, etc. <\/em> \u00bb, dans lesquels<br \/>\non patauge actuellement<br \/>\nsont le signe que, oui, le pays<br \/>\nest encore (?) une fois occup\u00e9.<br \/>\nPar qui, par quoi ? Peut-\u00eatre<br \/>\nles diktats \u00e9conomiques, politiques,<br \/>\nid\u00e9ologiques, culturels<br \/>\nou esth\u00e9tiques dans l\u2019air, parfois<br \/>\nrance, du temps ?<\/p>\n<p>Le probl\u00e8me, c\u2019est qu\u2019en<br \/>\nm\u00eame temps qu\u2019il fait fausse<br \/>\nroute dans le r\u00e9tro, ce cin\u00e9ma peut avoir raison par avance.<br \/>\nEn 2001, un autre Serge, Kaganski,<br \/>\nvitup\u00e9rait contre <em>Am\u00e9lie<br \/>\nPoulain<\/em>, film accus\u00e9 de donner<br \/>\n\u00e0 voir une vision de la rue Lepic<br \/>\net de Montmartre, ripolin\u00e9e,<br \/>\nethniquement \u00e9pur\u00e9e, \u00ab lep\u00e9nis\u00e9e<br \/>\n\u00bb. Un scandale et une<br \/>\nd\u00e9cennie plus tard, force est<br \/>\nde constater que dans ce quartier-<br \/>\nl\u00e0, le r\u00e9el a rejoint le d\u00e9cor<br \/>\nd\u2019<em>Am\u00e9lie Poulain<\/em>. On tremble<br \/>\nalors \u00e0 l\u2019id\u00e9e de voir revenir le<br \/>\nma\u00eetre d\u2019\u00e9cole anti \u00ab th\u00e9ories<br \/>\ndu genre \u00bb, ou se poursuivre <em>ad<br \/>\nnauseam<\/em> les fausses guerres<br \/>\nentre \u00ab socialongevernes \u00bb et<br \/>\n\u00ab velrump \u00bb, et pour tous les<br \/>\njet\u00e9s-\u00e0-la-rue-du-jour-au-lendemain<br \/>\nde n\u2019avoir d\u2019autre solution<br \/>\nque d\u2019apprendre un num\u00e9ro de<br \/>\nclaquettes fissa, pour ne pas<br \/>\ncrever la gueule ouverte.<br \/>\n<div id='gallery-1' class='gallery galleryid-5040 gallery-columns-3 gallery-size-thumbnail'><figure class='gallery-item'>\n\t\t\t<div class='gallery-icon landscape'>\n\t\t\t\t<a href='https:\/\/archives.regards.fr\/wp-content\/uploads\/2011\/10\/bauders-2-5ae.jpg'><img loading=\"lazy\" decoding=\"async\" width=\"150\" height=\"150\" src=\"https:\/\/archives.regards.fr\/wp-content\/uploads\/2011\/10\/bauders-2-5ae-150x150.jpg\" class=\"attachment-thumbnail size-thumbnail\" alt=\"Une tendance certaine\" aria-describedby=\"gallery-1-15474\" \/><\/a>\n\t\t\t<\/div>\n\t\t\t\t<figcaption class='wp-caption-text gallery-caption' id='gallery-1-15474'>\n\t\t\t\tUne tendance certaine\n\t\t\t\t<\/figcaption><\/figure><figure class='gallery-item'>\n\t\t\t<div class='gallery-icon landscape'>\n\t\t\t\t<a href='https:\/\/archives.regards.fr\/wp-content\/uploads\/2011\/10\/bauderc-2-3d3.jpg'><img loading=\"lazy\" decoding=\"async\" width=\"80\" height=\"55\" src=\"https:\/\/archives.regards.fr\/wp-content\/uploads\/2011\/10\/bauderc-2-3d3.jpg\" class=\"attachment-thumbnail size-thumbnail\" alt=\"Une tendance certaine\" aria-describedby=\"gallery-1-15475\" \/><\/a>\n\t\t\t<\/div>\n\t\t\t\t<figcaption class='wp-caption-text gallery-caption' id='gallery-1-15475'>\n\t\t\t\tUne tendance certaine\n\t\t\t\t<\/figcaption><\/figure><figure class='gallery-item'>\n\t\t\t<div class='gallery-icon landscape'>\n\t\t\t\t<a href='https:\/\/archives.regards.fr\/wp-content\/uploads\/2011\/10\/bauder-2-666.jpg'><img loading=\"lazy\" decoding=\"async\" width=\"150\" height=\"150\" src=\"https:\/\/archives.regards.fr\/wp-content\/uploads\/2011\/10\/bauder-2-666-150x150.jpg\" class=\"attachment-thumbnail size-thumbnail\" alt=\"bauder-2.jpg\" \/><\/a>\n\t\t\t<\/div><\/figure>\n\t\t<\/div>\n<\/p>\n","protected":false},"excerpt":{"rendered":"<p>Imaginons que par<br \/>\namour pour Lang,<br \/>\nMurnau, Vidor, un r\u00e9alisateur<br \/>\nFran\u00e7ais vivant<br \/>\nen 2011 se d\u00e9cide \u00e0<br \/>\ntourner un film \u00e0 la mani\u00e8re des<br \/>\ngrands anciens qui officiaient<br \/>\navant que le parlant ne fasse<br \/>\nirruption \u00e0 l\u2019\u00e9cran. Un film en<br \/>\nnoir et blanc, donc, et muet de<br \/>\nsurcro\u00eet. Cadrages, \u00e9clairages,<br \/>\nd\u00e9cors et costumes, jusqu\u2019au<br \/>\nsujet du destin crois\u00e9 de deux<br \/>\nprotagonistes, tout y serait, fid\u00e8lement,<br \/>\namoureusement, religieusement<br \/>\nm\u00eame, reproduit\u2026<br \/>\nCe film existe. Il a un titre, <em>The<br \/>\nArtist<\/em>.<\/p>\n","protected":false},"author":1,"featured_media":15474,"comment_status":"open","ping_status":"open","sticky":false,"template":"","format":"standard","meta":{"_themeisle_gutenberg_block_has_review":false,"footnotes":""},"categories":[1],"tags":[357,299],"class_list":["post-5040","post","type-post","status-publish","format-standard","has-post-thumbnail","hentry","category-non-classe","tag-chronique","tag-cinema"],"_links":{"self":[{"href":"https:\/\/archives.regards.fr\/index.php?rest_route=\/wp\/v2\/posts\/5040","targetHints":{"allow":["GET"]}}],"collection":[{"href":"https:\/\/archives.regards.fr\/index.php?rest_route=\/wp\/v2\/posts"}],"about":[{"href":"https:\/\/archives.regards.fr\/index.php?rest_route=\/wp\/v2\/types\/post"}],"author":[{"embeddable":true,"href":"https:\/\/archives.regards.fr\/index.php?rest_route=\/wp\/v2\/users\/1"}],"replies":[{"embeddable":true,"href":"https:\/\/archives.regards.fr\/index.php?rest_route=%2Fwp%2Fv2%2Fcomments&post=5040"}],"version-history":[{"count":0,"href":"https:\/\/archives.regards.fr\/index.php?rest_route=\/wp\/v2\/posts\/5040\/revisions"}],"wp:featuredmedia":[{"embeddable":true,"href":"https:\/\/archives.regards.fr\/index.php?rest_route=\/wp\/v2\/media\/15474"}],"wp:attachment":[{"href":"https:\/\/archives.regards.fr\/index.php?rest_route=%2Fwp%2Fv2%2Fmedia&parent=5040"}],"wp:term":[{"taxonomy":"category","embeddable":true,"href":"https:\/\/archives.regards.fr\/index.php?rest_route=%2Fwp%2Fv2%2Fcategories&post=5040"},{"taxonomy":"post_tag","embeddable":true,"href":"https:\/\/archives.regards.fr\/index.php?rest_route=%2Fwp%2Fv2%2Ftags&post=5040"}],"curies":[{"name":"wp","href":"https:\/\/api.w.org\/{rel}","templated":true}]}}