{"id":5037,"date":"2011-10-29T09:00:00","date_gmt":"2011-10-29T07:00:00","guid":{"rendered":"https:\/\/wp.muchomaas.com\/forever-outsiders5037\/"},"modified":"2011-10-29T09:00:00","modified_gmt":"2011-10-29T07:00:00","slug":"forever-outsiders5037","status":"publish","type":"post","link":"https:\/\/archives.regards.fr\/?p=5037","title":{"rendered":"Forever outsiders"},"content":{"rendered":"<p class=\"post_excerpt\">HEY ! Modern Art et pop culture<\/p>\n<p><strong>Si Anne et Julien, les commissaires de l\u2019exposition <em>HEY ! Modern Art et pop culture<\/em>, ont choisi de faire se c\u00f4toyer des artistes d\u2019art brut et singulier et des artistes de pop culture, c\u2019est parce que cette rencontre \u00e9tait in\u00e9vitable<\/strong>. Se refusant \u00e0 verser dans l\u2019\u00e9litisme, tous s\u2019opposent \u00e0 la notion d\u2019avant-garde. Leur art \u00ab <em>ne vient pas coucher dans les lits qu\u2019on a faits pour lui ; il se sauve aussit\u00f4t qu\u2019on prononce son nom<\/em> \u00bb, comme l\u2019indiquait Dubuffet.<\/p>\n<p>Des couleurs criardes, des poup\u00e9es d\u00e9glingu\u00e9es, du sang, des visc\u00e8res, des motifs surcharg\u00e9s, du kitsch, de l\u2019\u00e9rotisme et de la vulgarit\u00e9. Voil\u00e0 qui traverse les oeuvres de nombreux artistes issus des contre-cultures. Pour autant, par-del\u00e0 ces motifs communs, cette expo ne laisse pas indemne. De nombreuses pi\u00e8ces d\u00e9stabilisent des structures intimes bien ancr\u00e9es, sans doute parce qu\u2019elles donnent \u00e0 voir l\u2019autre c\u00f4t\u00e9 du miroir, \u00e0 travers le geste cr\u00e9ateur de pensionnaires d\u2019h\u00f4pitaux psychiatriques, d\u2019autodidactes tr\u00e8s isol\u00e9s ou d\u2019artistes aux choix de vie radicaux.<\/p>\n<p>La force des commissaires de l\u2019expo n\u2019est pas seulement d\u2019avoir sorti Jean-Luc Navette de son atelier de tatouages lyonnais, ni d\u2019exposer Henry J. Darper, artiste am\u00e9ricain \u00e9chapp\u00e9 d\u2019un asile pour enfants attard\u00e9s dont l\u2019ampleur de l\u2019oeuvre n\u2019a \u00e9t\u00e9 d\u00e9couverte qu\u2019\u00e0 sa mort. C\u2019est aussi d\u2019acter la vivacit\u00e9 de tout un monde sousjacent : DJ, \u00e9diteurs, tatoueurs, bd\u00e9astes, musiciens exp\u00e9rimentaux, plasticiens, commissaires d\u2019expo, cr\u00e9ateurs de fringues, inventeurs de jouets, collectionneurs, s\u00e9rigraphistes\u2026 La soixantaine d\u2019artistes internationaux r\u00e9unis \u00e0 la Halle Saint-Pierre contribue \u00e0 former un cabinet de curiosit\u00e9 du XXIe si\u00e8cle. Pendant six mois, ils ouvrent un espace tenace et r\u00e9sistant.<\/p>\n","protected":false},"excerpt":{"rendered":"<p>HEY ! Modern Art et pop culture<\/p>\n","protected":false},"author":1,"featured_media":15466,"comment_status":"open","ping_status":"open","sticky":false,"template":"","format":"standard","meta":{"_themeisle_gutenberg_block_has_review":false,"footnotes":""},"categories":[111],"tags":[393],"class_list":["post-5037","post","type-post","status-publish","format-standard","has-post-thumbnail","hentry","category-nos-selections","tag-expo"],"_links":{"self":[{"href":"https:\/\/archives.regards.fr\/index.php?rest_route=\/wp\/v2\/posts\/5037","targetHints":{"allow":["GET"]}}],"collection":[{"href":"https:\/\/archives.regards.fr\/index.php?rest_route=\/wp\/v2\/posts"}],"about":[{"href":"https:\/\/archives.regards.fr\/index.php?rest_route=\/wp\/v2\/types\/post"}],"author":[{"embeddable":true,"href":"https:\/\/archives.regards.fr\/index.php?rest_route=\/wp\/v2\/users\/1"}],"replies":[{"embeddable":true,"href":"https:\/\/archives.regards.fr\/index.php?rest_route=%2Fwp%2Fv2%2Fcomments&post=5037"}],"version-history":[{"count":0,"href":"https:\/\/archives.regards.fr\/index.php?rest_route=\/wp\/v2\/posts\/5037\/revisions"}],"wp:featuredmedia":[{"embeddable":true,"href":"https:\/\/archives.regards.fr\/index.php?rest_route=\/wp\/v2\/media\/15466"}],"wp:attachment":[{"href":"https:\/\/archives.regards.fr\/index.php?rest_route=%2Fwp%2Fv2%2Fmedia&parent=5037"}],"wp:term":[{"taxonomy":"category","embeddable":true,"href":"https:\/\/archives.regards.fr\/index.php?rest_route=%2Fwp%2Fv2%2Fcategories&post=5037"},{"taxonomy":"post_tag","embeddable":true,"href":"https:\/\/archives.regards.fr\/index.php?rest_route=%2Fwp%2Fv2%2Ftags&post=5037"}],"curies":[{"name":"wp","href":"https:\/\/api.w.org\/{rel}","templated":true}]}}