{"id":5035,"date":"2011-10-27T09:00:00","date_gmt":"2011-10-27T07:00:00","guid":{"rendered":"https:\/\/wp.muchomaas.com\/l-universite-en-questions5035\/"},"modified":"2011-10-27T09:00:00","modified_gmt":"2011-10-27T07:00:00","slug":"l-universite-en-questions5035","status":"publish","type":"post","link":"https:\/\/archives.regards.fr\/?p=5035","title":{"rendered":"L\u2019universit\u00e9 en questions"},"content":{"rendered":"<p class=\"post_excerpt\">Pierre Macherey <\/p>\n<p><strong>Pierre Macherey se pla\u00eet \u00e0<br \/>\nprendre le contre-pied des d\u00e9fenses<br \/>\nhabituelles de l\u2019universit\u00e9,<br \/>\naujourd\u2019hui remise en cause sur<br \/>\ntous les fronts.<\/strong> \u00ab <em>C\u2019est sa r\u00e9alit\u00e9<br \/>\nm\u00eame qui pose probl\u00e8me<\/em> \u00bb,<br \/>\nconstate le philosophe qui invite<br \/>\n\u00e0 retrouver le chemin des questions<br \/>\n: \u00ab <em>\u00c0 quoi sert l\u2019universit\u00e9 ?<br \/>\nQu\u2019y fait-on au juste ? Quel type<br \/>\nde discours, en particulier dans<br \/>\nsa forme et son contenu, y tient-on<\/em><br \/>\n? \u00bb Des interrogations plus<br \/>\nque n\u00e9cessaires \u00e0 l\u2019heure o\u00f9 la<br \/>\nr\u00e9signation semble gagner l\u2019ensemble<br \/>\ndu corps universitaire.<br \/>\nL\u2019auteur en appelle \u00e0 un retour<br \/>\nsur des textes pr\u00e9existants \u2013 en<br \/>\nphilosophie, sociologie, litt\u00e9rature<br \/>\n\u2013 pour r\u00e9fl\u00e9chir \u00e0 sa signification<br \/>\noriginelle de l\u2019universit\u00e9.<br \/>\nUn exercice qui incite \u00e0 l\u2019humilit\u00e9.<\/p>\n","protected":false},"excerpt":{"rendered":"<p>Pierre Macherey <\/p>\n","protected":false},"author":1,"featured_media":15465,"comment_status":"open","ping_status":"open","sticky":false,"template":"","format":"standard","meta":{"_themeisle_gutenberg_block_has_review":false,"footnotes":""},"categories":[111],"tags":[392],"class_list":["post-5035","post","type-post","status-publish","format-standard","has-post-thumbnail","hentry","category-nos-selections","tag-essai"],"_links":{"self":[{"href":"https:\/\/archives.regards.fr\/index.php?rest_route=\/wp\/v2\/posts\/5035","targetHints":{"allow":["GET"]}}],"collection":[{"href":"https:\/\/archives.regards.fr\/index.php?rest_route=\/wp\/v2\/posts"}],"about":[{"href":"https:\/\/archives.regards.fr\/index.php?rest_route=\/wp\/v2\/types\/post"}],"author":[{"embeddable":true,"href":"https:\/\/archives.regards.fr\/index.php?rest_route=\/wp\/v2\/users\/1"}],"replies":[{"embeddable":true,"href":"https:\/\/archives.regards.fr\/index.php?rest_route=%2Fwp%2Fv2%2Fcomments&post=5035"}],"version-history":[{"count":0,"href":"https:\/\/archives.regards.fr\/index.php?rest_route=\/wp\/v2\/posts\/5035\/revisions"}],"wp:featuredmedia":[{"embeddable":true,"href":"https:\/\/archives.regards.fr\/index.php?rest_route=\/wp\/v2\/media\/15465"}],"wp:attachment":[{"href":"https:\/\/archives.regards.fr\/index.php?rest_route=%2Fwp%2Fv2%2Fmedia&parent=5035"}],"wp:term":[{"taxonomy":"category","embeddable":true,"href":"https:\/\/archives.regards.fr\/index.php?rest_route=%2Fwp%2Fv2%2Fcategories&post=5035"},{"taxonomy":"post_tag","embeddable":true,"href":"https:\/\/archives.regards.fr\/index.php?rest_route=%2Fwp%2Fv2%2Ftags&post=5035"}],"curies":[{"name":"wp","href":"https:\/\/api.w.org\/{rel}","templated":true}]}}