{"id":5032,"date":"2011-10-30T09:00:00","date_gmt":"2011-10-30T08:00:00","guid":{"rendered":"https:\/\/wp.muchomaas.com\/au-pied-du-mur5032\/"},"modified":"2011-10-30T09:00:00","modified_gmt":"2011-10-30T08:00:00","slug":"au-pied-du-mur5032","status":"publish","type":"post","link":"https:\/\/archives.regards.fr\/?p=5032","title":{"rendered":"Au pied du mur"},"content":{"rendered":"<p class=\"post_excerpt\">St\u00e9phanie Latte<br \/>\nAbdallah et C\u00e9dric Parizot<\/p>\n<p><strong>D\u00e9but\u00e9 en 2002, le mur de s\u00e9paration<br \/>\nen Palestine n\u2019est toujours<br \/>\npas achev\u00e9<\/strong>. En presque 10 ans,<br \/>\nil est devenu un \u00ab <em>embl\u00e8me du<br \/>\nconflit isra\u00e9lo-palestinien<\/em> \u00bb. Au-del\u00e0<br \/>\nde cet \u00ab engouement \u00bb, cet<br \/>\nouvrage analyse \u00ab <em>les reconfigurations<br \/>\ndu r\u00e9gime d\u2019occupation<br \/>\nisra\u00e9lien afin de comprendre la<br \/>\nnature de la s\u00e9paration mise en<br \/>\noeuvre en Cisjordanie au cours<br \/>\ndes vingt derni\u00e8res ann\u00e9es<\/em> \u00bb.<br \/>\nDes chercheurs se penchent sur<br \/>\ntoutes les facettes de l\u2019occupation<br \/>\nisra\u00e9lienne. \u00c0 distance de<br \/>\nl\u2019actualit\u00e9 r\u00e9gionale d\u00e9vorante,<br \/>\npour une approche moins \u00e9v\u00e9nementielle<br \/>\ndu conflit.<\/p>\n","protected":false},"excerpt":{"rendered":"<p>St\u00e9phanie Latte<br \/>\nAbdallah et C\u00e9dric Parizot<\/p>\n","protected":false},"author":558,"featured_media":15463,"comment_status":"open","ping_status":"open","sticky":false,"template":"","format":"standard","meta":{"_themeisle_gutenberg_block_has_review":false,"footnotes":""},"categories":[111],"tags":[392],"class_list":["post-5032","post","type-post","status-publish","format-standard","has-post-thumbnail","hentry","category-nos-selections","tag-essai"],"_links":{"self":[{"href":"https:\/\/archives.regards.fr\/index.php?rest_route=\/wp\/v2\/posts\/5032","targetHints":{"allow":["GET"]}}],"collection":[{"href":"https:\/\/archives.regards.fr\/index.php?rest_route=\/wp\/v2\/posts"}],"about":[{"href":"https:\/\/archives.regards.fr\/index.php?rest_route=\/wp\/v2\/types\/post"}],"author":[{"embeddable":true,"href":"https:\/\/archives.regards.fr\/index.php?rest_route=\/wp\/v2\/users\/558"}],"replies":[{"embeddable":true,"href":"https:\/\/archives.regards.fr\/index.php?rest_route=%2Fwp%2Fv2%2Fcomments&post=5032"}],"version-history":[{"count":0,"href":"https:\/\/archives.regards.fr\/index.php?rest_route=\/wp\/v2\/posts\/5032\/revisions"}],"wp:featuredmedia":[{"embeddable":true,"href":"https:\/\/archives.regards.fr\/index.php?rest_route=\/wp\/v2\/media\/15463"}],"wp:attachment":[{"href":"https:\/\/archives.regards.fr\/index.php?rest_route=%2Fwp%2Fv2%2Fmedia&parent=5032"}],"wp:term":[{"taxonomy":"category","embeddable":true,"href":"https:\/\/archives.regards.fr\/index.php?rest_route=%2Fwp%2Fv2%2Fcategories&post=5032"},{"taxonomy":"post_tag","embeddable":true,"href":"https:\/\/archives.regards.fr\/index.php?rest_route=%2Fwp%2Fv2%2Ftags&post=5032"}],"curies":[{"name":"wp","href":"https:\/\/api.w.org\/{rel}","templated":true}]}}