{"id":5029,"date":"2011-10-08T22:03:25","date_gmt":"2011-10-08T20:03:25","guid":{"rendered":"https:\/\/wp.muchomaas.com\/marre-du-tout-carbone5029\/"},"modified":"2011-10-08T22:03:25","modified_gmt":"2011-10-08T20:03:25","slug":"marre-du-tout-carbone5029","status":"publish","type":"post","link":"https:\/\/archives.regards.fr\/?p=5029","title":{"rendered":"Marre du tout-carbone"},"content":{"rendered":"<p class=\"post_excerpt\">Fr\u00e9d\u00e9ric<br \/>\nDenhez<\/p>\n<p><strong>Le livre de Fr\u00e9d\u00e9ric Denhez est<br \/>\nn\u00e9 d\u2019un ras-le-bol devant l\u2019appel<br \/>\naux \u00ab <em>petits gestes verts <\/em> \u00bb<\/strong>. Ces<br \/>\ninitiatives individuelles cens\u00e9es<br \/>\naider \u00e0 sauver la plan\u00e8te et \u00e0<br \/>\nr\u00e9duire les \u00e9missions de gaz<br \/>\n\u00e0 effet de serre. Selon l\u2019auteur,<br \/>\ning\u00e9nieur sp\u00e9cialis\u00e9 dans l\u2019environnement<br \/>\nconverti au journalisme,<br \/>\nl\u2019acc\u00e9l\u00e9ration depuis<br \/>\ntrente ans du r\u00e9chauffement<br \/>\nclimatique est due, plus qu\u2019au<br \/>\nconsommateur lui-m\u00eame, \u00e0 un<br \/>\nsyst\u00e8me \u00e9conomique hyperconsum\u00e9riste.<br \/>\nLa seule solution<br \/>\n\u00e0 ses yeux serait de repenser,<br \/>\nnon seulement nos modes de<br \/>\nvie, mais notre soci\u00e9t\u00e9. \u00ab <em>Nous<br \/>\nsavons ce qu\u2019il faut faire, mais le<br \/>\nfaire nous remet en question. <\/em> \u00bb.<\/p>\n","protected":false},"excerpt":{"rendered":"<p>Fr\u00e9d\u00e9ric<br \/>\nDenhez<\/p>\n","protected":false},"author":1,"featured_media":0,"comment_status":"open","ping_status":"open","sticky":false,"template":"","format":"standard","meta":{"_themeisle_gutenberg_block_has_review":false,"footnotes":""},"categories":[111],"tags":[392],"class_list":["post-5029","post","type-post","status-publish","format-standard","hentry","category-nos-selections","tag-essai"],"_links":{"self":[{"href":"https:\/\/archives.regards.fr\/index.php?rest_route=\/wp\/v2\/posts\/5029","targetHints":{"allow":["GET"]}}],"collection":[{"href":"https:\/\/archives.regards.fr\/index.php?rest_route=\/wp\/v2\/posts"}],"about":[{"href":"https:\/\/archives.regards.fr\/index.php?rest_route=\/wp\/v2\/types\/post"}],"author":[{"embeddable":true,"href":"https:\/\/archives.regards.fr\/index.php?rest_route=\/wp\/v2\/users\/1"}],"replies":[{"embeddable":true,"href":"https:\/\/archives.regards.fr\/index.php?rest_route=%2Fwp%2Fv2%2Fcomments&post=5029"}],"version-history":[{"count":0,"href":"https:\/\/archives.regards.fr\/index.php?rest_route=\/wp\/v2\/posts\/5029\/revisions"}],"wp:attachment":[{"href":"https:\/\/archives.regards.fr\/index.php?rest_route=%2Fwp%2Fv2%2Fmedia&parent=5029"}],"wp:term":[{"taxonomy":"category","embeddable":true,"href":"https:\/\/archives.regards.fr\/index.php?rest_route=%2Fwp%2Fv2%2Fcategories&post=5029"},{"taxonomy":"post_tag","embeddable":true,"href":"https:\/\/archives.regards.fr\/index.php?rest_route=%2Fwp%2Fv2%2Ftags&post=5029"}],"curies":[{"name":"wp","href":"https:\/\/api.w.org\/{rel}","templated":true}]}}