{"id":5028,"date":"2011-10-25T12:16:53","date_gmt":"2011-10-25T10:16:53","guid":{"rendered":"https:\/\/wp.muchomaas.com\/l-islam-ce-spectre5028\/"},"modified":"2011-10-25T12:16:53","modified_gmt":"2011-10-25T10:16:53","slug":"l-islam-ce-spectre5028","status":"publish","type":"post","link":"https:\/\/archives.regards.fr\/?p=5028","title":{"rendered":"L\u2019Islam, ce spectre"},"content":{"rendered":"<p class=\"post_excerpt\">Edward W. Said<\/p>\n<p><strong>Le livre d\u2019Edward W. Said qui<br \/>\nnous arrive en France est un<br \/>\npeu dat\u00e9 \u2013 il a \u00e9t\u00e9 publi\u00e9 pour<br \/>\nla premi\u00e8re fois en 1981 et la<br \/>\npr\u00e9face est de 1997 \u2013 mais pas<br \/>\ndu tout d\u00e9pass\u00e9<\/strong>. Apr\u00e8s la fr\u00e9n\u00e9sie<br \/>\npost 11 Septembre, il est<br \/>\nm\u00eame salutaire de le lire pour se<br \/>\nremettre les id\u00e9es au clair. Cet<br \/>\nouvrage tr\u00e8s document\u00e9 \u00e9crit<br \/>\npar le grand penseur palestino-<br \/>\nam\u00e9ricain d\u00e9c\u00e9d\u00e9 en 2003<br \/>\nd\u00e9cortique de fa\u00e7on explicite<br \/>\ncomment la presse am\u00e9ricaine,<br \/>\nadoss\u00e9e \u00e0 l\u2019administration, a<br \/>\ncr\u00e9\u00e9 un concept fourre-tout<br \/>\nnomm\u00e9 \u00ab Islam \u00bb. Un monde monolithique<br \/>\nanim\u00e9 par une loi religieuse<br \/>\nimmuable et synonyme<br \/>\nde terrorisme (bien avant le 11<br \/>\nSeptembre) venu remplacer son<br \/>\nvieil ennemi communiste.<\/p>\n","protected":false},"excerpt":{"rendered":"<p>Edward W. Said<\/p>\n","protected":false},"author":1,"featured_media":15460,"comment_status":"open","ping_status":"open","sticky":false,"template":"","format":"standard","meta":{"_themeisle_gutenberg_block_has_review":false,"footnotes":""},"categories":[111],"tags":[392],"class_list":["post-5028","post","type-post","status-publish","format-standard","has-post-thumbnail","hentry","category-nos-selections","tag-essai"],"_links":{"self":[{"href":"https:\/\/archives.regards.fr\/index.php?rest_route=\/wp\/v2\/posts\/5028","targetHints":{"allow":["GET"]}}],"collection":[{"href":"https:\/\/archives.regards.fr\/index.php?rest_route=\/wp\/v2\/posts"}],"about":[{"href":"https:\/\/archives.regards.fr\/index.php?rest_route=\/wp\/v2\/types\/post"}],"author":[{"embeddable":true,"href":"https:\/\/archives.regards.fr\/index.php?rest_route=\/wp\/v2\/users\/1"}],"replies":[{"embeddable":true,"href":"https:\/\/archives.regards.fr\/index.php?rest_route=%2Fwp%2Fv2%2Fcomments&post=5028"}],"version-history":[{"count":0,"href":"https:\/\/archives.regards.fr\/index.php?rest_route=\/wp\/v2\/posts\/5028\/revisions"}],"wp:featuredmedia":[{"embeddable":true,"href":"https:\/\/archives.regards.fr\/index.php?rest_route=\/wp\/v2\/media\/15460"}],"wp:attachment":[{"href":"https:\/\/archives.regards.fr\/index.php?rest_route=%2Fwp%2Fv2%2Fmedia&parent=5028"}],"wp:term":[{"taxonomy":"category","embeddable":true,"href":"https:\/\/archives.regards.fr\/index.php?rest_route=%2Fwp%2Fv2%2Fcategories&post=5028"},{"taxonomy":"post_tag","embeddable":true,"href":"https:\/\/archives.regards.fr\/index.php?rest_route=%2Fwp%2Fv2%2Ftags&post=5028"}],"curies":[{"name":"wp","href":"https:\/\/api.w.org\/{rel}","templated":true}]}}