{"id":5020,"date":"2011-10-03T00:43:12","date_gmt":"2011-10-02T22:43:12","guid":{"rendered":"https:\/\/wp.muchomaas.com\/affaires-de-puissants5020\/"},"modified":"2023-06-23T23:09:16","modified_gmt":"2023-06-23T21:09:16","slug":"affaires-de-puissants5020","status":"publish","type":"post","link":"https:\/\/archives.regards.fr\/?p=5020","title":{"rendered":"Affaires de puissants"},"content":{"rendered":"<p><strong>Une col\u00e8re sourde gronde devant le traitement politique, judiciaire<br \/>\net m\u00e9diatique d\u2019une actualit\u00e9 charg\u00e9e.<\/strong> En cause : le \u00ab deux<br \/>\npoids, deux mesures \u00bb entre les franges dominantes de la soci\u00e9t\u00e9<br \/>\net les cat\u00e9gories subalternes, qui anime les discours et les<br \/>\nactes. Cette col\u00e8re, nous la partageons. Sur le terrain \u00e9conomique,<br \/>\nles gros continuent d\u2019empocher pendant que les petits<br \/>\nsont mis au r\u00e9gime sec. Mais le d\u00e9ferlement des affaires rend le<br \/>\ntableau assommant. Les frais de bouche et les emplois fictifs ne<br \/>\nsont plus qu\u2019un mauvais souvenir pour Jacques Chirac. Ayant<br \/>\ntoujours r\u00e9ussi \u00e0 retarder son proc\u00e8s, il en sort aujourd\u2019hui sans<br \/>\ndommage. Impunit\u00e9 des puissants, voil\u00e0 tout. Chirac a croqu\u00e9 la<br \/>\npomme et nous sommes pris pour des poires. Quant \u00e0 l\u2019affaire<br \/>\nKarachi, elle devrait miner le pouvoir en place. Vente d\u2019armes,<br \/>\ncorruption, attentat : les enjeux sont s\u00e9rieux. Nicolas Sarkozy lui-m\u00eame<br \/>\nest inqui\u00e9t\u00e9, les t\u00e9moignages semblent accablants. Mais<br \/>\nle chef de l\u2019\u00c9tat trace sa route, comme s\u2019il \u00e9tait \u00e9vident qu\u2019il allait<br \/>\ns\u2019en sortir. Cynique, il insiste au m\u00eame moment sur la fermet\u00e9<br \/>\nn\u00e9cessaire contre les jeunes d\u00e9linquants. Et Dominique Strauss-<br \/>\nKahn ? Claire Chazal, amie d\u2019Anne Sinclair, lui a d\u00e9roul\u00e9 le tapis<br \/>\nrouge sur TF1 pour une grande op\u00e9ration de communication<br \/>\nvisant \u00e0 cultiver son profil de victime. L\u2019ex-patron du FMI a pu<br \/>\nbrandir le rapport du procureur et lui faire dire des choses qu\u2019il<br \/>\nne dit pas, sans que la journaliste ne porte la moindre contradiction.<br \/>\nUn grand moment du syst\u00e8me m\u00e9diatico-politique tel qu\u2019on<br \/>\nne l\u2019aime pas. Mais les ficelles \u00e9taient trop grosses : d\u2019apr\u00e8s un<br \/>\nsondage de TNS-Sofres, DSK n\u2019a pas convaincu, puisque seuls<br \/>\n4 % des Fran\u00e7ais trouvent que son image s\u2019est am\u00e9lior\u00e9e. Le<br \/>\ntraitement dans la rubrique \u00ab Faits divers \u00bb de la moindre plainte<br \/>\npour viol \u00e9voque le \u00ab violeur pr\u00e9sum\u00e9 \u00bb, avant m\u00eame que le proc\u00e8s<br \/>\nn\u2019ait lieu. Mais \u00ab DSK n\u2019est pas un quidam \u00bb, comme disait<br \/>\nBHL. Au total, la d\u00e9mocratie est gravement malmen\u00e9e. Et sans<br \/>\nruptures majeures, la d\u00e9fiance \u00e0 l\u2019\u00e9gard de ceux qui gouvernent<br \/>\net l\u2019abstention ne peuvent que prosp\u00e9rer.<div id='gallery-1' class='gallery galleryid-5020 gallery-columns-3 gallery-size-thumbnail'><figure class='gallery-item'>\n\t\t\t<div class='gallery-icon landscape'>\n\t\t\t\t<a href='https:\/\/archives.regards.fr\/wp-content\/uploads\/2011\/10\/sarks-5fb.jpg'><img loading=\"lazy\" decoding=\"async\" width=\"150\" height=\"150\" src=\"https:\/\/archives.regards.fr\/wp-content\/uploads\/2011\/10\/sarks-5fb-150x150.jpg\" class=\"attachment-thumbnail size-thumbnail\" alt=\"Affaires de puissants\" aria-describedby=\"gallery-1-15438\" \/><\/a>\n\t\t\t<\/div>\n\t\t\t\t<figcaption class='wp-caption-text gallery-caption' id='gallery-1-15438'>\n\t\t\t\tAffaires de puissants\n\t\t\t\t<\/figcaption><\/figure><figure class='gallery-item'>\n\t\t\t<div class='gallery-icon landscape'>\n\t\t\t\t<a href='https:\/\/archives.regards.fr\/wp-content\/uploads\/2011\/10\/sarkb-023.jpg'><img loading=\"lazy\" decoding=\"async\" width=\"150\" height=\"122\" src=\"https:\/\/archives.regards.fr\/wp-content\/uploads\/2011\/10\/sarkb-023-150x122.jpg\" class=\"attachment-thumbnail size-thumbnail\" alt=\"Affaires de puissants\" aria-describedby=\"gallery-1-15439\" \/><\/a>\n\t\t\t<\/div>\n\t\t\t\t<figcaption class='wp-caption-text gallery-caption' id='gallery-1-15439'>\n\t\t\t\tAffaires de puissants\n\t\t\t\t<\/figcaption><\/figure>\n\t\t<\/div>\n<\/p>\n","protected":false},"excerpt":{"rendered":"<p>Une col\u00e8re sourde gronde devant le traitement politique, judiciaire et m\u00e9diatique d\u2019une actualit\u00e9 charg\u00e9e. En cause : le \u00ab deux poids, deux mesures \u00bb entre les franges dominantes de la soci\u00e9t\u00e9 et les cat\u00e9gories subalternes, qui anime les discours et les actes. Cette col\u00e8re, nous la partageons. Sur le terrain \u00e9conomique, les gros continuent d\u2019empocher [&hellip;]<\/p>\n","protected":false},"author":570,"featured_media":15438,"comment_status":"open","ping_status":"open","sticky":false,"template":"","format":"standard","meta":{"_themeisle_gutenberg_block_has_review":false,"footnotes":""},"categories":[141],"tags":[328],"class_list":["post-5020","post","type-post","status-publish","format-standard","has-post-thumbnail","hentry","category-archives-web","tag-editorial"],"_links":{"self":[{"href":"https:\/\/archives.regards.fr\/index.php?rest_route=\/wp\/v2\/posts\/5020","targetHints":{"allow":["GET"]}}],"collection":[{"href":"https:\/\/archives.regards.fr\/index.php?rest_route=\/wp\/v2\/posts"}],"about":[{"href":"https:\/\/archives.regards.fr\/index.php?rest_route=\/wp\/v2\/types\/post"}],"author":[{"embeddable":true,"href":"https:\/\/archives.regards.fr\/index.php?rest_route=\/wp\/v2\/users\/570"}],"replies":[{"embeddable":true,"href":"https:\/\/archives.regards.fr\/index.php?rest_route=%2Fwp%2Fv2%2Fcomments&post=5020"}],"version-history":[{"count":0,"href":"https:\/\/archives.regards.fr\/index.php?rest_route=\/wp\/v2\/posts\/5020\/revisions"}],"wp:featuredmedia":[{"embeddable":true,"href":"https:\/\/archives.regards.fr\/index.php?rest_route=\/wp\/v2\/media\/15438"}],"wp:attachment":[{"href":"https:\/\/archives.regards.fr\/index.php?rest_route=%2Fwp%2Fv2%2Fmedia&parent=5020"}],"wp:term":[{"taxonomy":"category","embeddable":true,"href":"https:\/\/archives.regards.fr\/index.php?rest_route=%2Fwp%2Fv2%2Fcategories&post=5020"},{"taxonomy":"post_tag","embeddable":true,"href":"https:\/\/archives.regards.fr\/index.php?rest_route=%2Fwp%2Fv2%2Ftags&post=5020"}],"curies":[{"name":"wp","href":"https:\/\/api.w.org\/{rel}","templated":true}]}}