{"id":5018,"date":"2011-10-03T00:41:08","date_gmt":"2011-10-02T22:41:08","guid":{"rendered":"https:\/\/wp.muchomaas.com\/au-sommaire-du-numero-14-octobre5018\/"},"modified":"2023-06-24T17:46:43","modified_gmt":"2023-06-24T15:46:43","slug":"au-sommaire-du-numero-14-octobre5018","status":"publish","type":"post","link":"https:\/\/archives.regards.fr\/?p=5018","title":{"rendered":"Au sommaire du num\u00e9ro 14 &#8211; octobre 2011"},"content":{"rendered":"<p class=\"post_excerpt\">Dans le num\u00e9ro 14 de Regards, octobre 2011, en vente en kiosque pour 5,90\u20ac :<\/p>\n<p>&#8220;<em>Impunit\u00e9 des puissants, voil\u00e0 tout<\/em>&#8220;. <strong>Dans son \u00e9ditorial, Cl\u00e9mentine Autain<\/strong> revient sur <a href=\"https:\/\/wp.muchomaas.com\/politique\/affaires-de-puissants\">les affaires qui installent le sentiment du &#8220;deux poids deux mesures&#8221;<\/a> dans une d\u00e9mocratie &#8220;<em>gravement malmen\u00e9e<\/em>&#8220;.<\/p>\n<p>Dans <strong>le Bloc-Notes<\/strong> de ce mois-ci, on cause des <a href=\"https:\/\/wp.muchomaas.com\/culture\/le-louvre-culture-et-diplomatie\">connivences entre <strong>le Louvre<\/strong> et le Quai d&#8217;Orsay<\/a> et de <a href=\"https:\/\/wp.muchomaas.com\/culture\/les-platines-en-deuil-apres-la\">la mort de <strong>DJ Mehdi<\/strong><\/a>. A l&#8217;approche du vote de la Constituante en Tunisie, le 23 octobre, on donne <a href=\"https:\/\/wp.muchomaas.com\/monde\/tarek-ben-hiba-en-avant-pour-une\">la parole \u00e0 <strong>Tarek Ben Hiba<\/strong><\/a>, qui conduira lors de ce scrutin une liste de repr\u00e9sentants associatifs pour pourvoir l&#8217;un des dix postes r\u00e9serv\u00e9s au r\u00e9sidents en France.<\/p>\n<p>Comment une postf\u00e9ministe peut-elle aider \u00e0 d\u00e9l\u00e9gitimer\u2026 le f\u00e9minisme. <a href=\"https:\/\/wp.muchomaas.com\/societe\/marcela-iacub-l-avocate-de-dsk\">Le <strong>d\u00e9cryptage m\u00e9dias<\/strong> s&#8217;int\u00e9resse \u00e0 <strong>Marcela Iacub<\/strong><\/a>, avocate, intello, multicarte tr\u00e8s pr\u00e9sente dans les m\u00e9dias depuis l&#8217;affaire DSK.<\/p>\n<p><strong>St\u00e9phane Roz\u00e8s<\/strong>, directeur de la soci\u00e9t\u00e9 Conseils, Analyses et Perspectives (CAP) et <strong>S\u00e9verine Labat<\/strong>, politologue \u00e0 l\u2019EHESS, d\u00e9battent de <a href=\"https:\/\/wp.muchomaas.com\/societe\/la-binationalite-nuit-elle-a-l\">la bi-nationalit\u00e9<\/a>. Pourquoi et comment un d\u00e9bat se noue aujourd&#8217;hui autour de cette question? Quels en sont les enjeux? Est-elle soluble dans la r\u00e9publique? <strong>C\u2019est la Controverse d&#8217;octobre<\/strong>.<\/p>\n<p><a href=\"https:\/\/wp.muchomaas.com\/resistances\/indignes-syndiquez-vous\"><strong>Des Indign\u00e9s<\/strong> un peu partout en Europe<\/a> mais, en France, pas de mouvement d&#8217;ampleur comparable \u00e0 ce que l&#8217;on peut observer en Espagne ou en Gr\u00e8ce. Pourquoi? Quelles relations existent ou pourraient s&#8217;installer entre le mouvement syndical et les Indign\u00e9s? Avec <a href=\"https:\/\/wp.muchomaas.com\/societe\/on-se-syndique-quand-on-se\">un \u00e9clairage de <strong>Jean-Marie Pernot<\/strong><\/a>, chercheur \u00e0 l\u2019Institut de recherches \u00e9conomiques et sociales (Ires).<\/p>\n<p><strong>Le dossier du mois est consacr\u00e9 \u00e0 la droite fran\u00e7aise<\/strong>. Si les sondages ne donnent actuellement pas cher de la peau du pr\u00e9sident sortant en 2012, la d\u00e9faite de l&#8217;UMP aux pr\u00e9sidentielles est pourtant loin d&#8217;\u00eatre acquise. Le bilan de Sarkozy est lourdement plomb\u00e9 mais la dispersion de la droite &#8220;<em>n&#8217;est peut-\u00eatre pas qu&#8217;un handicap&#8221;<\/em> et <a href=\"https:\/\/wp.muchomaas.com\/politique\/le-bateau-tangue-mais-ne-coule-pas\"><strong>&#8220;<em>le sprint final sera disput\u00e9<\/em>&#8221; pronostique Roger Martelli<\/strong><\/a>. <a href=\"https:\/\/wp.muchomaas.com\/politique\/les-angoisses-des-militants-ump\">C\u00f4t\u00e9 militant<\/a>, aucune certitude mais l&#8217;\u00e9clatement de l&#8217;UMP, originellement con\u00e7ue comme la grande maison des droites, donne <strong>des sueurs froides<\/strong>. Enfin pour \u00e9clairer la &#8220;coh\u00e9rence politique&#8221; de Nicolas Sarkozy,<a href=\"https:\/\/wp.muchomaas.com\/politique\/le-president-des-grandes-villes\"> d\u00e9cryptage de son action en mati\u00e8re de r\u00e9organisation du territoire national<\/a>. Qu&#8217;il a men\u00e9 en se focalisant sur <strong>les grandes m\u00e9tropoles<\/strong> au d\u00e9triment des villes de moindre importance.<\/p>\n<p><a href=\"https:\/\/wp.muchomaas.com\/environnement\/il-y-a-du-gaz-dans-l-eau\">Un film et un ouvrage sortent, tous deux consacr\u00e9s au <strong>Gaz de schiste<\/strong><\/a>. L&#8217;occasion de revenir sur les nombreux dangers que comporte l&#8217;exploitation de cette ressource souterraine. <\/p>\n<p><strong>Pour les chercheurs aussi, les conditions de travail se d\u00e9gradent<\/strong> et la pr\u00e9carit\u00e9 augmente. <a href=\"https:\/\/wp.muchomaas.com\/societe\/le-lumpenprofessorat-de-la\">Un ouvrage du collectif Pour l\u2019\u00e9tude des conditions de travail dans la recherche et l\u2019enseignement sup\u00e9rieur (Pecres)<\/a> dresse un tableau alarmant de la situation. Eclairage.<\/p>\n<p>A G\u00e9menos, dans les Bouches du Rh\u00f4ne, <a href=\"https:\/\/wp.muchomaas.com\/societe\/fralib-ou-le-desir-du-travail-bien\"><strong>les salari\u00e9s de Fralib<\/strong> se battent depuis plus d&#8217;un an<\/a> pour sauvegarder l&#8217;emploi en conservant l&#8217;outil industriel et en relan\u00e7ant une fili\u00e8re th\u00e9 de qualit\u00e9. Face \u00e0 eux, un g\u00e9ant, <strong>leur patron Unilever<\/strong>, qui consid\u00e8re ce projet alternatif avec d\u00e9dain. Reportage. <\/p>\n<p>Le 4 octobre s\u2019ouvre le proc\u00e8s en appel des tireurs pr\u00e9sum\u00e9s de <strong>Villiers-le-Bel.<\/strong> <a href=\"https:\/\/wp.muchomaas.com\/societe\/a-nanterre-l-etat-finit-le-boulot\"> Un point de vue de l&#8217;anthropologue <strong>Alain Bertho<\/strong><\/a>.<\/p>\n<p><a href=\"https:\/\/wp.muchomaas.com\/societe\/octobre-61-memoire-en-eaux\">Il y a cinquante ans, <strong>le 17 octobre 1961<\/strong><\/a>, la police parisienne arr\u00eatait, molestait, tuait et jetait \u00e0 la Seine des militants alg\u00e9riens du FLN. Ce fait tragique n&#8217;est d\u00e9sormais plus tabou. Il reste pour autant une page sombre de l&#8217;histoire fran\u00e7aise contemporaine. Un film et un ouvrage paraissant ce mois-ci en disent un peu plus. <strong>Le chercheur <a href=\"https:\/\/wp.muchomaas.com\/societe\/l-ecole-reste-a-la-traine\">Beno\u00eet Falaize<\/strong> nous dit, lui, pourquoi l&#8217;\u00e9cole reste \u00e0 la tra\u00eene<\/a> sur l&#8217;enseignement de ce sujet.<\/p>\n<p>Les appels \u00e0 l&#8217;aide et au don pour endiguer <strong>la famine dans la Corne de l&#8217;Afrique<\/strong> se sont succ\u00e9d\u00e9s ces derni\u00e8res semaines. <a href=\"https:\/\/wp.muchomaas.com\/monde\/sous-la-famine-les-derives-de-l\">Un battage m\u00e9diatique qui cache une v\u00e9ritable \u00e9conomie de l\u2019aide humanitaire<\/a>. Reportage en Somalie.<\/p>\n<p>Cinqui\u00e8me volet de <strong>notre s\u00e9rie en Campagne<\/strong>. <a href=\"https:\/\/wp.muchomaas.com\/politique\/majeurs-a-la-vote\">Une nouvelle g\u00e9n\u00e9ration de votants va \u00eatre appel\u00e9e aux urnes en 2012<\/a>. Actifs pr\u00e9caires, \u00e9tudiants sans certitudes, rien ne les incite \u00e0 se fier au politique. Iront-ils voter? Tour d&#8217;horizon et <strong>rencontre avec quelques &#8220;primo-votants&#8221; \u00e0 Grenoble, dans l&#8217;Is\u00e8re<\/strong>.<\/p>\n<p>Deux ouvrages, l&#8217;un de de <strong>Jean-Loup Amselle<\/strong>, l&#8217;autre d\u2019<strong>Esther Benbassa<\/strong>, interrogent <strong>la place des minorit\u00e9s visibles dans la sph\u00e8re politique<\/strong>. <a href=\"https:\/\/wp.muchomaas.com\/idees\/race-contre-classe\">La lutte des races supplante-t-elle celle des classes<\/a> ? Id\u00e9es d&#8217;octobre.<\/p>\n<p>A la rubrique cin\u00e9ma, ce mois-ci, <strong>une rencontre avec Bertrand Bonello<\/strong>, le r\u00e9alisateur de <em>L&#8217;Apollonide<\/em>, qui raconte <a href=\"https:\/\/wp.muchomaas.com\/culture\/bertrand-bonello-la-mere\">le quotidien des prostitu\u00e9es d&#8217;un bordel parisien au d\u00e9but du XX\u00e8me si\u00e8cle<\/a>.<\/p>\n<p>\u00c0 Paris, <a href=\"https:\/\/wp.muchomaas.com\/culture\/11-septembre-2001-banlieue\">la comm\u00e9moration du 11 Septembre a donn\u00e9 lieu \u00e0 un travail th\u00e9\u00e2tral<br \/>\navec des lyc\u00e9ens de la banlieue<\/a>. Le spectacle \u00e9meut beaucoup le public.<br \/>\nQuels en sont les ressorts? <strong>Cr\u00e9ations de Diane Scott<\/strong>.<\/p>\n<p><strong>Le grand entretien du mois est avec Jacques G\u00e9n\u00e9reux<\/strong>. L&#8217;\u00e9conomiste, secr\u00e9taire national du Parti de gauche, livre <a href=\"https:\/\/wp.muchomaas.com\/politique\/jacques-genereux-il-faut-reprendre\">son analyse de la crise et donne des pistes alternatives pour en sortir par la gauche<\/a>. <\/p>\n<p>Ainsi que tous les rendez-vous du mensuel: les chroniques de <strong> <a href=\"https:\/\/wp.muchomaas.com\/nos-regards\/arnaud-viviant\/marx-limonov-et-petrovitch\">Arnaud Viviant<\/a>, <a href=\"https:\/\/wp.muchomaas.com\/nos-regards\/leila-chaibi\/un-ete-postrevolution\">Le\u00efla Chaibi<\/a>, <a href=\"https:\/\/wp.muchomaas.com\/nos-regards\/thomas-bauder\/une-tendance-certaine\">Thomas Bauder<\/a>, <a href=\"https:\/\/wp.muchomaas.com\/societe\/la-guerre-froide-de-la-tnt\">Nicolas Kssis<\/a><\/strong>. Et bien entendu, nos s\u00e9lections essais et culture.<\/p>\n","protected":false},"excerpt":{"rendered":"<p>Dans le num\u00e9ro 14 de Regards, octobre 2011, en vente en kiosque pour 5,90\u20ac :<\/p>\n","protected":false},"author":1,"featured_media":0,"comment_status":"closed","ping_status":"open","sticky":false,"template":"","format":"standard","meta":{"_themeisle_gutenberg_block_has_review":false,"footnotes":""},"categories":[262],"tags":[371],"class_list":["post-5018","post","type-post","status-publish","format-standard","hentry","category-archives","tag-sommaire"],"_links":{"self":[{"href":"https:\/\/archives.regards.fr\/index.php?rest_route=\/wp\/v2\/posts\/5018","targetHints":{"allow":["GET"]}}],"collection":[{"href":"https:\/\/archives.regards.fr\/index.php?rest_route=\/wp\/v2\/posts"}],"about":[{"href":"https:\/\/archives.regards.fr\/index.php?rest_route=\/wp\/v2\/types\/post"}],"author":[{"embeddable":true,"href":"https:\/\/archives.regards.fr\/index.php?rest_route=\/wp\/v2\/users\/1"}],"replies":[{"embeddable":true,"href":"https:\/\/archives.regards.fr\/index.php?rest_route=%2Fwp%2Fv2%2Fcomments&post=5018"}],"version-history":[{"count":0,"href":"https:\/\/archives.regards.fr\/index.php?rest_route=\/wp\/v2\/posts\/5018\/revisions"}],"wp:attachment":[{"href":"https:\/\/archives.regards.fr\/index.php?rest_route=%2Fwp%2Fv2%2Fmedia&parent=5018"}],"wp:term":[{"taxonomy":"category","embeddable":true,"href":"https:\/\/archives.regards.fr\/index.php?rest_route=%2Fwp%2Fv2%2Fcategories&post=5018"},{"taxonomy":"post_tag","embeddable":true,"href":"https:\/\/archives.regards.fr\/index.php?rest_route=%2Fwp%2Fv2%2Ftags&post=5018"}],"curies":[{"name":"wp","href":"https:\/\/api.w.org\/{rel}","templated":true}]}}