{"id":5013,"date":"2011-09-29T10:30:00","date_gmt":"2011-09-29T08:30:00","guid":{"rendered":"https:\/\/wp.muchomaas.com\/guyane-la-sante-en-friche5013\/"},"modified":"2023-06-23T23:09:15","modified_gmt":"2023-06-23T21:09:15","slug":"guyane-la-sante-en-friche5013","status":"publish","type":"post","link":"https:\/\/archives.regards.fr\/?p=5013","title":{"rendered":"Guyane, la sant\u00e9 en friche"},"content":{"rendered":"<p class=\"post_excerpt\">En France, un d\u00e9partement sur deux est confront\u00e9 \u00e0 une baisse<br \/>\nde ses effectifs m\u00e9dicaux en 2011. D\u00e9sertification m\u00e9dicale,<br \/>\nmanque de sp\u00e9cialistes et de services \u00e0 la personne, complication<br \/>\ndes d\u00e9marches pour obtenir l\u2019Aide m\u00e9dicale de l\u2019\u00c9tat (AME) :<br \/>\nl\u2019acc\u00e8s aux soins souffre d\u2019une disparit\u00e9 toujours croissante<br \/>\nentre zones urbaines et zones rurales.<br \/>\nReportage en Guyane, qui cumule les difficult\u00e9s.<\/p>\n<p><em>La Guyane n\u2019est ni la Creuse, ni la<br \/>\nLoz\u00e8re<\/em> \u00bb, a martel\u00e9 Xavier Bertrand,<br \/>\nministre du Travail, de l\u2019Emploi et de<br \/>\nla Sant\u00e9, lors d\u2019une visite express<br \/>\nen juillet. R\u00e9f\u00e9rence d\u00e9licate \u2013<br \/>\ncomme toujours \u2013 \u00e0 ces d\u00e9partements priv\u00e9s<br \/>\nde personnel soignant. Qu\u2019on ne parle surtout<br \/>\npas de d\u00e9sert m\u00e9dical au ministre, donc. Sauf,<br \/>\nalors, pour les zones sus-mentionn\u00e9es ? Mais<br \/>\nla Guyane fait bel et bien face \u00e0 une p\u00e9nurie<br \/>\nde m\u00e9decins. Tout comme l\u2019Allier, les Ardennes,<br \/>\nla Haute-Marne, le Pas-de-Calais, la Corr\u00e8ze\u2026<br \/>\n163 g\u00e9n\u00e9ralistes exercent sur le d\u00e9partement,<br \/>\npresque exclusivement concentr\u00e9s sur la zone<br \/>\nurbaine Kourou &#8211; Cayenne. Comme partout en<br \/>\nFrance, les m\u00e9decins se concentrent dans les<br \/>\nzones urbaines. Impossible, dans les conditions<br \/>\nactuelles, de r\u00e9pondre pleinement \u00e0 la<br \/>\ndemande de soins.<\/p>\n<p>Par ailleurs, le manque de sp\u00e9cialistes et de plateaux<br \/>\ntechniques est criant : compter deux mois<br \/>\nd\u2019attente pour une IRM. Pas de soins intensifs<br \/>\ncardio ou neurovasculaire. Le service r\u00e9animation<br \/>\nde l\u2019h\u00f4pital de Cayenne ne fonctionne<br \/>\nqu\u2019avec un seul praticien qualifi\u00e9 \u2013 apte \u00e0 exercer<br \/>\nau regard du droit fran\u00e7ais : le docteur Hommel est d\u2019astreinte 24 heures sur 24. Et \u00e0 terme, un<br \/>\nservice de canc\u00e9rologie aurait sa place&#8230; Sur un<br \/>\nterritoire grand comme le Portugal,<br \/>\non d\u00e9nombre<br \/>\ndeux ophtalmos lib\u00e9raux. Tous deux \u00e0 Cayenne.<br \/>\n\u00ab <em>Ici, certes, les besoins sont tels qu\u2019on ne<br \/>\ncraint pas de fermer un h\u00f4pital. Mais en parall\u00e8le,<br \/>\non ne cr\u00e9e pas les conditions d\u2019am\u00e9lioration<br \/>\ndu fonctionnement du syst\u00e8me de sant\u00e9<\/em> \u00bb,<br \/>\nconstate Dominique Louvel, m\u00e9decin et conseiller<br \/>\nsant\u00e9 de la d\u00e9put\u00e9e Christiane Taubira.<br \/>\n\u00ab <em>Trouvez-moi un seul h\u00f4pital en France qui ne<br \/>\nfonctionne qu\u2019avec un seul r\u00e9a !<\/em> \u00bb<\/p>\n<p>A l\u2019Ouest, Maripasoula, 8 000 habitants, est<br \/>\nsitu\u00e9e \u00e0 la limite de la \u00ab zone interdite \u00bb, o\u00f9 la circulation<br \/>\ndes personnes est cens\u00e9e \u00eatre contr\u00f4l\u00e9e<br \/>\net autoris\u00e9e par la Pr\u00e9fecture. \u00ab Maripa \u00bb est<br \/>\nune zone-carrefour, qui fait face au Suriname,<br \/>\net o\u00f9 se c\u00f4toie une jeunesse tr\u00e8s nombreuse,<br \/>\ntant du c\u00f4t\u00e9 Bushineng\u00e9 [[Bushineng\u00e9s : descendants des esclaves africains]] que Wayana [[Wayanas : tribu am\u00e9rindienne du Haut-Maroni]], o\u00f9<br \/>\npassent des orpailleurs br\u00e9siliens en repos, o\u00f9<br \/>\ns\u2019\u00e9chouent de vieux blancs perdus au fond de<br \/>\nleur verre\u2026<\/p>\n<p>Les patients du centre de sant\u00e9 de cette<br \/>\nville \u2014 Centre d\u00e9localis\u00e9 de pr\u00e9vention et de<br \/>\nsoins (CDPS) \u2014 sont le reflet de cette population,<br \/>\nvari\u00e9e, jeune et en forte croissance.<br \/>\nCes centres d\u00e9pendent de l\u2019h\u00f4pital de Cayenne<br \/>\net b\u00e9n\u00e9ficient de fonds sp\u00e9cifiques de l\u2019Agence<br \/>\nr\u00e9gionale de sant\u00e9 (ARS).<br \/>\nIci, c\u2019est de la bobologie ou du soin d\u2019urgence.<br \/>\nSelon le jour et la pathologie, comptez environ<br \/>\ntrois heures d\u2019attente. Si les deux ou trois<br \/>\nm\u00e9decins y sont dispos\u00e9s ou ne passent pas<br \/>\nleur temps \u00e0 tenter de bidouiller les ordinateurs<br \/>\nqui plantent. On les observe faire d\u00e9filer leurs<br \/>\npatients d\u2019un air blas\u00e9. Un peu Tintin au Congo<br \/>\nsur les bords, ils tutoient les patients. On est ici<br \/>\ndans le dispensaire de sant\u00e9, dans son acceptation<br \/>\nla plus d\u00e9su\u00e8te.<br \/>\nL\u2019ennui est palpable. Les salaires des m\u00e9decins<br \/>\n\u2014 8 000\u20ac mensuels \u2014 ne suffisent pas \u00e0 les<br \/>\nconvaincre de rester. \u00ab <em>Trop enclav\u00e9<\/em> \u00bb, explique<br \/>\nDenis, venu ici pour trois mois. Que l\u2019on soit m\u00e9decin,<br \/>\ngendarme mobile ou militaire, Maripa est<br \/>\nune ville o\u00f9 l\u2019on ne reste pas.<\/p>\n<h2>Lutter contre le turnover<\/h2>\n<p>Un tiers des m\u00e9decins de la Guyane ont plus<br \/>\nde 60 ans. Comme partout en France, la profession<br \/>\ncontinue de vieillir, sans se renouveler de mani\u00e8re durable dans les zones qui auraient besoin<br \/>\nde docteurs. L\u2019ordonnance de 2005, cr\u00e9\u00e9e<br \/>\npar Douste-Blazy, autorise, face \u00e0 la p\u00e9nurie de<br \/>\npersonnel hospitalier, le recrutement de m\u00e9decins<br \/>\n\u00e0 dipl\u00f4mes \u00e9trangers, apr\u00e8s avis du Conseil<br \/>\nde l\u2019Ordre. Ces praticiens constituent un tiers<br \/>\ndes m\u00e9decins en exercice en Guyane. \u00ab <em>L\u2019apport<br \/>\nquantitatif est important, mais cela n\u2019incite pas<br \/>\nles h\u00f4pitaux \u00e0 repenser leur politique de ressources<br \/>\nhumaines dans la p\u00e9rennit\u00e9<\/em> \u00bb, souligne<br \/>\nOlivier Kleitz, directeur adjoint de l\u2019ARS. Des<br \/>\naides \u00e0 l\u2019installation \u2013 prime de 20 % sur les<br \/>\nconsultations pour les lib\u00e9raux et abattement fiscal<br \/>\nde 40 % comme dans tous les DOM \u2013 tentent<br \/>\nde contrer la carence en personnel m\u00e9dical,<br \/>\nqui concerne l\u2019ensemble des professionnels de<br \/>\nsant\u00e9, infirmiers mis \u00e0 part. Toutes ces mesures<br \/>\nne parviennent pas \u00e0 lutter contre le turnover.<\/p>\n<p>Ce dernier exasp\u00e8re les patients de Maripa qui<br \/>\naspirent \u00e0 un peu de suivi dans leurs dossiers.<br \/>\n\u00ab <em>Les m\u00e9decins prescrivent et diagnostiquent<br \/>\nsans ausculter<\/em> \u00bb, d\u00e9plorent des infirmiers. Des<br \/>\n\u00ab <em>aides \u00e0 la prise de m\u00e9dicaments<\/em> \u00bb et des<br \/>\nprises de tension \u2013 th\u00e9oriquement non facturables<br \/>\n\u2013 sont prescrites, puis grassement factur\u00e9es<br \/>\npar l\u2019infirmier lib\u00e9ral, qui se d\u00e9lecte de<br \/>\ntous ces diab\u00e9tiques, pour certains pas m\u00eame<br \/>\ninsulinod\u00e9pendants, qu\u2019il va voir \u2013 ou non, d\u2019ailleurs<br \/>\n\u2013 semaines et week-ends. \u00ab <em>On lui met<br \/>\nun peu de beurre dans les \u00e9pinards<\/em> \u00bb, justifie<br \/>\nle docteur Adoum Tordina. Voil\u00e0 comment les<br \/>\ninfirmiers lib\u00e9raux tiennent le haut du pav\u00e9, en<br \/>\ntermes de fraude \u00e0 la S\u00e9cu : 13 millions d\u2019euros<br \/>\npour leur pomme, en 2010.<\/p>\n<p>Pour cr\u00e9er de l\u2019attractivit\u00e9, on parle de cr\u00e9er<br \/>\ndes zones franches, mais \u00ab <em>c\u2019est une logique<br \/>\nde moyen terme, \u00e7a ne pourra se r\u00e9gler comme<br \/>\n\u00e7a<\/em> \u00bb , dit Kleitz. L\u2019axe d\u2019avenir, du point de vue de<br \/>\nl\u2019ARS ? Une meilleure organisation des soins.<br \/>\nCr\u00e9er des r\u00e9seaux de prise en charge coh\u00e9rents.<br \/>\n\u00ab <em>Casser l\u2019image de la Guyane, et mutualiser<br \/>\ndavantage.<\/em> \u00bb<br \/>\nLa sant\u00e9 est ici tributaire des infrastructures.<br \/>\nLa seule route r\u00e9ellement praticable relie, en<br \/>\ngros, les villes du littoral, de Saint-Georges \u00e0<br \/>\nSaint-Laurent, o\u00f9 se concentre l\u2019essentiel de<br \/>\nla population et des deniers publics. A Maripa,<br \/>\ncomme partout \u00ab dans l\u2019int\u00e9rieur \u00bb, on \u00e9vacue les<br \/>\nmalades par h\u00e9licopt\u00e8re jusque Cayenne. Puis<br \/>\njusqu\u2019aux Antilles, \u00ab <em>o\u00f9 les h\u00f4pitaux sont aussi satur\u00e9s ou manquent de sp\u00e9cialit\u00e9s<\/em> \u00bb,<br \/>\nrappelle Louvel. Ou encore, jusqu\u2019en m\u00e9tropole.<br \/>\nPour Olivier Kleitz, \u00ab <em>les responsabilit\u00e9s sont partag\u00e9es,<br \/>\nmais nous sommes clairement plant\u00e9s<br \/>\npar le manque d\u2019infrastructures.<\/em> \u00bb Il pr\u00f4ne une<br \/>\nvision transversale des dossiers : \u00ab <em>La sant\u00e9 ne<br \/>\ns\u2019en sortira pas toute seule.<\/em> \u00bb L\u2019acc\u00e8s aux soins<br \/>\nrel\u00e8ve de probl\u00e8mes moins g\u00e9ographiques que<br \/>\nsociaux ou politiques. Val\u00e9rie Morel, chercheuse<br \/>\n\u00e0 l\u2019IRD, le confirme : \u00ab <em>Acc\u00e9der aux soins, c\u2019est<br \/>\naussi avoir une ligne de bus qui passe dans les<br \/>\nquartiers.<\/em> \u00bb Soit une politique de sant\u00e9 int\u00e9gr\u00e9e<br \/>\n\u00e0 une politique de la ville efficace, comprenant<br \/>\nconstruction de logements salubres \u2013 il manque<br \/>\n78 000 logements en Guyane \u2013, acc\u00e8s et<br \/>\nconnaissance des infrastructures, voire, simplement,<br \/>\nde l\u2019eau potable. Pour Val\u00e9rie Morel, \u00ab <em>il<br \/>\nfaut arr\u00eater de dire que la dengue, le palu sont<br \/>\ndes donnes naturelles<\/em> \u00bb. A Matinhas, un quartier<br \/>\nde Cayenne, pourquoi des camions poubelle<br \/>\npasseraient-ils dans une zone qui, l\u00e9galement,<br \/>\nn\u2019existe pas ? Les eaux croupies qui annoncent<br \/>\nl\u2019arriv\u00e9e dans le quartier, \u00e0 deux pas du centre<br \/>\nhistorique ? \u00ab <em>Une \u00e9pid\u00e9mie de dengue assur\u00e9e.<\/em><br \/>\n\u00bb D\u2019o\u00f9 la n\u00e9cessit\u00e9 d\u2019une r\u00e9elle ad\u00e9quation<br \/>\nentre le traitement m\u00e9dical et les conditions de<br \/>\nvie. Cela impliquerait que les m\u00e9decins aient<br \/>\nune connaissance approfondie des conditions<br \/>\nde vie, tr\u00e8s diverses, de leurs patients, ce qui<br \/>\nexige une certaine proximit\u00e9.<\/p>\n<p>Concernant la population clandestine, il faut<br \/>\npouvoir \u00eatre en mesure de la trouver. En ville,<br \/>\nc\u2019est encore possible avec le Centre d\u2019accueil<br \/>\nde soins et d\u2019orientation (CASO), par exemple.<br \/>\nEt encore, les clandestins, par d\u00e9finition, \u00e9vitent<br \/>\nles d\u00e9placements. Amandine Marchand, coordinatrice<br \/>\ndu CASO M\u00e9decins du monde, en<br \/>\nfait l\u2019exp\u00e9rience : \u00ab <em>Depuis le tremblement de<br \/>\nterre, les Ha\u00eftiens ne font plus l\u2019objet d\u2019expulsions.<br \/>\nIls sont devenus la premi\u00e8re nationalit\u00e9 \u00e0<br \/>\nvenir nous voir.<\/em> \u00bb Dans les terres, il y a tous ces<br \/>\nclandestins, difficiles \u00e0 atteindre, et qui n\u2019arrivent<br \/>\nqu\u2019\u00e0 un stade avanc\u00e9 de leur maladie apr\u00e8s<br \/>\navoir consomm\u00e9 les m\u00e9dicaments contrefaits en<br \/>\nvente, juste en face : il suffit de traverser le fleuve<br \/>\nMaroni.<br \/>\nCombien pr\u00e9f\u00e8rent les antipalud\u00e9ens vendus chez \u00ab les Chinois \u00bb, qui ont construit<br \/>\nleurs gargotes en bord de fleuve, c\u00f4t\u00e9 Suriname,<br \/>\n\u00e0 ceux vendus par le pharmacien en noeud papillon,<br \/>\n72 \u20ac pour douze jours de traitement ? Pour<br \/>\nceux qui arrivent \u00ab de la for\u00eat \u00bb \u2014 comprendre<br \/>\n\u00ab d\u2019un site d\u2019orpaillage \u00bb \u2014 pour se faire soigner,<br \/>\nle palu est d\u00e9j\u00e0 \u00e0 un stade avanc\u00e9\u2026 Pour ces<br \/>\nurgences, les \u00e9vacuations sanitaires, en h\u00e9licopt\u00e8re,<br \/>\nsont fr\u00e9quentes et efficaces, pourvu<br \/>\nqu\u2019elles arrivent avant 18 heures. Et qu\u2019on n\u2019ait<br \/>\npas besoin de sang, ni de trop d\u2019oxyg\u00e8ne. \u00c9videmment,<br \/>\nd\u2019aucuns pestent contre ces \u00e9trangers<br \/>\ndont on sauve la vie gratos\u2026 Ici, les soins<br \/>\nsont gratuits et l\u2019on ne demande aucun justificatif<br \/>\naux patients. Une aide \u00e0 l\u2019acc\u00e8s aux droits<br \/>\npourrait \u00eatre justifi\u00e9e. Mais, la t\u00e9l\u00e9m\u00e9decine \u2014 la<br \/>\npratique m\u00e9dicale \u00e0 distance utilisant les technologies<br \/>\nde l\u2019information et de la communication<br \/>\n\u2014, que chacun d\u00e9crit comme le salut des petits<br \/>\nh\u00f4pitaux, ne concerne pas ce volet\u2026 L\u2019information<br \/>\nsur l\u2019acc\u00e8s aux droits est donc assur\u00e9e par<br \/>\nles infirmi\u00e8res qui tentent, tant bien que mal, de<br \/>\ns\u2019expliquer aupr\u00e8s de non-francophones.<\/p>\n<p><strong><em>Depuis la r\u00e9forme, 3 \u00e0 6 mois<br \/>\nd\u2019attente suppl\u00e9mentaires<\/strong><\/em><\/p>\n<p>Et puis, il y a cette Aide m\u00e9dicale d\u2019Etat (AME)<br \/>\n\u00e0 qui l\u2019on veut faire la peau. 11 % de ses b\u00e9n\u00e9ficiaires<br \/>\nsont en Guyane \u2014 sur 227 705 b\u00e9n\u00e9ficiaires<br \/>\ndans l\u2019ensemble du pays. La Guyane<br \/>\ncompterait 10 % de clandestins. Ce mois de<br \/>\nseptembre, une d\u00e9l\u00e9gation du minist\u00e8re de<br \/>\nla Sant\u00e9 vient juger sur place les effets de sa<br \/>\nr\u00e9forme, mise en place en mars dernier. \u00ab <em>L\u2019Etat<br \/>\nse met dans une position schizophr\u00e8ne, en<br \/>\npoursuivant les ill\u00e9gaux tout en vendant des<br \/>\ntimbres fiscaux qui valident et authentifient leur<br \/>\npr\u00e9sence. Et avec plus de 1 000 kilom\u00e8tres<br \/>\nde fronti\u00e8res, on ne va pas mettre un policier<br \/>\nderri\u00e8re<br \/>\nchaque palmier!<\/em> \u00bb, constate le directeur<br \/>\nde la Caisse g\u00e9n\u00e9rale de S\u00e9curit\u00e9 sociale<br \/>\n(CGSS) de Guyane, Philippe Dumont-<br \/>\nDayot,<br \/>\ntout en rappelant<br \/>\nque la CGSS n\u2019est \u00ab <em>ni la justice,<br \/>\nni la police.<\/em> \u00bb<\/p>\n<p>Pour les usagers, la r\u00e9forme se traduit par des<br \/>\ndemandes nouvelles : photo d\u2019identit\u00e9 obligatoire<br \/>\n(tu crois qu\u2019il y a des Photomatons dans<br \/>\nles villages am\u00e9rindiens ?), droit d\u2019entr\u00e9e de<br \/>\n30 \u20ac, domiciliation et, pour la gestion de cette<br \/>\nnouvelle donne, 3 \u00e0 6 mois d\u2019attente suppl\u00e9mentaires.<br \/>\nFace, de surcro\u00eet, \u00e0 un empilage<br \/>\nde mesures sp\u00e9cifiques, Dumont-Dayot pr\u00f4ne<br \/>\n\u00ab <em>un syst\u00e8me simple, lisible, op\u00e9rationnel. Des<br \/>\ndroits qui s\u2019appliqueraient \u00e0 tous, de la m\u00eame<br \/>\nmani\u00e8re.<\/em> \u00bb Le cumul des cotisations non rentr\u00e9es<br \/>\ns\u2019\u00e9l\u00e8ve \u00e0 320 millions d\u2019euros. \u00ab <em>Il y a sans<br \/>\ndoute des efforts de rationalisation \u00e0 faire. Mais<br \/>\ntout le monde criera alors au rationnement !<\/em> \u00bb<br \/>\nPour Chantal Berthelot, d\u00e9put\u00e9e PS de Guyane,<br \/>\n\u00ab <em>la r\u00e9ponse passe par la pr\u00e9vention. On doit<br \/>\naller vers \u00e7a, parce que, \u00e0 terme, il faudra \u00eatre<br \/>\nriche pour se soigner. Quoiqu\u2019il se passe en<br \/>\n2012. On est dans un tel contexte de crise qu\u2019il<br \/>\nva falloir gratter, partout. Mais pr\u00e9venir : \u00e7a, oui,<br \/>\non peut. On a pr\u00e9f\u00e9r\u00e9 soigner que pr\u00e9venir : il va<br \/>\nfalloir bouger les lignes.<\/em> \u00bb Ces efforts sont-ils \u00e0<br \/>\nvoir du c\u00f4t\u00e9 des prescripteurs ? Les praticiens<br \/>\nlib\u00e9raux ne peuvent le nier.<\/p>\n<p>Par ailleurs, dit Dumont-Dayot, \u00ab <em>la Guyane<br \/>\nn\u2019\u00e9chappe pas \u00e0 une m\u00e9dicalisation des probl\u00e8mes<br \/>\nsociaux<\/em> \u00bb. Le directeur de la CGSS<br \/>\ndit ne parvenir \u00e0 parler de son m\u00e9tier qu\u2019avec<br \/>\nses coll\u00e8gues de Marseille et de Bobigny, qui<br \/>\ndoivent aussi assumer une population en forte<br \/>\ncroissance d\u00e9mographique, souvent pr\u00e9caire,<br \/>\nmal inform\u00e9e.<\/p>\n<p>Dans un d\u00e9partement o\u00f9 le ch\u00f4mage culmine<br \/>\n\u00e0 21 %, o\u00f9 les perspectives des jeunes sont<br \/>\npresque inexistantes, o\u00f9 la peur de \u00ab l\u2019\u00e9tranger \u00bb<br \/>\nl\u2019emporte \u00e0 mesure que la crise continue de<br \/>\nfaire ses ravages, on se souvient que l\u2019on est ici<br \/>\nen France \u2014 premier consommateur au monde<br \/>\nde neuroleptiques. <div id='gallery-1' class='gallery galleryid-5013 gallery-columns-3 gallery-size-thumbnail'><figure class='gallery-item'>\n\t\t\t<div class='gallery-icon landscape'>\n\t\t\t\t<a href='https:\/\/archives.regards.fr\/wp-content\/uploads\/2011\/09\/guyc-fcb.jpg'><img loading=\"lazy\" decoding=\"async\" width=\"80\" height=\"55\" src=\"https:\/\/archives.regards.fr\/wp-content\/uploads\/2011\/09\/guyc-fcb.jpg\" class=\"attachment-thumbnail size-thumbnail\" alt=\"Guyane, la sant\u00e9 en friche\" aria-describedby=\"gallery-1-15420\" \/><\/a>\n\t\t\t<\/div>\n\t\t\t\t<figcaption class='wp-caption-text gallery-caption' id='gallery-1-15420'>\n\t\t\t\tGuyane, la sant\u00e9 en friche\n\t\t\t\t<\/figcaption><\/figure><figure class='gallery-item'>\n\t\t\t<div class='gallery-icon landscape'>\n\t\t\t\t<a href='https:\/\/archives.regards.fr\/wp-content\/uploads\/2011\/09\/guyb-c1d.jpg'><img loading=\"lazy\" decoding=\"async\" width=\"150\" height=\"122\" src=\"https:\/\/archives.regards.fr\/wp-content\/uploads\/2011\/09\/guyb-c1d-150x122.jpg\" class=\"attachment-thumbnail size-thumbnail\" alt=\"Guyane, la sant\u00e9 en friche\" aria-describedby=\"gallery-1-15421\" \/><\/a>\n\t\t\t<\/div>\n\t\t\t\t<figcaption class='wp-caption-text gallery-caption' id='gallery-1-15421'>\n\t\t\t\tGuyane, la sant\u00e9 en friche\n\t\t\t\t<\/figcaption><\/figure><figure class='gallery-item'>\n\t\t\t<div class='gallery-icon landscape'>\n\t\t\t\t<a href='https:\/\/archives.regards.fr\/wp-content\/uploads\/2011\/09\/guy-2bf.jpg'><img loading=\"lazy\" decoding=\"async\" width=\"150\" height=\"150\" src=\"https:\/\/archives.regards.fr\/wp-content\/uploads\/2011\/09\/guy-2bf-150x150.jpg\" class=\"attachment-thumbnail size-thumbnail\" alt=\"guy.jpg\" \/><\/a>\n\t\t\t<\/div><\/figure>\n\t\t<\/div>\n<\/p>\n","protected":false},"excerpt":{"rendered":"<p>En France, un d\u00e9partement sur deux est confront\u00e9 \u00e0 une baisse<br \/>\nde ses effectifs m\u00e9dicaux en 2011. D\u00e9sertification m\u00e9dicale,<br \/>\nmanque de sp\u00e9cialistes et de services \u00e0 la personne, complication<br \/>\ndes d\u00e9marches pour obtenir l\u2019Aide m\u00e9dicale de l\u2019\u00c9tat (AME) :<br \/>\nl\u2019acc\u00e8s aux soins souffre d\u2019une disparit\u00e9 toujours croissante<br \/>\nentre zones urbaines et zones rurales.<br \/>\nReportage en Guyane, qui cumule les difficult\u00e9s.<\/p>\n","protected":false},"author":1,"featured_media":15420,"comment_status":"open","ping_status":"open","sticky":false,"template":"","format":"standard","meta":{"_themeisle_gutenberg_block_has_review":false,"footnotes":""},"categories":[141],"tags":[307],"class_list":["post-5013","post","type-post","status-publish","format-standard","has-post-thumbnail","hentry","category-archives-web","tag-sante"],"_links":{"self":[{"href":"https:\/\/archives.regards.fr\/index.php?rest_route=\/wp\/v2\/posts\/5013","targetHints":{"allow":["GET"]}}],"collection":[{"href":"https:\/\/archives.regards.fr\/index.php?rest_route=\/wp\/v2\/posts"}],"about":[{"href":"https:\/\/archives.regards.fr\/index.php?rest_route=\/wp\/v2\/types\/post"}],"author":[{"embeddable":true,"href":"https:\/\/archives.regards.fr\/index.php?rest_route=\/wp\/v2\/users\/1"}],"replies":[{"embeddable":true,"href":"https:\/\/archives.regards.fr\/index.php?rest_route=%2Fwp%2Fv2%2Fcomments&post=5013"}],"version-history":[{"count":0,"href":"https:\/\/archives.regards.fr\/index.php?rest_route=\/wp\/v2\/posts\/5013\/revisions"}],"wp:featuredmedia":[{"embeddable":true,"href":"https:\/\/archives.regards.fr\/index.php?rest_route=\/wp\/v2\/media\/15420"}],"wp:attachment":[{"href":"https:\/\/archives.regards.fr\/index.php?rest_route=%2Fwp%2Fv2%2Fmedia&parent=5013"}],"wp:term":[{"taxonomy":"category","embeddable":true,"href":"https:\/\/archives.regards.fr\/index.php?rest_route=%2Fwp%2Fv2%2Fcategories&post=5013"},{"taxonomy":"post_tag","embeddable":true,"href":"https:\/\/archives.regards.fr\/index.php?rest_route=%2Fwp%2Fv2%2Ftags&post=5013"}],"curies":[{"name":"wp","href":"https:\/\/api.w.org\/{rel}","templated":true}]}}