{"id":5001,"date":"2011-09-30T09:00:00","date_gmt":"2011-09-30T07:00:00","guid":{"rendered":"https:\/\/wp.muchomaas.com\/de-l-autre-cote-de-la-glace5001\/"},"modified":"2011-09-30T09:00:00","modified_gmt":"2011-09-30T07:00:00","slug":"de-l-autre-cote-de-la-glace5001","status":"publish","type":"post","link":"https:\/\/archives.regards.fr\/?p=5001","title":{"rendered":"De l\u2019autre cot\u00e9 de la glace"},"content":{"rendered":"<p class=\"post_excerpt\">Christoph Marthaler<\/p>\n<p>Apr\u00e8s avoir \u00e9t\u00e9 le th\u00e9\u00e2tre de l\u2019exploration<br \/>\ninternationale pendant<br \/>\ndes si\u00e8cles, et plus r\u00e9cemment<br \/>\nde nouvelles revendications territoriales,<br \/>\nle Grand Nord intrigue<br \/>\naujourd\u2019hui bon nombre de plasticiens,<br \/>\nde compositeurs, de<br \/>\nphilosophes, d\u2019\u00e9crivains. Cette<br \/>\nfois-ci, c\u2019est le metteur en sc\u00e8ne<br \/>\nsuisse Christoph Marthaler qui s\u2019y<br \/>\ncolle. Apr\u00e8s avoir pass\u00e9 sept semaines<br \/>\nen immersion avec toute<br \/>\nsa bande, \u00e0 Nuuk, la capitale du<br \/>\nGroenland, il ram\u00e8ne les fruits de<br \/>\nson enqu\u00eate au milieu des chasseurs<br \/>\net p\u00eacheurs. Comment<br \/>\ncette \u00e9quipe d\u2019artistes s\u2019est-elle<br \/>\nadapt\u00e9e \u00e0 un environnement aussi<br \/>\n\u00e9trange et en pleine disparition ?<\/p>\n","protected":false},"excerpt":{"rendered":"<p>Christoph Marthaler<\/p>\n","protected":false},"author":1,"featured_media":15385,"comment_status":"open","ping_status":"open","sticky":false,"template":"","format":"standard","meta":{"_themeisle_gutenberg_block_has_review":false,"footnotes":""},"categories":[111],"tags":[405],"class_list":["post-5001","post","type-post","status-publish","format-standard","has-post-thumbnail","hentry","category-nos-selections","tag-theatre"],"_links":{"self":[{"href":"https:\/\/archives.regards.fr\/index.php?rest_route=\/wp\/v2\/posts\/5001","targetHints":{"allow":["GET"]}}],"collection":[{"href":"https:\/\/archives.regards.fr\/index.php?rest_route=\/wp\/v2\/posts"}],"about":[{"href":"https:\/\/archives.regards.fr\/index.php?rest_route=\/wp\/v2\/types\/post"}],"author":[{"embeddable":true,"href":"https:\/\/archives.regards.fr\/index.php?rest_route=\/wp\/v2\/users\/1"}],"replies":[{"embeddable":true,"href":"https:\/\/archives.regards.fr\/index.php?rest_route=%2Fwp%2Fv2%2Fcomments&post=5001"}],"version-history":[{"count":0,"href":"https:\/\/archives.regards.fr\/index.php?rest_route=\/wp\/v2\/posts\/5001\/revisions"}],"wp:featuredmedia":[{"embeddable":true,"href":"https:\/\/archives.regards.fr\/index.php?rest_route=\/wp\/v2\/media\/15385"}],"wp:attachment":[{"href":"https:\/\/archives.regards.fr\/index.php?rest_route=%2Fwp%2Fv2%2Fmedia&parent=5001"}],"wp:term":[{"taxonomy":"category","embeddable":true,"href":"https:\/\/archives.regards.fr\/index.php?rest_route=%2Fwp%2Fv2%2Fcategories&post=5001"},{"taxonomy":"post_tag","embeddable":true,"href":"https:\/\/archives.regards.fr\/index.php?rest_route=%2Fwp%2Fv2%2Ftags&post=5001"}],"curies":[{"name":"wp","href":"https:\/\/api.w.org\/{rel}","templated":true}]}}