{"id":4987,"date":"2011-09-08T10:35:54","date_gmt":"2011-09-08T08:35:54","guid":{"rendered":"https:\/\/wp.muchomaas.com\/arnaud-montebourg-il-faut4987\/"},"modified":"2023-06-23T23:09:07","modified_gmt":"2023-06-23T21:09:07","slug":"arnaud-montebourg-il-faut4987","status":"publish","type":"post","link":"https:\/\/archives.regards.fr\/?p=4987","title":{"rendered":"Arnaud Montebourg: \u00ab Il faut reprendre le pouvoir \u00bb"},"content":{"rendered":"<p class=\"post_excerpt\">Arnaud Montebourg, le plus \u00e0<br \/>\ngauche des candidats \u00e0 la primaire<br \/>\nsocialiste, est l&#8217;architecte<br \/>\ndu processus et porteur du concept de<br \/>\n\u00ab d\u00e9mondialisation \u00bb. Il revendique sa<br \/>\nradicalit\u00e9&#8230; et entend en d\u00e9coudre.<\/p>\n<p><strong>Regards.fr:<\/strong> <strong> <em>Comment r\u00e9agissez-vous aux r\u00e9ponses<br \/>\ndonn\u00e9es par Nicolas Sarkozy \u00e0 la crise<br \/>\nque nous traversons ?<\/em> <\/strong><\/p>\n<p><strong>Arnaud Montebourg:<\/strong> Les march\u00e9s d\u00e9montrent encore une fois qu\u2019ils<br \/>\nsont plus forts que la politique et rien, dans la<br \/>\nrencontre entre Nicolas Sarkozy et Angela Merkel,<br \/>\nn\u2019est de nature \u00e0 dompter les march\u00e9s. Il<br \/>\nfaut prendre ses responsabilit\u00e9s et s\u2019attaquer<br \/>\nr\u00e9ellement aux int\u00e9r\u00eats financiers, ce que ne<br \/>\nfont pas les gouvernements pro-march\u00e9 libre.<br \/>\nLa France, de m\u00eame que l\u2019Allemagne, n\u2019est pas<br \/>\nun petit pays, c\u2019est une puissance \u00e9conomique<br \/>\net financi\u00e8re et elle devrait \u00e0 ce titre exercer<br \/>\nsa responsabilit\u00e9 dans le leadership tendant \u00e0<br \/>\nredonner du pouvoir \u00e0 l\u2019action publique contre<br \/>\nles exc\u00e8s et les abus dangereux de la finance.<br \/>\nIl faut inventer un colbertisme europ\u00e9en, c\u2019est\u00e0-<br \/>\ndire une reprise en main du syst\u00e8me \u00e9conomique<br \/>\npar le politique. Seul point positif de<br \/>\ncette rencontre, la taxation sur les transactions<br \/>\nfinanci\u00e8res. Mais, il faut maintenant la voter.<br \/>\nNous sommes un pilier de la zone euro et nous<br \/>\npouvons parfaitement d\u00e9cider unilat\u00e9ralement<br \/>\nde taxer les transactions financi\u00e8res.<\/p>\n<p><strong>Regards.fr:<\/strong> <strong> <em>Quelles sont vos priorit\u00e9s pour remettre<br \/>\nla main sur le syst\u00e8me financier ?<\/em> <\/strong><\/p>\n<p><strong>Arnaud Montebourg:<\/strong> On a mis des radars sur toutes les routes de<br \/>\nFrance, mais on a totalement oubli\u00e9 d\u2019en mettre<br \/>\nsur celles de la finance. Il faut des r\u00e8gles. La<br \/>\npremi\u00e8re loi que je mettrais en place si j\u2019\u00e9tais<br \/>\n\u00e9lu comporterait douze mesures essentielles.<br \/>\nEn voici 6 d\u2019entre elles : il faut fermer les filiales<br \/>\ndes \u00e9tablissements financiers situ\u00e9es dans les<br \/>\nparadis fiscaux, instaurer un salaire maximum,<br \/>\nfix\u00e9 par la loi, pour les traders, les courtiers et<br \/>\nles dirigeants des institutions financi\u00e8res, d\u00e9manteler<br \/>\nles agences de notation, cr\u00e9er une<br \/>\ntaxe sur les transactions financi\u00e8res ou encore<br \/>\nprendre des mesures de prohibition de la sp\u00e9culation.<br \/>\nIl faut aussi prot\u00e9ger les victimes des<br \/>\nabus du syst\u00e8me bancaire en effa\u00e7ant une partie<br \/>\ndu surendettement des particuliers&#8230;<br \/>\nCe ne sont pas des mesure na\u00efves. Elle sont<br \/>\ns\u00e9v\u00e8res et fermes, difficiles car li\u00e9es \u00e0 des int\u00e9r\u00eats<br \/>\ncolossaux, mais indispensables \u00e0 prendre.<br \/>\nOn ne peut plus \u00eatre les jouets des march\u00e9s.<\/p>\n<p><strong>Regards.fr:<\/strong> <strong> <em>C\u2019est ce que vous appelez la \u00ab d\u00e9mondialisation<br \/>\n\u00bb [[<em>Des id\u00e9es et des r\u00eaves<\/em>, de Arnaud Montebourg,]]. Mais, concr\u00e8tement, on \u00ab d\u00e9mondialise \u00bb tout seul dans son coin, en France ?<\/em> <\/strong><\/p>\n<p><strong>Arnaud Montebourg:<\/strong> La loi d\u00e9cide d\u2019imposer des r\u00e8gles, avec des<br \/>\nsanctions civiles ou p\u00e9nales en cas de nonrespect,<br \/>\nque les op\u00e9rateurs des march\u00e9s sont<br \/>\ncontraints d\u2019ex\u00e9cuter s\u2019ils ne veulent pas \u00eatre<br \/>\npersonnellement poursuivis. C\u2019est la force de<br \/>\nla r\u00e8gle l\u00e9gale qu\u2019il faut r\u00e9apprendre \u00e0 mesurer<br \/>\napr\u00e8s ces d\u00e9cennies de d\u00e9r\u00e9glementation<br \/>\nqui ont fait croire aux citoyens qu\u2019ils n\u2019avaient<br \/>\npas d\u2019autres solutions que l\u2019absence de loi.<br \/>\nBien s\u00fbr que, dans un premier temps, cela peut<br \/>\navoir un co\u00fbt, mais celui-l\u00e0 sera pour les op\u00e9rateurs<br \/>\nfinanciers les plus ind\u00e9licats et abusifs.<br \/>\nIl est pr\u00e9f\u00e9rable de mesurer le co\u00fbt exorbitant, pour les peuples, du laisser-faire. Le g\u00e9n\u00e9ral de<br \/>\nGaulle disait que la politique ne doit pas se faire<br \/>\n\u00ab \u00e0 la corbeille \u00bb. C\u2019est pourtant aujourd\u2019hui le<br \/>\ncas. Nous avons admis l\u2019id\u00e9e que la politique<br \/>\nn\u2019a plus de pouvoir. Il faut contester cette id\u00e9e.<br \/>\nLes arsenaux juridiques, r\u00e9glementaires et politiques<br \/>\npeuvent emp\u00eacher le syst\u00e8me de faire<br \/>\nn\u2019importe quoi. Il suffit de le d\u00e9cider.<\/p>\n<p><strong>Regards.fr:<\/strong> <strong> <em>Les socialistes mesurent-ils l\u2019ampleur du<br \/>\nchangement n\u00e9cessaire ?<\/em> <\/strong><\/p>\n<p><strong>Arnaud Montebourg:<\/strong> C\u2019est une question fondamentale. Nous pourrons,<br \/>\navec succ\u00e8s, affronter Nicolas Sarkozy si<br \/>\nnous avons un autre chemin \u00e0 proposer. Nous<br \/>\navons besoin d\u2019organiser un nouveau monde<br \/>\npour ne pas aller de crise en crise. C\u2019est ce que<br \/>\nje d\u00e9fends dans mon programme, \u00ab La nouvelle<br \/>\nFrance \u00bb, sur les plans d\u00e9mocratique, social,<br \/>\nfinancier, \u00e9cologique&#8230; La crise que nous traversons<br \/>\nrestera comme une grande secousse de<br \/>\nl\u2019histoire. Elle aura des cons\u00e9quences politiques.<br \/>\nNous avons besoin de dirigeants qui n\u2019ont pas<br \/>\npeur de la puissance des int\u00e9r\u00eats en cause, car le<br \/>\nconservatisme lib\u00e9ral voudra pr\u00e9server ses int\u00e9r\u00eats.<br \/>\nIl ne faudra pas flancher face \u00e0 cela.<br \/>\nJ\u2019ai d\u00e9fendu ces id\u00e9es au PS, sans grand succ\u00e8s.<br \/>\nC\u2019est une des raisons de ma candidature \u00e0 la primaire.<br \/>\nMais, mes propositions ne sont pas incompatibles<br \/>\navec celles de mes camarades du PS.<br \/>\nElles sont compl\u00e9mentaires et enrichissantes,<br \/>\ntout en \u00e9tant plus exigeantes et audacieuses. Elle<br \/>\nsont en fait \u00e0 la hauteur de l\u2019extr\u00e9misme cruel de<br \/>\nnotre syst\u00e8me lib\u00e9ral. Enfin, je ne consid\u00e8re pas<br \/>\n\u00eatre seul \u00e0 d\u00e9fendre ces valeurs. L\u2019id\u00e9e qu\u2019il faut<br \/>\nreprendre le pouvoir s\u2019installe durablement.<\/p>\n<p><strong>Regards.fr:<\/strong> <strong> <em>Vous retrouvez-vous dans le ralliement<br \/>\ndu PS \u00e0 l\u2019objectif fix\u00e9 par Nicolas<br \/>\nSarkozy de revenir \u00e0 3 % de d\u00e9ficit d\u00e8s 2013 ?<\/em> <\/strong><\/p>\n<p><strong>Arnaud Montebourg:<\/strong> Non. Malgr\u00e9 l\u2019amiti\u00e9 que je leur porte, le fait que<br \/>\nFran\u00e7ois Hollande et Martine Aubry consid\u00e8rent<br \/>\nque les crit\u00e8res de Maastricht doivent \u00eatre r\u00e9alis\u00e9s<br \/>\nd\u00e8s 2013 est un v\u00e9ritable probl\u00e8me. C\u2019est<br \/>\nune faute strat\u00e9gique parce qu\u2019il s\u2019agit d\u2019une<br \/>\nmise en accusation des Etats. Or, ceux-ci ne<br \/>\nsont pas responsables de la crise financi\u00e8re<br \/>\net sont les seuls \u00e0 pouvoir sauver le syst\u00e8me<br \/>\n\u00e9conomique. Ensuite, les crit\u00e8res de Maastricht<br \/>\nn\u2019ont aucun sens et n\u2019ont d\u2019ailleurs jamais \u00e9t\u00e9<br \/>\nappliqu\u00e9s. C\u2019est une absurdit\u00e9 d\u2019annoncer que<br \/>\nl\u2019on veut mettre \u00e0 ex\u00e9cution des crit\u00e8res inapplicables.<br \/>\nEt encore ! ils sont moins rigoureux que<br \/>\nla r\u00e8gle d\u2019or voulue par Nicolas Sarkozy, c\u2019est<br \/>\ndire si cette derni\u00e8re est absurde.<br \/>\nL\u2019aust\u00e9rit\u00e9, c\u2019est la saign\u00e9e du m\u00e9decin de Moli\u00e8re,<br \/>\nune mani\u00e8re de mourir exsangue et avec<br \/>\nle sourire, persuad\u00e9 d\u2019avoir enfin trouv\u00e9 le rem\u00e8de<br \/>\n! La seule r\u00e8gle d\u2019or valable est celle que<br \/>\nles dirigeants politiques ont sur leurs \u00e9paules.<br \/>\nC\u2019est ce qui s\u2019est pass\u00e9 avec le gouvernement<br \/>\nJospin.<br \/>\nIl a quitt\u00e9 Matignon en ayant l\u00e9g\u00e8rement<br \/>\nd\u00e9sendett\u00e9 le pays.<\/p>\n<p><strong>Regards.fr:<\/strong> <strong> <em>Qu\u2019est ce qui a chang\u00e9 au PS pour enrayer<br \/>\nla spirale de la d\u00e9faite ?<\/em> <\/strong><\/p>\n<p><strong>Arnaud Montebourg:<\/strong> Pour que les citoyens croient \u00e0 nouveau au<br \/>\nprimat du politique sur l\u2019\u00e9conomie, il faut aussi offrir des leviers d\u2019action concrets. Pour la premi\u00e8re<br \/>\nfois dans l\u2019histoire, le peuple de gauche a<br \/>\nl\u2019opportunit\u00e9 de venir choisir avec nous le candidat<br \/>\nqui d\u00e9fendra ses valeurs. Ceux qui critiquent<br \/>\nle PS ont maintenant l\u2019occasion de s\u2019exprimer. Il y<br \/>\na chez les Fran\u00e7ais une d\u00e9fiance, une inqui\u00e9tude,<br \/>\nmais aussi une grande disponibilit\u00e9 pour avancer.<br \/>\nCes primaires sont prometteuses. Il y aura de l\u2019affluence<br \/>\net aussi un d\u00e9sir de provoquer la surprise.<br \/>\nEn ouvrant les primaires \u00e0 tous, on enl\u00e8ve aux militants<br \/>\nsocialistes une partie de leur pouvoir&#8230;<br \/>\nLes militant s ne perdent rien, ils partagent. Le<br \/>\nPS n\u2019est ni une secte ni un groupuscule, mais un<br \/>\nparti de gouvernement. Un militant socialiste est<br \/>\nun homme dans son temps et dans son si\u00e8cle,<br \/>\nil a envie d\u2019\u00eatre entour\u00e9 de millions de gens qui<br \/>\nveulent \u00e9changer et construire.<br \/>\nQuand un parti se professionnalise, que les \u00e9tages<br \/>\nse peuplent d\u2019\u00e9lus, de super \u00e9lus, de petits \u00e9lus<br \/>\nou d\u2019aspirants \u00e9lus, lorsque la base militante vieillit<br \/>\net devient nostalgique, que la jeunesse part pour<br \/>\nd\u2019autre partis de gauche, il faut se renouveler. Les<br \/>\nprimaires ouvertes sont une riposte strat\u00e9gique \u00e0<br \/>\ncet affaiblissement. Nous ouvrons les portes et les<br \/>\nfen\u00eatres de l\u2019appareil politique du PS, aussi parce<br \/>\nque celui-ci s\u2019est souvent tromp\u00e9. Ce n\u2019est plus lui<br \/>\nqui d\u00e9cide mais le peuple de gauche, qui participe<br \/>\n\u00e0 la d\u00e9cision, et c\u2019est l\u2019appareil politique qui ex\u00e9cute.<br \/>\nC\u2019est une chance historique pour ce peuple<br \/>\nde se faire entendre.<br \/>\nJe lance un appel aux \u00e9lecteurs du parti de Jean-<br \/>\nLuc M\u00e9lenchon, aux \u00e9lecteurs du parti de Jean-<br \/>\nPierre Chev\u00e8nement, \u00e0 ceux du parti de Christiane<br \/>\nTaubira et de Jean-Michel Baylet, \u00e0 ceux du parti<br \/>\nde C\u00e9cile Duflot et de Daniel Cohn-<br \/>\nBendit. Chacun<br \/>\ndoit se m\u00ealer de savoir qui le repr\u00e9sentera<br \/>\nau deuxi\u00e8me tour de l\u2019\u00e9lection pr\u00e9sidentielle.<br \/>\nLorsque Nicolas Hulot dit que je suis le plus \u00e9cologiste<br \/>\ndes candidats socialistes, que Jean-Luc<br \/>\nM\u00e9lenchon estime qu\u2019il y a des points de convergence<br \/>\nentre nous deux, lorsque Jean-Pierre Chev\u00e8nement<br \/>\nd\u00e9clare qu\u2019il voterait pour moi s\u2019il prenait<br \/>\npart \u00e0 la primaire ou encore que Christiane<br \/>\nTaubira entre dans la campagne pour me soutenir,<br \/>\nje consid\u00e8re que je suis le candidat au centre<br \/>\nde gravit\u00e9 de toutes les gauches, capable mieux<br \/>\nque d\u2019autres de rassembler.<\/p>\n<div id='gallery-1' class='gallery galleryid-4987 gallery-columns-3 gallery-size-thumbnail'><figure class='gallery-item'>\n\t\t\t<div class='gallery-icon landscape'>\n\t\t\t\t<a href='https:\/\/archives.regards.fr\/wp-content\/uploads\/2011\/09\/monteb-2-52d.jpg'><img loading=\"lazy\" decoding=\"async\" width=\"150\" height=\"122\" src=\"https:\/\/archives.regards.fr\/wp-content\/uploads\/2011\/09\/monteb-2-52d-150x122.jpg\" class=\"attachment-thumbnail size-thumbnail\" alt=\"Arnaud Montebourg: \u00ab Il faut reprendre le pouvoir \u00bb\" aria-describedby=\"gallery-1-15349\" \/><\/a>\n\t\t\t<\/div>\n\t\t\t\t<figcaption class='wp-caption-text gallery-caption' id='gallery-1-15349'>\n\t\t\t\tArnaud Montebourg: \u00ab Il faut reprendre le pouvoir \u00bb\n\t\t\t\t<\/figcaption><\/figure><figure class='gallery-item'>\n\t\t\t<div class='gallery-icon landscape'>\n\t\t\t\t<a href='https:\/\/archives.regards.fr\/wp-content\/uploads\/2011\/09\/montes-2-937.jpg'><img loading=\"lazy\" decoding=\"async\" width=\"150\" height=\"150\" src=\"https:\/\/archives.regards.fr\/wp-content\/uploads\/2011\/09\/montes-2-937-150x150.jpg\" class=\"attachment-thumbnail size-thumbnail\" alt=\"Arnaud Montebourg: \u00ab Il faut reprendre le pouvoir \u00bb\" aria-describedby=\"gallery-1-15350\" \/><\/a>\n\t\t\t<\/div>\n\t\t\t\t<figcaption class='wp-caption-text gallery-caption' id='gallery-1-15350'>\n\t\t\t\tArnaud Montebourg: \u00ab Il faut reprendre le pouvoir \u00bb\n\t\t\t\t<\/figcaption><\/figure>\n\t\t<\/div>\n\n","protected":false},"excerpt":{"rendered":"<p>Arnaud Montebourg, le plus \u00e0<br \/>\ngauche des candidats \u00e0 la primaire<br \/>\nsocialiste, est l&#8217;architecte<br \/>\ndu processus et porteur du concept de<br \/>\n\u00ab d\u00e9mondialisation \u00bb. Il revendique sa<br \/>\nradicalit\u00e9&#8230; et entend en d\u00e9coudre.<\/p>\n","protected":false},"author":569,"featured_media":15349,"comment_status":"open","ping_status":"open","sticky":false,"template":"","format":"standard","meta":{"_themeisle_gutenberg_block_has_review":false,"footnotes":""},"categories":[141],"tags":[290,293,295,390],"class_list":["post-4987","post","type-post","status-publish","format-standard","has-post-thumbnail","hentry","category-archives-web","tag-elections","tag-entretien","tag-nupes","tag-parti-socialiste"],"_links":{"self":[{"href":"https:\/\/archives.regards.fr\/index.php?rest_route=\/wp\/v2\/posts\/4987","targetHints":{"allow":["GET"]}}],"collection":[{"href":"https:\/\/archives.regards.fr\/index.php?rest_route=\/wp\/v2\/posts"}],"about":[{"href":"https:\/\/archives.regards.fr\/index.php?rest_route=\/wp\/v2\/types\/post"}],"author":[{"embeddable":true,"href":"https:\/\/archives.regards.fr\/index.php?rest_route=\/wp\/v2\/users\/569"}],"replies":[{"embeddable":true,"href":"https:\/\/archives.regards.fr\/index.php?rest_route=%2Fwp%2Fv2%2Fcomments&post=4987"}],"version-history":[{"count":0,"href":"https:\/\/archives.regards.fr\/index.php?rest_route=\/wp\/v2\/posts\/4987\/revisions"}],"wp:featuredmedia":[{"embeddable":true,"href":"https:\/\/archives.regards.fr\/index.php?rest_route=\/wp\/v2\/media\/15349"}],"wp:attachment":[{"href":"https:\/\/archives.regards.fr\/index.php?rest_route=%2Fwp%2Fv2%2Fmedia&parent=4987"}],"wp:term":[{"taxonomy":"category","embeddable":true,"href":"https:\/\/archives.regards.fr\/index.php?rest_route=%2Fwp%2Fv2%2Fcategories&post=4987"},{"taxonomy":"post_tag","embeddable":true,"href":"https:\/\/archives.regards.fr\/index.php?rest_route=%2Fwp%2Fv2%2Ftags&post=4987"}],"curies":[{"name":"wp","href":"https:\/\/api.w.org\/{rel}","templated":true}]}}