{"id":4986,"date":"2011-09-08T21:50:08","date_gmt":"2011-09-08T19:50:08","guid":{"rendered":"https:\/\/wp.muchomaas.com\/elections-ouvertes-la-fausse-bonne4986\/"},"modified":"2023-06-23T23:09:06","modified_gmt":"2023-06-23T21:09:06","slug":"elections-ouvertes-la-fausse-bonne4986","status":"publish","type":"post","link":"https:\/\/archives.regards.fr\/?p=4986","title":{"rendered":"Elections ouvertes, la fausse bonne id\u00e9e"},"content":{"rendered":"<p class=\"post_excerpt\">Le processus des primaires ouvertes<br \/>\ns\u2019est install\u00e9 au PS. En apparence,<br \/>\nun moment de d\u00e9bat public, o\u00f9<br \/>\ntout le peuple de gauche pourra choisir<br \/>\nson candidat, parmi un large \u00e9ventail<br \/>\nd&#8217;id\u00e9es. En fait, les choses sont moins\u2026<br \/>\nroses qu\u2019il n\u2019y para\u00eet. Sous ses airs d\u00e9mocratiques,<br \/>\nce choix trahit un glissement<br \/>\ndu militantisme \u00e0 long terme vers<br \/>\nl\u2019efficacit\u00e9 politique \u00e0 court terme.<\/p>\n<p>La logique des primaires d\u00e9coule des caract\u00e9ristiques<br \/>\nmajoritaires du scrutin pr\u00e9sidentiel.<br \/>\nIl faut mobiliser suffisamment l\u2019\u00e9lectorat<br \/>\nde gauche pour franchir la barre du second<br \/>\ntour et gagner assez de r\u00e9serves au-del\u00e0 pour<br \/>\nl\u2019emporter au second. Deux mod\u00e8les de mobilisation<br \/>\nsont ainsi pensables. Ou bien on s\u2019attache avant tout \u00e0 mobiliser le noyau originel,<br \/>\nautour de ses valeurs fondamentales ; ou bien,<br \/>\ndroite et gauche \u00e9tant \u00e0 peu pr\u00e8s \u00e9quilibr\u00e9es,<br \/>\non cherche \u00e0 grignoter la marge, du c\u00f4t\u00e9 des<br \/>\nfranges les plus incertaines du camp adverse.<br \/>\nOn gagne \u00e0 gauche ou \u00e0 droite, ou au centre\u2026<\/p>\n<p>Les pivots centraux de mobilisation \u00e0 gauche<br \/>\nsont \u00e0 la fois sociologiques (les cat\u00e9gories<br \/>\npopulaires) et id\u00e9ologico-culturels (les valeurs<br \/>\nfusionn\u00e9es de l\u2019\u00e9galit\u00e9 et de la libert\u00e9). Les activer<br \/>\nsuppose de les adosser \u00e0 des projets et des<br \/>\nprogrammes nettement marqu\u00e9s \u00e0 gauche (le<br \/>\ntriptyque de la transformation sociale, de l\u2019antilib\u00e9ralisme<br \/>\net de l\u2019anticapitalisme). C\u2019est ce qu\u2019a<br \/>\nfait le Parti socialiste mitterrandien des ann\u00e9es<br \/>\n1970. Or, les socialistes se sont convaincus<br \/>\ndepuis que ce programme est inapplicable et<br \/>\nqu\u2019il conduit ipso facto \u00e0 la d\u00e9ception ult\u00e9rieure.<br \/>\nIls se sont donc peu ou prou rapproch\u00e9s de la<br \/>\nseconde option : gagner le plus possible de<br \/>\ncontingents du centre. Mais, ce choix oblige le<br \/>\nPS \u00e0 trouver un tr\u00e8s d\u00e9licat \u00e9quilibre : mobiliser<br \/>\n\u00e0 la fois l\u2019\u00e9lectorat de gauche et une partie du<br \/>\ncamp adverse. L\u2019organisation de primaires est<br \/>\nla r\u00e9ponse technique \u00e0 un probl\u00e8me r\u00e9current<br \/>\ndepuis 1995. L\u2019espace militant \u00e9tant r\u00e9put\u00e9<br \/>\ntrop sensible \u00e0 la \u00ab propension identitaire \u00bb (un<br \/>\ncandidat qui \u00ab incarne \u00bb au mieux le coeur de la<br \/>\ngauche), on constitue un corps \u00e9lectoral interne<br \/>\nsuffisamment large pour pr\u00e9figurer le corps<br \/>\n\u00e9lectoral r\u00e9el.<\/p>\n<p>Le choix est d\u2019autant plus fonctionnel que les<br \/>\ncandidats en lice ne se distinguent que marginalement<br \/>\nsur la question du projet fondamental.<br \/>\nDans l\u2019ensemble, le panel qui concourt aux suffrages<br \/>\ninternes s\u2019inscrit \u00e0 des degr\u00e9s variables<br \/>\ndans le corpus id\u00e9ologique de la social-d\u00e9mocratie<br \/>\nde l\u2019apr\u00e8s-choc n\u00e9olib\u00e9ral. Nous sommes<br \/>\ndans un contexte de social-d\u00e9mocratie ajust\u00e9e<br \/>\net id\u00e9ologiquement recentr\u00e9e. La configuration<br \/>\nid\u00e9ale est ainsi celle qui met face-\u00e0-face,<br \/>\ndans une primaire \u00e0 l\u2019am\u00e9ricaine, des candidats<br \/>\n\u00ab centraux \u00bb (Aubry, Hollande, Royal), qui<br \/>\nfournissent des mod\u00e8les de candidats aptes au<br \/>\nsecond tour, et des candidats \u00ab de la frange \u00bb,<br \/>\n\u00e0 droite (Valls) ou \u00e0 gauche (Montebourg), qui<br \/>\npermettent de concr\u00e9tiser l\u2019id\u00e9e que le PS est<br \/>\nen lui-m\u00eame le parti de toute la gauche.<\/p>\n<p>Le probl\u00e8me est que ce choix fonctionnel a trois<br \/>\neffets pervers particuli\u00e8rement redoutables.<br \/>\nEn dessaisissant partiellement les militants, il<br \/>\nd\u00e9valorise la structuration militante en continu,<br \/>\net donc l\u2019engagement p\u00e9renne, au profit de la<br \/>\nmobilisation \u00e9lectorale conjoncturelle, et donc<br \/>\ndu calcul de circonstance. On \u00e9carte th\u00e9oriquement<br \/>\nun danger, celui de l\u2019ossification partisane.<br \/>\nEn r\u00e9alit\u00e9, on risque de d\u00e9l\u00e9gitimer l\u2019engagement<br \/>\nmilitant de long souffle.<\/p>\n<p>En mettant la totalit\u00e9 de la m\u00e9canique partisane<br \/>\nau diapason de l\u2019\u00e9lection pr\u00e9sidentielle,<br \/>\non l\u00e9gitime un peu plus la logique politique<br \/>\nqu\u2019elle porte. Or, cette logique est une des<br \/>\nracines de la crise civique contemporaine. L\u00e0<br \/>\nencore, on fait le choix de l\u2019efficacit\u00e9 \u00e0 court<br \/>\nterme (la \u00ab bonne technique \u00bb de s\u00e9lection des<br \/>\ncandidats) contre la logique de politisation \u00e0<br \/>\nlong terme. Au fond, comme dans les soci\u00e9t\u00e9s<br \/>\nactuelles, on pr\u00e9f\u00e8re la \u00ab bonne gouvernance \u00bb<br \/>\n\u00e0 la d\u00e9mocratie\u2026<\/p>\n<p>Enfin, la logique de \u00ab l\u2019attrape-tout \u00bb accentue<br \/>\nle tropisme vers le centre. Si les fronti\u00e8res<br \/>\nde la gauche et de la droite s\u2019estompent sur<br \/>\nle fond des choix \u00e9conomico-sociaux, le choix<br \/>\ndes candidats devient une simple question de<br \/>\ncommunication. Il ne faut pas trop perdre sur<br \/>\nla gauche, mais l\u2019essentiel se joue au centre,<br \/>\nnotamment dans les franges d\u00e9\u00e7ues par l\u2019exercice<br \/>\ndu pouvoir du camp adverse.<\/p>\n<p>Erreur fondamentale de perspective\u2026 En<br \/>\nsituation de crise civique, ce sont les noyaux<br \/>\nde mobilisation de la droite et de la gauche qui<br \/>\nsont en question. Et quand la crise \u00e9conomique<br \/>\nse fait syst\u00e9mique, ce n\u2019est pas vers les r\u00e9gulations<br \/>\nmarginales que se noue son issue.<div id='gallery-1' class='gallery galleryid-4986 gallery-columns-3 gallery-size-thumbnail'><figure class='gallery-item'>\n\t\t\t<div class='gallery-icon landscape'>\n\t\t\t\t<a href='https:\/\/archives.regards.fr\/wp-content\/uploads\/2011\/09\/voteb-04f.jpg'><img loading=\"lazy\" decoding=\"async\" width=\"150\" height=\"122\" src=\"https:\/\/archives.regards.fr\/wp-content\/uploads\/2011\/09\/voteb-04f-150x122.jpg\" class=\"attachment-thumbnail size-thumbnail\" alt=\"Elections ouvertes, la fausse bonne id\u00e9e\" aria-describedby=\"gallery-1-15345\" \/><\/a>\n\t\t\t<\/div>\n\t\t\t\t<figcaption class='wp-caption-text gallery-caption' id='gallery-1-15345'>\n\t\t\t\tElections ouvertes, la fausse bonne id\u00e9e\n\t\t\t\t<\/figcaption><\/figure><figure class='gallery-item'>\n\t\t\t<div class='gallery-icon landscape'>\n\t\t\t\t<a href='https:\/\/archives.regards.fr\/wp-content\/uploads\/2011\/09\/votec-399.jpg'><img loading=\"lazy\" decoding=\"async\" width=\"80\" height=\"55\" src=\"https:\/\/archives.regards.fr\/wp-content\/uploads\/2011\/09\/votec-399.jpg\" class=\"attachment-thumbnail size-thumbnail\" alt=\"Elections ouvertes, la fausse bonne id\u00e9e\" aria-describedby=\"gallery-1-15346\" \/><\/a>\n\t\t\t<\/div>\n\t\t\t\t<figcaption class='wp-caption-text gallery-caption' id='gallery-1-15346'>\n\t\t\t\tElections ouvertes, la fausse bonne id\u00e9e\n\t\t\t\t<\/figcaption><\/figure><figure class='gallery-item'>\n\t\t\t<div class='gallery-icon landscape'>\n\t\t\t\t<a href='https:\/\/archives.regards.fr\/wp-content\/uploads\/2011\/09\/vote-bcd.jpg'><img loading=\"lazy\" decoding=\"async\" width=\"150\" height=\"150\" src=\"https:\/\/archives.regards.fr\/wp-content\/uploads\/2011\/09\/vote-bcd-150x150.jpg\" class=\"attachment-thumbnail size-thumbnail\" alt=\"vote.jpg\" \/><\/a>\n\t\t\t<\/div><\/figure>\n\t\t<\/div>\n<\/p>\n","protected":false},"excerpt":{"rendered":"<p>Le processus des primaires ouvertes<br \/>\ns\u2019est install\u00e9 au PS. En apparence,<br \/>\nun moment de d\u00e9bat public, o\u00f9<br \/>\ntout le peuple de gauche pourra choisir<br \/>\nson candidat, parmi un large \u00e9ventail<br \/>\nd&#8217;id\u00e9es. En fait, les choses sont moins\u2026<br \/>\nroses qu\u2019il n\u2019y para\u00eet. Sous ses airs d\u00e9mocratiques,<br \/>\nce choix trahit un glissement<br \/>\ndu militantisme \u00e0 long terme vers<br \/>\nl\u2019efficacit\u00e9 politique \u00e0 court terme.<\/p>\n","protected":false},"author":328,"featured_media":15345,"comment_status":"open","ping_status":"open","sticky":false,"template":"","format":"standard","meta":{"_themeisle_gutenberg_block_has_review":false,"footnotes":""},"categories":[141],"tags":[290,295,390],"class_list":["post-4986","post","type-post","status-publish","format-standard","has-post-thumbnail","hentry","category-archives-web","tag-elections","tag-nupes","tag-parti-socialiste"],"_links":{"self":[{"href":"https:\/\/archives.regards.fr\/index.php?rest_route=\/wp\/v2\/posts\/4986","targetHints":{"allow":["GET"]}}],"collection":[{"href":"https:\/\/archives.regards.fr\/index.php?rest_route=\/wp\/v2\/posts"}],"about":[{"href":"https:\/\/archives.regards.fr\/index.php?rest_route=\/wp\/v2\/types\/post"}],"author":[{"embeddable":true,"href":"https:\/\/archives.regards.fr\/index.php?rest_route=\/wp\/v2\/users\/328"}],"replies":[{"embeddable":true,"href":"https:\/\/archives.regards.fr\/index.php?rest_route=%2Fwp%2Fv2%2Fcomments&post=4986"}],"version-history":[{"count":0,"href":"https:\/\/archives.regards.fr\/index.php?rest_route=\/wp\/v2\/posts\/4986\/revisions"}],"wp:featuredmedia":[{"embeddable":true,"href":"https:\/\/archives.regards.fr\/index.php?rest_route=\/wp\/v2\/media\/15345"}],"wp:attachment":[{"href":"https:\/\/archives.regards.fr\/index.php?rest_route=%2Fwp%2Fv2%2Fmedia&parent=4986"}],"wp:term":[{"taxonomy":"category","embeddable":true,"href":"https:\/\/archives.regards.fr\/index.php?rest_route=%2Fwp%2Fv2%2Fcategories&post=4986"},{"taxonomy":"post_tag","embeddable":true,"href":"https:\/\/archives.regards.fr\/index.php?rest_route=%2Fwp%2Fv2%2Ftags&post=4986"}],"curies":[{"name":"wp","href":"https:\/\/api.w.org\/{rel}","templated":true}]}}