{"id":4985,"date":"2011-09-09T11:50:33","date_gmt":"2011-09-09T09:50:33","guid":{"rendered":"https:\/\/wp.muchomaas.com\/primaires-socialistes-une-course4985\/"},"modified":"2023-06-23T23:09:06","modified_gmt":"2023-06-23T21:09:06","slug":"primaires-socialistes-une-course4985","status":"publish","type":"post","link":"https:\/\/archives.regards.fr\/?p=4985","title":{"rendered":"Primaires socialistes, \u00ab une course de petits chevaux \u00bb"},"content":{"rendered":"<p class=\"post_excerpt\">Entretien<br \/>\navec R\u00e9mi<br \/>\nLefebvre,<br \/>\nprofesseur<br \/>\nde sciences<br \/>\npolitiques<br \/>\net auteur de<br \/>\n<em>Les primaires socialistes,<br \/>\nla fin du parti militant<\/em>.<\/p>\n<p><strong>Regards.fr:<\/strong> <strong> <em>Les primaires ouvertes<br \/>\nsont pr\u00e9sent\u00e9es par le PS<br \/>\ncomme une avanc\u00e9e d\u00e9mocratique.<br \/>\nVous \u00eates tr\u00e8s loin de ce constat. Pourquoi ?<\/em> <\/strong><\/p>\n<p><strong>R\u00e9mi Lefebvre:<\/strong> D\u00e9signer son candidat \u00e0 l\u2019\u00e9lection<br \/>\npr\u00e9sidentielle par un processus<br \/>\nmobilisant au-del\u00e0 de<br \/>\nses adh\u00e9rents rel\u00e8ve en effet<br \/>\nde la fausse \u00e9vidence d\u00e9mocratique.<br \/>\nCela traduit une certaine<br \/>\nimmaturit\u00e9 sur ce que pourrait<br \/>\n\u00eatre la d\u00e9mocratie participative.<br \/>\nDans l\u2019\u00e9tat, il s\u2019agit d\u2019une prime<br \/>\n\u00e0 la personnalisation et aux logiques<br \/>\nd\u2019opinion \u00e0 court terme.<br \/>\nCela renforce l\u2019effet course de<br \/>\npetits chevaux, o\u00f9 les sondages<br \/>\nd\u2019opinion et les petites phrases<br \/>\nfont la pluie et le beau temps.<br \/>\nBonne nouvelle pour les journalistes,<br \/>\nqui adorent \u00e7a, mais<br \/>\nce n\u2019est pas \u00e7a la d\u00e9mocratie !<br \/>\nEnfin, ajout\u00e9 au quinquennat et<br \/>\n\u00e0 l\u2019inversion du calendrier pr\u00e9sidentiel,<br \/>\nles primaires ent\u00e9rinent<br \/>\n\u00e0 l\u2019int\u00e9rieur m\u00eame du PS une<br \/>\npr\u00e9sidentialisation d\u00e9j\u00e0 renforc\u00e9e<br \/>\npar Nicolas<br \/>\nSarkozy.<\/p>\n<p><strong>Regards.fr:<\/strong> <strong> <em>Les primaires auraient<br \/>\ndonc tendance \u00e0 d\u00e9politiser ?<\/em> <\/strong><\/p>\n<p><strong>R\u00e9mi Lefebvre:<\/strong> Il n\u2019y a pas de d\u00e9bat d\u2019id\u00e9es<br \/>\net les cat\u00e9gories populaires<br \/>\nsont mises de c\u00f4t\u00e9, comme le<br \/>\npr\u00e9conise d\u2019ailleurs explicitement<br \/>\nTerra nova, le think tank<br \/>\ninstigateur de ces primaires. Je<br \/>\nne suis pas s\u00fbr que le citoyen<br \/>\nordinaire se sente concern\u00e9 par<br \/>\nce vote. On peut toujours parler<br \/>\nde \u00ab mobilisation populaire \u00bb, ce<br \/>\nne sont pas les habitants des<br \/>\nquartiers populaires qui vont<br \/>\nvoter. Il s\u2019agit d\u2019un \u00e9v\u00e9nementiel<br \/>\nd\u00e9mocratique. J\u2019y vois un triste<br \/>\nfatalisme du PS, le m\u00eame qu\u2019il<br \/>\nobserve face \u00e0 l\u2019\u00e9conomie de<br \/>\nmarch\u00e9. Il devrait se donner a<br \/>\nminima comme objectif de temp\u00e9rer<br \/>\nles logiques \u00e0 l\u2019oeuvre. Le<br \/>\nchoix qui est fait est de jouer<br \/>\nle jeu de l\u2019acceptation, sur le<br \/>\nplan \u00e9conomique comme sur<br \/>\nla question de la pr\u00e9sidentialisation.<br \/>\nAvec ces primaires, le<br \/>\nPS renonce \u00e0 l\u2019id\u00e9al du parti<br \/>\nmilitant.<\/p>\n<p><strong>Regards.fr:<\/strong> <strong> <em>Un parti de militants \u00e0<br \/>\ntout prix, n\u2019est-ce pas une<br \/>\nvision conservatrice de ce<br \/>\nque doit \u00eatre un parti ?<\/em> <\/strong><\/p>\n<p><strong>R\u00e9mi Lefebvre:<\/strong> L\u2019analyse que j\u2019en fais est plus<br \/>\npragmatique que conservatrice<br \/>\n: les sociologues montrent<br \/>\nqu\u2019on ne milite que quand on a<br \/>\nune gratification, et cette derni\u00e8re<br \/>\ns\u2019incarne bien souvent<br \/>\ndans la capacit\u00e9 \u00e0 d\u00e9cider. Or,<br \/>\nles primaires ouvertes d\u00e9poss\u00e8dent<br \/>\nde fait les militants<br \/>\nsocialistes d\u2019une partie de leur<br \/>\npouvoir et rend le fait de militer<br \/>\nmoins attractif. Le groupe<br \/>\ndispara\u00eet alors que l\u2019id\u00e9e m\u00eame<br \/>\ndu parti est de construire ensemble.<br \/>\nJe suis convaincu que,<br \/>\nau fond, les dirigeants socialistes<br \/>\npensent que le militantisme<br \/>\nn\u2019a pas d\u2019avenir puisqu\u2019ils<br \/>\nmettent en place une machine<br \/>\n\u00e0 r\u00e9duire la base militante.<div id='gallery-1' class='gallery galleryid-4985 gallery-columns-3 gallery-size-thumbnail'><figure class='gallery-item'>\n\t\t\t<div class='gallery-icon landscape'>\n\t\t\t\t<a href='https:\/\/archives.regards.fr\/wp-content\/uploads\/2011\/09\/chevauxs-5b2.jpg'><img loading=\"lazy\" decoding=\"async\" width=\"150\" height=\"150\" src=\"https:\/\/archives.regards.fr\/wp-content\/uploads\/2011\/09\/chevauxs-5b2-150x150.jpg\" class=\"attachment-thumbnail size-thumbnail\" alt=\"Primaires socialistes, \u00ab une course de petits chevaux \u00bb\" aria-describedby=\"gallery-1-15342\" \/><\/a>\n\t\t\t<\/div>\n\t\t\t\t<figcaption class='wp-caption-text gallery-caption' id='gallery-1-15342'>\n\t\t\t\tPrimaires socialistes, \u00ab une course de petits chevaux \u00bb\n\t\t\t\t<\/figcaption><\/figure><figure class='gallery-item'>\n\t\t\t<div class='gallery-icon landscape'>\n\t\t\t\t<a href='https:\/\/archives.regards.fr\/wp-content\/uploads\/2011\/09\/chevauxc-3bc.jpg'><img loading=\"lazy\" decoding=\"async\" width=\"80\" height=\"55\" src=\"https:\/\/archives.regards.fr\/wp-content\/uploads\/2011\/09\/chevauxc-3bc.jpg\" class=\"attachment-thumbnail size-thumbnail\" alt=\"Primaires socialistes, \u00ab une course de petits chevaux \u00bb\" aria-describedby=\"gallery-1-15343\" \/><\/a>\n\t\t\t<\/div>\n\t\t\t\t<figcaption class='wp-caption-text gallery-caption' id='gallery-1-15343'>\n\t\t\t\tPrimaires socialistes, \u00ab une course de petits chevaux \u00bb\n\t\t\t\t<\/figcaption><\/figure>\n\t\t<\/div>\n<\/p>\n","protected":false},"excerpt":{"rendered":"<p>Entretien<br \/>\navec R\u00e9mi<br \/>\nLefebvre,<br \/>\nprofesseur<br \/>\nde sciences<br \/>\npolitiques<br \/>\net auteur de<br \/>\n<em>Les primaires socialistes,<br \/>\nla fin du parti militant<\/em>.<\/p>\n","protected":false},"author":569,"featured_media":15342,"comment_status":"open","ping_status":"open","sticky":false,"template":"","format":"standard","meta":{"_themeisle_gutenberg_block_has_review":false,"footnotes":""},"categories":[141],"tags":[290,293,295,390],"class_list":["post-4985","post","type-post","status-publish","format-standard","has-post-thumbnail","hentry","category-archives-web","tag-elections","tag-entretien","tag-nupes","tag-parti-socialiste"],"_links":{"self":[{"href":"https:\/\/archives.regards.fr\/index.php?rest_route=\/wp\/v2\/posts\/4985","targetHints":{"allow":["GET"]}}],"collection":[{"href":"https:\/\/archives.regards.fr\/index.php?rest_route=\/wp\/v2\/posts"}],"about":[{"href":"https:\/\/archives.regards.fr\/index.php?rest_route=\/wp\/v2\/types\/post"}],"author":[{"embeddable":true,"href":"https:\/\/archives.regards.fr\/index.php?rest_route=\/wp\/v2\/users\/569"}],"replies":[{"embeddable":true,"href":"https:\/\/archives.regards.fr\/index.php?rest_route=%2Fwp%2Fv2%2Fcomments&post=4985"}],"version-history":[{"count":0,"href":"https:\/\/archives.regards.fr\/index.php?rest_route=\/wp\/v2\/posts\/4985\/revisions"}],"wp:featuredmedia":[{"embeddable":true,"href":"https:\/\/archives.regards.fr\/index.php?rest_route=\/wp\/v2\/media\/15342"}],"wp:attachment":[{"href":"https:\/\/archives.regards.fr\/index.php?rest_route=%2Fwp%2Fv2%2Fmedia&parent=4985"}],"wp:term":[{"taxonomy":"category","embeddable":true,"href":"https:\/\/archives.regards.fr\/index.php?rest_route=%2Fwp%2Fv2%2Fcategories&post=4985"},{"taxonomy":"post_tag","embeddable":true,"href":"https:\/\/archives.regards.fr\/index.php?rest_route=%2Fwp%2Fv2%2Ftags&post=4985"}],"curies":[{"name":"wp","href":"https:\/\/api.w.org\/{rel}","templated":true}]}}