{"id":4982,"date":"2011-09-18T14:05:50","date_gmt":"2011-09-18T12:05:50","guid":{"rendered":"https:\/\/wp.muchomaas.com\/bosse-et-tais-toi4982\/"},"modified":"2011-09-18T14:05:50","modified_gmt":"2011-09-18T12:05:50","slug":"bosse-et-tais-toi4982","status":"publish","type":"post","link":"https:\/\/archives.regards.fr\/?p=4982","title":{"rendered":"Bosse et tais-toi"},"content":{"rendered":"<p class=\"post_excerpt\">Yann Diener<\/p>\n<p><strong>\u00ab <em>L\u2019enfance elle-m\u00eame est devenue<br \/>\nune maladie.<\/em> \u00bb<\/strong> Autrefois, le<br \/>\nfait d\u2019\u00eatre turbulent \u00e9tait consid\u00e9r\u00e9<br \/>\ncomme un sympt\u00f4me. Un<br \/>\n\u00e9l\u00e8ve qui d\u00e9veloppe ce type de<br \/>\ncomportement est aujourd\u2019hui<br \/>\nen passe d\u2019\u00eatre class\u00e9 dans la<br \/>\ncat\u00e9gorie de \u00ab handicap\u00e9 \u00bb. Tandis<br \/>\nque la simple agitation prend<br \/>\npeu \u00e0 peu le nom d\u2019\u00ab hyperactivit\u00e9<br \/>\n\u00bb. Le rem\u00e8de ? Des th\u00e9rapies<br \/>\ncourtes et la prise de Ritaline, un<br \/>\nm\u00e9dicament \u00e0 la mode aux Etats-<br \/>\nUnis. Tout le monde est content.<br \/>\nL\u2019Etat se f\u00e9licite devant la baisse<br \/>\nde ses d\u00e9penses et les labos se<br \/>\nfrottent les mains devant l\u2019augmentation<br \/>\nde leurs profits. De<br \/>\nmani\u00e8re inaudible et banalis\u00e9e, on<br \/>\nassiste ainsi \u00e0 un glissement que<br \/>\nd\u00e9plore le psychanalyste lacanien<br \/>\nYann<br \/>\nDiener.<br \/>\nEfficace.<\/p>\n","protected":false},"excerpt":{"rendered":"<p>Yann Diener<\/p>\n","protected":false},"author":573,"featured_media":15335,"comment_status":"open","ping_status":"open","sticky":false,"template":"","format":"standard","meta":{"_themeisle_gutenberg_block_has_review":false,"footnotes":""},"categories":[111],"tags":[392],"class_list":["post-4982","post","type-post","status-publish","format-standard","has-post-thumbnail","hentry","category-nos-selections","tag-essai"],"_links":{"self":[{"href":"https:\/\/archives.regards.fr\/index.php?rest_route=\/wp\/v2\/posts\/4982","targetHints":{"allow":["GET"]}}],"collection":[{"href":"https:\/\/archives.regards.fr\/index.php?rest_route=\/wp\/v2\/posts"}],"about":[{"href":"https:\/\/archives.regards.fr\/index.php?rest_route=\/wp\/v2\/types\/post"}],"author":[{"embeddable":true,"href":"https:\/\/archives.regards.fr\/index.php?rest_route=\/wp\/v2\/users\/573"}],"replies":[{"embeddable":true,"href":"https:\/\/archives.regards.fr\/index.php?rest_route=%2Fwp%2Fv2%2Fcomments&post=4982"}],"version-history":[{"count":0,"href":"https:\/\/archives.regards.fr\/index.php?rest_route=\/wp\/v2\/posts\/4982\/revisions"}],"wp:featuredmedia":[{"embeddable":true,"href":"https:\/\/archives.regards.fr\/index.php?rest_route=\/wp\/v2\/media\/15335"}],"wp:attachment":[{"href":"https:\/\/archives.regards.fr\/index.php?rest_route=%2Fwp%2Fv2%2Fmedia&parent=4982"}],"wp:term":[{"taxonomy":"category","embeddable":true,"href":"https:\/\/archives.regards.fr\/index.php?rest_route=%2Fwp%2Fv2%2Fcategories&post=4982"},{"taxonomy":"post_tag","embeddable":true,"href":"https:\/\/archives.regards.fr\/index.php?rest_route=%2Fwp%2Fv2%2Ftags&post=4982"}],"curies":[{"name":"wp","href":"https:\/\/api.w.org\/{rel}","templated":true}]}}