{"id":4981,"date":"2011-09-09T11:48:47","date_gmt":"2011-09-09T09:48:47","guid":{"rendered":"https:\/\/wp.muchomaas.com\/destin-ouvrier4981\/"},"modified":"2011-09-09T11:48:47","modified_gmt":"2011-09-09T09:48:47","slug":"destin-ouvrier4981","status":"publish","type":"post","link":"https:\/\/archives.regards.fr\/?p=4981","title":{"rendered":"Destin ouvrier"},"content":{"rendered":"<p class=\"post_excerpt\">Paul Willis<\/p>\n<p><strong>L\u2019\u00e9tude sociologique r\u00e9alis\u00e9e par<br \/>\nPaul Willis dans les ann\u00e9es 1970<br \/>\ntraverse les \u00e9poques.<\/strong> Le chercheur<br \/>\nbritannique y suit un groupe<br \/>\nde jeunes Anglais, issus du milieu<br \/>\nouvrier, des bancs du coll\u00e8ge \u00e0<br \/>\nceux de l\u2019atelier. M\u00ealant analyse<br \/>\net tranches de vie adolescentes, il<br \/>\nmontre comment ces \u00ab <em>gars<\/em> \u00bb, qui<br \/>\nsont dirig\u00e9s vers certains types de<br \/>\nm\u00e9tier, \u00ab <em>participent activement<br \/>\n\u00e0 la reproduction de leur situation<br \/>\nde classe<\/em> \u00bb. Comment, d\u00e8s<br \/>\nle d\u00e9part, ils se d\u00e9terminent dans<br \/>\nune culture \u00ab <em>anti-\u00e9cole<\/em> \u00bb, revendiqu\u00e9e<br \/>\ncomme forme de r\u00e9sistance<br \/>\n\u00e0 l\u2019autorit\u00e9. D\u00e8s 1978, Bourdieu<br \/>\navait senti la pertinence du travail<br \/>\nde ce chercheur. Le voil\u00e0 \u00e9dit\u00e9<br \/>\nen France. <\/p>\n","protected":false},"excerpt":{"rendered":"<p>Paul Willis<\/p>\n","protected":false},"author":1,"featured_media":15334,"comment_status":"open","ping_status":"open","sticky":false,"template":"","format":"standard","meta":{"_themeisle_gutenberg_block_has_review":false,"footnotes":""},"categories":[111],"tags":[392],"class_list":["post-4981","post","type-post","status-publish","format-standard","has-post-thumbnail","hentry","category-nos-selections","tag-essai"],"_links":{"self":[{"href":"https:\/\/archives.regards.fr\/index.php?rest_route=\/wp\/v2\/posts\/4981","targetHints":{"allow":["GET"]}}],"collection":[{"href":"https:\/\/archives.regards.fr\/index.php?rest_route=\/wp\/v2\/posts"}],"about":[{"href":"https:\/\/archives.regards.fr\/index.php?rest_route=\/wp\/v2\/types\/post"}],"author":[{"embeddable":true,"href":"https:\/\/archives.regards.fr\/index.php?rest_route=\/wp\/v2\/users\/1"}],"replies":[{"embeddable":true,"href":"https:\/\/archives.regards.fr\/index.php?rest_route=%2Fwp%2Fv2%2Fcomments&post=4981"}],"version-history":[{"count":0,"href":"https:\/\/archives.regards.fr\/index.php?rest_route=\/wp\/v2\/posts\/4981\/revisions"}],"wp:featuredmedia":[{"embeddable":true,"href":"https:\/\/archives.regards.fr\/index.php?rest_route=\/wp\/v2\/media\/15334"}],"wp:attachment":[{"href":"https:\/\/archives.regards.fr\/index.php?rest_route=%2Fwp%2Fv2%2Fmedia&parent=4981"}],"wp:term":[{"taxonomy":"category","embeddable":true,"href":"https:\/\/archives.regards.fr\/index.php?rest_route=%2Fwp%2Fv2%2Fcategories&post=4981"},{"taxonomy":"post_tag","embeddable":true,"href":"https:\/\/archives.regards.fr\/index.php?rest_route=%2Fwp%2Fv2%2Ftags&post=4981"}],"curies":[{"name":"wp","href":"https:\/\/api.w.org\/{rel}","templated":true}]}}