{"id":4980,"date":"2011-09-22T09:33:20","date_gmt":"2011-09-22T07:33:20","guid":{"rendered":"https:\/\/wp.muchomaas.com\/les-guerres-du-son4980\/"},"modified":"2011-09-22T09:33:20","modified_gmt":"2011-09-22T07:33:20","slug":"les-guerres-du-son4980","status":"publish","type":"post","link":"https:\/\/archives.regards.fr\/?p=4980","title":{"rendered":"Les guerres du son"},"content":{"rendered":"<p class=\"post_excerpt\">Juliette Volcler<\/p>\n<p>Largement exp\u00e9riment\u00e9es<br \/>\ndans les zones-laboratoire des<br \/>\nguerres n\u00e9o-coloniales, mais<br \/>\naussi dans les centres villes des<br \/>\npays riches, les armes sonores<br \/>\n(class\u00e9es parmi les armes dites<br \/>\n\u00ab <em>\u00e0 l\u00e9talit\u00e9 r\u00e9duite<\/em> \u00bb) sont parfaitement<br \/>\nadapt\u00e9es aux nouvelles<br \/>\nformes de guerre et aux nouvelles<br \/>\npratiques de maintien de<br \/>\nl\u2019ordre. Quand il ne s\u2019agit plus<br \/>\nde tuer mais de \u00ab <em>g\u00e9rer<\/em> \u00bb des<br \/>\nflux, des foules, etc., ces armes<br \/>\npeuvent en effet se r\u00e9v\u00e9ler particuli\u00e8rement<br \/>\nefficaces. Embl\u00e9matiques<br \/>\nde la confusion entre les<br \/>\ngenres militaire et policier, elles<br \/>\nsont aussi le signe d\u2019un autre<br \/>\nrapprochement plus inattendu :<br \/>\ncelui de l\u2019industrie militaire et du<br \/>\ndivertissement\u2026 <\/p>\n","protected":false},"excerpt":{"rendered":"<p>Juliette Volcler<\/p>\n","protected":false},"author":777,"featured_media":15333,"comment_status":"open","ping_status":"open","sticky":false,"template":"","format":"standard","meta":{"_themeisle_gutenberg_block_has_review":false,"footnotes":""},"categories":[111],"tags":[392],"class_list":["post-4980","post","type-post","status-publish","format-standard","has-post-thumbnail","hentry","category-nos-selections","tag-essai"],"_links":{"self":[{"href":"https:\/\/archives.regards.fr\/index.php?rest_route=\/wp\/v2\/posts\/4980","targetHints":{"allow":["GET"]}}],"collection":[{"href":"https:\/\/archives.regards.fr\/index.php?rest_route=\/wp\/v2\/posts"}],"about":[{"href":"https:\/\/archives.regards.fr\/index.php?rest_route=\/wp\/v2\/types\/post"}],"author":[{"embeddable":true,"href":"https:\/\/archives.regards.fr\/index.php?rest_route=\/wp\/v2\/users\/777"}],"replies":[{"embeddable":true,"href":"https:\/\/archives.regards.fr\/index.php?rest_route=%2Fwp%2Fv2%2Fcomments&post=4980"}],"version-history":[{"count":0,"href":"https:\/\/archives.regards.fr\/index.php?rest_route=\/wp\/v2\/posts\/4980\/revisions"}],"wp:featuredmedia":[{"embeddable":true,"href":"https:\/\/archives.regards.fr\/index.php?rest_route=\/wp\/v2\/media\/15333"}],"wp:attachment":[{"href":"https:\/\/archives.regards.fr\/index.php?rest_route=%2Fwp%2Fv2%2Fmedia&parent=4980"}],"wp:term":[{"taxonomy":"category","embeddable":true,"href":"https:\/\/archives.regards.fr\/index.php?rest_route=%2Fwp%2Fv2%2Fcategories&post=4980"},{"taxonomy":"post_tag","embeddable":true,"href":"https:\/\/archives.regards.fr\/index.php?rest_route=%2Fwp%2Fv2%2Ftags&post=4980"}],"curies":[{"name":"wp","href":"https:\/\/api.w.org\/{rel}","templated":true}]}}