{"id":4978,"date":"2011-09-10T22:25:23","date_gmt":"2011-09-10T20:25:23","guid":{"rendered":"https:\/\/wp.muchomaas.com\/a-quoi-bombe4978\/"},"modified":"2011-09-10T22:25:23","modified_gmt":"2011-09-10T20:25:23","slug":"a-quoi-bombe4978","status":"publish","type":"post","link":"https:\/\/archives.regards.fr\/?p=4978","title":{"rendered":"A quoi bombe ?"},"content":{"rendered":"<p class=\"post_excerpt\">Howard Zinn<\/p>\n<p><strong>\u00ab<em> L\u2019horreur des moyens est<br \/>\ntoujours certaine tandis que<br \/>\nla pertinence des fins ne l\u2019est<br \/>\njamais.<\/em> \u00bb<\/strong> A travers deux textes,<br \/>\ncourts mais efficaces, Howard<br \/>\nZinn revient sur les atrocit\u00e9s provoqu\u00e9es<br \/>\npar les bombardements<br \/>\na\u00e9riens, \u00e0 travers l\u2019exemple<br \/>\nd\u2019Hiroshima et de Royan. Ayant<br \/>\nlui-m\u00eame particip\u00e9 au raid a\u00e9rien<br \/>\nde Royan pendant la seconde<br \/>\nguerre mondiale, Zinn raconte<br \/>\ncomment, \u00e0 l\u2019\u00e9poque, sensible \u00e0<br \/>\nla propagande gouvernementale,<br \/>\nil \u00e9tait convaincu du bien-fond\u00e9<br \/>\nde ces actions militaires et pourquoi,<br \/>\naujourd\u2019hui, il est absolument<br \/>\nconvaincu du contraire. Un<br \/>\npetit livre percutant, qui croise<br \/>\nsavamment la grande et la petite<br \/>\nhistoire.<\/p>\n","protected":false},"excerpt":{"rendered":"<p>Howard Zinn<\/p>\n","protected":false},"author":777,"featured_media":15331,"comment_status":"open","ping_status":"open","sticky":false,"template":"","format":"standard","meta":{"_themeisle_gutenberg_block_has_review":false,"footnotes":""},"categories":[111],"tags":[392],"class_list":["post-4978","post","type-post","status-publish","format-standard","has-post-thumbnail","hentry","category-nos-selections","tag-essai"],"_links":{"self":[{"href":"https:\/\/archives.regards.fr\/index.php?rest_route=\/wp\/v2\/posts\/4978","targetHints":{"allow":["GET"]}}],"collection":[{"href":"https:\/\/archives.regards.fr\/index.php?rest_route=\/wp\/v2\/posts"}],"about":[{"href":"https:\/\/archives.regards.fr\/index.php?rest_route=\/wp\/v2\/types\/post"}],"author":[{"embeddable":true,"href":"https:\/\/archives.regards.fr\/index.php?rest_route=\/wp\/v2\/users\/777"}],"replies":[{"embeddable":true,"href":"https:\/\/archives.regards.fr\/index.php?rest_route=%2Fwp%2Fv2%2Fcomments&post=4978"}],"version-history":[{"count":0,"href":"https:\/\/archives.regards.fr\/index.php?rest_route=\/wp\/v2\/posts\/4978\/revisions"}],"wp:featuredmedia":[{"embeddable":true,"href":"https:\/\/archives.regards.fr\/index.php?rest_route=\/wp\/v2\/media\/15331"}],"wp:attachment":[{"href":"https:\/\/archives.regards.fr\/index.php?rest_route=%2Fwp%2Fv2%2Fmedia&parent=4978"}],"wp:term":[{"taxonomy":"category","embeddable":true,"href":"https:\/\/archives.regards.fr\/index.php?rest_route=%2Fwp%2Fv2%2Fcategories&post=4978"},{"taxonomy":"post_tag","embeddable":true,"href":"https:\/\/archives.regards.fr\/index.php?rest_route=%2Fwp%2Fv2%2Ftags&post=4978"}],"curies":[{"name":"wp","href":"https:\/\/api.w.org\/{rel}","templated":true}]}}