{"id":4977,"date":"2011-09-07T09:02:57","date_gmt":"2011-09-07T07:02:57","guid":{"rendered":"https:\/\/wp.muchomaas.com\/lettre-d-israel4977\/"},"modified":"2011-09-07T09:02:57","modified_gmt":"2011-09-07T07:02:57","slug":"lettre-d-israel4977","status":"publish","type":"post","link":"https:\/\/archives.regards.fr\/?p=4977","title":{"rendered":"Lettre d\u2019Isra\u00ebl"},"content":{"rendered":"<p class=\"post_excerpt\">Avirama Golan<\/p>\n<p><strong>Journaliste et critique litt\u00e9raire<br \/>\nisra\u00e9lienne, Avirama Golan livre<br \/>\nune missive au ton tr\u00e8s personnel.<\/strong><br \/>\nSes r\u00e9ticences concernant<br \/>\nla dimension coloniale du sionisme,<br \/>\nson attribution des responsabilit\u00e9s du conflit de fa\u00e7on sym\u00e9trique aux deux parties: autant dire qu&#8217;on ne partage pas tout ce qu&#8217;elle \u00e9crit&#8230;<br \/>\nReste, malgr\u00e9<br \/>\ntout, dans cette lettre \u00e0 une amie<br \/>\npalestinienne exil\u00e9e aux Etats-<br \/>\nUnis, l\u2019expression sinc\u00e8re d\u2019un<br \/>\nd\u00e9sir de coexistence pacifique et<br \/>\nquelques clefs pour comprendre<br \/>\nle mouvement qui secoue la<br \/>\nsoci\u00e9t\u00e9 isra\u00e9lienne depuis cet \u00e9t\u00e9. \u00ab <em>Pas<br \/>\n\u00e0 pas<\/em>, \u00e9crit l\u2019auteur, <em>la d\u00e9mocratie<br \/>\nisra\u00e9lienne perd pied et se laisse<br \/>\nentra\u00eener sur une pente fascisante<br \/>\nqui nous menace tous <\/em> \u00bb.<\/p>\n","protected":false},"excerpt":{"rendered":"<p>Avirama Golan<\/p>\n","protected":false},"author":558,"featured_media":0,"comment_status":"open","ping_status":"open","sticky":false,"template":"","format":"standard","meta":{"_themeisle_gutenberg_block_has_review":false,"footnotes":""},"categories":[111],"tags":[392],"class_list":["post-4977","post","type-post","status-publish","format-standard","hentry","category-nos-selections","tag-essai"],"_links":{"self":[{"href":"https:\/\/archives.regards.fr\/index.php?rest_route=\/wp\/v2\/posts\/4977","targetHints":{"allow":["GET"]}}],"collection":[{"href":"https:\/\/archives.regards.fr\/index.php?rest_route=\/wp\/v2\/posts"}],"about":[{"href":"https:\/\/archives.regards.fr\/index.php?rest_route=\/wp\/v2\/types\/post"}],"author":[{"embeddable":true,"href":"https:\/\/archives.regards.fr\/index.php?rest_route=\/wp\/v2\/users\/558"}],"replies":[{"embeddable":true,"href":"https:\/\/archives.regards.fr\/index.php?rest_route=%2Fwp%2Fv2%2Fcomments&post=4977"}],"version-history":[{"count":0,"href":"https:\/\/archives.regards.fr\/index.php?rest_route=\/wp\/v2\/posts\/4977\/revisions"}],"wp:attachment":[{"href":"https:\/\/archives.regards.fr\/index.php?rest_route=%2Fwp%2Fv2%2Fmedia&parent=4977"}],"wp:term":[{"taxonomy":"category","embeddable":true,"href":"https:\/\/archives.regards.fr\/index.php?rest_route=%2Fwp%2Fv2%2Fcategories&post=4977"},{"taxonomy":"post_tag","embeddable":true,"href":"https:\/\/archives.regards.fr\/index.php?rest_route=%2Fwp%2Fv2%2Ftags&post=4977"}],"curies":[{"name":"wp","href":"https:\/\/api.w.org\/{rel}","templated":true}]}}