{"id":4975,"date":"2011-09-02T10:30:00","date_gmt":"2011-09-02T08:30:00","guid":{"rendered":"https:\/\/wp.muchomaas.com\/a-l-ecole-du-capital4975\/"},"modified":"2011-09-02T10:30:00","modified_gmt":"2011-09-02T08:30:00","slug":"a-l-ecole-du-capital4975","status":"publish","type":"post","link":"https:\/\/archives.regards.fr\/?p=4975","title":{"rendered":"A l\u2019\u00e9cole du capital"},"content":{"rendered":"<p class=\"post_excerpt\">Christian Laval, Francis Vergne, Pierre<br \/>\nCl\u00e9ment et Guy Dreux<\/p>\n<p><strong>Ce n\u2019est pas un \u00e9ni\u00e8me<br \/>\nlivre sur l\u2019\u00e9cole, un livre<br \/>\nde \u00ab rentr\u00e9e \u00bb de plus, que<br \/>\nnous proposent ici quatre<br \/>\nchercheurs membres de<br \/>\nla F\u00e9d\u00e9ration syndicale<br \/>\nunitaire (FSU)<\/strong>. Francis<br \/>\nVergne, Pierre Cl\u00e9ment,<br \/>\nGuy Dreux et Christian<br \/>\nLaval (co-auteur avec<br \/>\nPierre Dardot de <em>La nouvelle<br \/>\nraison du monde<\/em>)<br \/>\nlivrent une analyse fine de<br \/>\nla mutation g\u00e9n\u00e9rale de<br \/>\nl\u2019institution scolaire vers ce<br \/>\nqu\u2019ils nomment \u00ab <em>la nouvelle<br \/>\n\u00e9cole capitaliste<\/em> \u00bb. Touch\u00e9e de plein fouet, \u00e0 l\u2019instar de nombreuses<br \/>\ninstitutions publiques, par les nouvelles formes de management<br \/>\nfond\u00e9es sur la recherche de la performance, \u00ab <em>l\u2019\u00e9cole est<br \/>\nd\u00e9sormais somm\u00e9e de se rendre utile. Elle ne fait plus illusion et<br \/>\nne cherche plus \u00e0 produire l\u2019illusion de son autonomie<\/em> \u00bb. Une perte<br \/>\nd\u2019autonomie constat\u00e9e par les auteurs tant dans le fonctionnement<br \/>\nde l\u2019institution que dans les enseignements qu\u2019elle dispense. L\u2019\u00e9cole<br \/>\naurait en effet perdu \u00ab <em>toute capacit\u00e9 \u00e0 d\u00e9fendre et valoriser des savoirs,<br \/>\ndes connaissances, une culture, qui valent pour eux-m\u00eames<\/em> \u00bb.<\/p>\n<p>D\u00e9sormais, \u00ab <em>elle s\u2019aligne de plus en plus explicitement et ouvertement<br \/>\nsur les formes et les contenus r\u00e9pondant aux exigences de la<br \/>\nnouvelle \u00e9conomie, c\u2019est-\u00e0-dire du capitalisme contemporain <\/em> \u00bb. Et<br \/>\nl\u2019on comprend alors comment les exigences de cette \u00ab <em>\u00e9conomie<br \/>\nde la connaissance<\/em> \u00bb, en pla\u00e7ant l\u2019employabilit\u00e9 au coeur du syst\u00e8me<br \/>\n\u00e9ducatif, appr\u00e9hendent la connaissance comme une \u00ab<em> marchandise<\/em><br \/>\n\u00bb et les institutions scolaires comme des \u00ab <em>entreprises<\/em> \u00bb<br \/>\nproductrices de \u00ab <em>capital humain<\/em> \u00bb.<\/p>\n<p>Une analyse percutante, une r\u00e9ponse conceptuelle et concr\u00e8te aux<br \/>\ninterrogations des enseignants, qui chaque jour font l\u2019exp\u00e9rience<br \/>\nde cette m\u00e9tamorphose. Un livre utile pour tous les partisans d\u2019une<br \/>\n\u00ab <em>insurrection des savoirs assujettis <\/em> \u00bb. <\/p>\n","protected":false},"excerpt":{"rendered":"<p>Christian Laval, Francis Vergne, Pierre<br \/>\nCl\u00e9ment et Guy Dreux<\/p>\n","protected":false},"author":777,"featured_media":15330,"comment_status":"open","ping_status":"open","sticky":false,"template":"","format":"standard","meta":{"_themeisle_gutenberg_block_has_review":false,"footnotes":""},"categories":[111],"tags":[392],"class_list":["post-4975","post","type-post","status-publish","format-standard","has-post-thumbnail","hentry","category-nos-selections","tag-essai"],"_links":{"self":[{"href":"https:\/\/archives.regards.fr\/index.php?rest_route=\/wp\/v2\/posts\/4975","targetHints":{"allow":["GET"]}}],"collection":[{"href":"https:\/\/archives.regards.fr\/index.php?rest_route=\/wp\/v2\/posts"}],"about":[{"href":"https:\/\/archives.regards.fr\/index.php?rest_route=\/wp\/v2\/types\/post"}],"author":[{"embeddable":true,"href":"https:\/\/archives.regards.fr\/index.php?rest_route=\/wp\/v2\/users\/777"}],"replies":[{"embeddable":true,"href":"https:\/\/archives.regards.fr\/index.php?rest_route=%2Fwp%2Fv2%2Fcomments&post=4975"}],"version-history":[{"count":0,"href":"https:\/\/archives.regards.fr\/index.php?rest_route=\/wp\/v2\/posts\/4975\/revisions"}],"wp:featuredmedia":[{"embeddable":true,"href":"https:\/\/archives.regards.fr\/index.php?rest_route=\/wp\/v2\/media\/15330"}],"wp:attachment":[{"href":"https:\/\/archives.regards.fr\/index.php?rest_route=%2Fwp%2Fv2%2Fmedia&parent=4975"}],"wp:term":[{"taxonomy":"category","embeddable":true,"href":"https:\/\/archives.regards.fr\/index.php?rest_route=%2Fwp%2Fv2%2Fcategories&post=4975"},{"taxonomy":"post_tag","embeddable":true,"href":"https:\/\/archives.regards.fr\/index.php?rest_route=%2Fwp%2Fv2%2Ftags&post=4975"}],"curies":[{"name":"wp","href":"https:\/\/api.w.org\/{rel}","templated":true}]}}