{"id":4968,"date":"2011-08-30T12:27:00","date_gmt":"2011-08-30T10:27:00","guid":{"rendered":"https:\/\/wp.muchomaas.com\/au-sommaire-du-numero-13-septembre4968\/"},"modified":"2023-06-24T17:46:59","modified_gmt":"2023-06-24T15:46:59","slug":"au-sommaire-du-numero-13-septembre4968","status":"publish","type":"post","link":"https:\/\/archives.regards.fr\/?p=4968","title":{"rendered":"Au sommaire du num\u00e9ro 13 &#8211; septembre 2011"},"content":{"rendered":"<p>Dans le num\u00e9ro 13 de Regards, septembre 2011, en vente en kiosque pour 5,90\u20ac :<\/p>\n<p>Londres, Tel-Aviv, Madrid, Ath\u00e8nes&#8230;&#8221;<em> <strong>la contestation du n\u00e9o-lib\u00e9ralisme et des institutions d\u00e9ficientes s\u2019affirme, parfois avec violence, en \u00e9cho \u00e0 la violence du syst\u00e8me<\/strong> <\/em>&#8220;, <a href=\"https:\/\/wp.muchomaas.com\/politique\/tuer-le-fantome-du-thatcherisme\">l&#8217;\u00e9ditorial de Cl\u00e9mentine Autain<\/a>.<\/p>\n<p>Dans <strong>le Bloc-Notes de la r\u00e9daction<\/strong> : En France, <a href=\"https:\/\/wp.muchomaas.com\/societe\/disparitions-estivales\">la <em>Nakba<\/em> dispara\u00eet d&#8217;un manuel d&#8217;histoire<\/a> et contrairement \u00e0 ce que raconte le minist\u00e8re de l&#8217;int\u00e9rieur, <a href=\"https:\/\/wp.muchomaas.com\/societe\/les-bonnes-notes-des-classes\">les enfants d&#8217;immigr\u00e9s ont de bonnes notes<\/a>&#8230; Et <a href=\"https:\/\/wp.muchomaas.com\/societe\/christophe-aleveque-super-rebelle\">trois questions \u00e0 <strong> Christophe Al\u00e9v\u00eaque<\/a>, l&#8217;humoriste qui s&#8217;appr\u00eate \u00e0 entrer en campagne \u00e9lectorale avec Super Rebelle<\/strong>.<\/p>\n<p>Le chercheur <strong>Philippe Askenazy<\/strong> et le professeur <strong>Jean Gadrey<\/strong><br \/>\nd\u00e9construisent <strong>le mythe d&#8217;une croissance garante du bonheur \u00e9conomique<\/strong> national. De quels risques cette obsession est-elle porteuse? Et quelles sont les alternatives possibles? <a href=\"https:\/\/wp.muchomaas.com\/economie\/faut-il-toujours-plus-de\">C\u2019est la Controverse du mois.<br \/>\n<\/a><\/p>\n<p>A un mois de <strong>primaires socialistes<\/strong> ouvertes \u00e0 tou-te-s, nous avons voulu en savoir un peu plus sur le sens et la port\u00e9e de ce processus in\u00e9dit en France. <a href=\"https:\/\/wp.muchomaas.com\/politique\/arnaud-montebourg-il-faut\">Rencontre avec <strong>Arnaud Montebourg<\/strong><\/a>, le plus \u00e0 gauche des pr\u00e9tendants \u00e0 l&#8217;investiture du PS; un <a href=\"https:\/\/wp.muchomaas.com\/politique\/elections-ouvertes-la-fausse-bonne\">point de vue critique de <strong>Roger Martelli<\/strong><\/a>; et <a href=\"https:\/\/wp.muchomaas.com\/politique\/primaires-socialistes-une-course\">un entretien avec <strong>R\u00e9mi Lefebvre<\/strong><\/a>, prof \u00e0 sciences-Po et auteur d&#8217;un r\u00e9cent ouvrage sur la question.<\/p>\n<p>Rencontre avec <strong>Pierre Laurent. Le secr\u00e9taire national du PCF<\/strong> vient de sortir <a href=\"https:\/\/wp.muchomaas.com\/politique\/pierre-laurent-pour-une-pratique\">un ouvrage consacr\u00e9 au &#8220;nouveau pari communiste&#8221;<\/a>, il nous en parle.<\/p>\n<p>Le dossier du mois est consacr\u00e9 \u00e0 <strong>la dette, cette arnaque du si\u00e8cle<\/strong>. <a href=\"https:\/\/wp.muchomaas.com\/politique\/la-dette-l-arnaque-du-siecle\">Faut-il vraiment en passer par l&#8217;aust\u00e9rit\u00e9 et la soumission aux lois du march\u00e9 pour en sortir<\/a> comme le serinent quasi-unanimement les responsables politiques? &#8220;<em><a href=\"https:\/\/wp.muchomaas.com\/economie\/speculation-et-lutte-de-classes\">Derri\u00e8re les dettes, il y a un nouvel \u00e9pisode de la lutte des classes<\/a>, sous une forme d\u00e9riv\u00e9e, mais non moins violente<\/em>&#8220;, consid\u00e8re <strong>Michel Husson<\/strong>.<br \/>\nEt quid <strong>des banques<\/strong>? Sous-dossier connexe pour bien mesurer <a href=\"https:\/\/wp.muchomaas.com\/economie\/les-banques-un-empire-incontrole\">le r\u00f4le jou\u00e9 par les \u00e9tablissements bancaires<\/a> et la place prise par ce v\u00e9ritable &#8220;empire incontr\u00f4l\u00e9&#8221;. Avec la chronique d&#8217;<strong>ouvrages r\u00e9cents pour mieux comprendre la dette<\/strong>. Et <a href=\"https:\/\/wp.muchomaas.com\/economie\/les-industries-financiere-et\">un entretien avec <strong>Pascal Canfin<\/strong><\/a>, eurod\u00e9put\u00e9 Vert, \u00e0 l\u2019origine de la cr\u00e9ation de <em>Finance Watch<\/em> qui se pose en contre-pouvoir des lobbys de l&#8217;industrie financi\u00e8re.<\/p>\n<p>Au mois d&#8217;ao\u00fbt, <strong>l&#8217;Angleterre s&#8217;est soulev\u00e9e<\/strong>. Qui \u00e9taient ces &#8220;pillards&#8221;, ces &#8220;\u00e9meutiers&#8221;? Quel contexte socio-\u00e9conomique a pu engendrer ces violences? <a href=\"https:\/\/wp.muchomaas.com\/societe\/qui-sont-les-vrais-pilleurs\">D\u00e9cryptage d&#8217;une crise \u00e0 laquelle le pouvoir britannique a r\u00e9pondu par la r\u00e9pression<\/a>. Dans <a href=\"https:\/\/wp.muchomaas.com\/societe\/alain-bertho-les-mobilisations\">l&#8217;entretien qu&#8217;il nous a accord\u00e9, l\u2019anthropologue <strong>Alain Bertho<\/strong><\/a> explique comment et pourquoi des jeunes exasp\u00e9r\u00e9s se mettent en <strong>danger face \u00e0 un pouvoir indiff\u00e9rent et r\u00e9pressif<\/strong>.<\/p>\n<p>C&#8217;est <strong>la rentr\u00e9e des classes<\/strong>. <a href=\"https:\/\/wp.muchomaas.com\/societe\/profs-attention-usure\">Reportage aupr\u00e8s de profs de lyc\u00e9e. <\/a> Ereint\u00e9s par les r\u00e9formes successives, ils tentent de bricoler le meilleur enseignement possible. Et <a href=\"https:\/\/wp.muchomaas.com\/societe\/une-mobilisation-est-elle-possible\"><strong>Roland Hubert<\/strong>, vice-pr\u00e9sident du SNES-FSU, fait le point sur le potentiel de mobilisation \u00e0 la rentr\u00e9e<\/a>.<\/p>\n<p>Le 20 septembre, \u00e0 la demande des palestiniens, <a href=\"https:\/\/wp.muchomaas.com\/monde\/la-palestine-menacee-de\">l&#8217;Onu devrait se prononcer sur <strong>l&#8217;admission de l&#8217;Etat de Palestine<\/strong> en son sein<\/a>. Enjeux d&#8217;un vote \u00e0 haute charge historique, politique, symbolique.<\/p>\n<p>En Ukraine, <a href=\"https:\/\/wp.muchomaas.com\/monde\/un-feminisme-au-poil\"><strong>les f\u00e9ministes du mouvement Femen<\/strong><\/a>, jouant de la provoc, ont conquis une place importante dans l&#8217;espace m\u00e9diatique. Mais le propos politique n&#8217;est pas toujours tr\u00e8s sexy&#8230; <\/p>\n<p>Quatri\u00e8me volet de <a href=\"https:\/\/wp.muchomaas.com\/politique\/guyane-la-sante-en-friche\">notre s\u00e9rie en Campagne. C&#8217;est cette fois outre-mer, <strong>en Guyane<\/a>, que nous sommes partis en reportage<\/strong>. Pour constater que la d\u00e9gradation du syst\u00e8me de soins &#8211; d\u00e9sertification m\u00e9dicale,<br \/>\nmanque de sp\u00e9cialistes et de services \u00e0 la personne, etc. &#8211;  y est particuli\u00e8rement pr\u00e9occupante.<\/p>\n<p><a href=\"https:\/\/wp.muchomaas.com\/idees\/le-retour-de-sartre\"><strong>Jean-Paul Sartre et la gauche<\/strong>, le communisme, ses th\u00e9oriciens et responsables<\/a>&#8230; Deux ouvrages \u00e0 para\u00eetre en septembre, reviennent sur la pens\u00e9e du philosophe dans ce champ politique. Id\u00e9es de septembre.<\/p>\n<p><a href=\"https:\/\/wp.muchomaas.com\/nos-regards\/arnaud-viviant\/pure-critique-de-la-zonzon\"><strong>Arnaud Viviant a lu <em>La zonzon<\/em> d&#8217;Alain Guyard<\/strong><\/a>. L&#8217;un de ses coups de coeur de cette fameuse rentr\u00e9e litt\u00e9raire fran\u00e7aise (que le monde entier nous envie).<\/p>\n<p>Abjection \u00e9ditoriale du <em>Figaro-Pravda<\/em> et populisme culturel plein les  lignes&#8230; <strong>Diane Scott revient sur <a href=\"https:\/\/wp.muchomaas.com\/culture\/betises-d-avignon\">quelques estivales &#8220;b\u00eatises d&#8217;Avignon&#8221;<\/a><\/strong>.<\/p>\n<p><a href=\"https:\/\/wp.muchomaas.com\/idees\/christine-delphy-une-voix-pour-la\">Le grand entretien du mois est avec <strong>Christine Delphy<\/strong><\/a>. La militante f\u00e9ministe, et sociologue majeure, publie <em>Un troussage de domestique<\/em>, recueil de textes autour de l\u2019affaire DSK. <\/p>\n<p>Et tous les rendez-vous du mensuel qui, en cette rentr\u00e9e 2011, se renouvellent: du d\u00e9j\u00e0 connu (mais toujours bon) avec les chroniques de <a href=\"https:\/\/wp.muchomaas.com\/nos-regards\/arnaud-viviant\/cinq-raisons-de-lire-le-nouveau\"><strong>Arnaud Viviant<\/strong><\/a> et <strong>Le\u00efla Chaibi<\/strong> (absente ce moi-ci mais \u00e0 retrouver d\u00e8s le num\u00e9ro d&#8217;octobre, comme le <strong>d\u00e9cryptage m\u00e9dias<\/strong> de R\u00e9mi Douat). Du rafra\u00eechi avec Nicolas Kssis qui l\u00e2che Soyons Sport pour tenir une <strong>chronique t\u00e9l\u00e9<\/strong>. Et du tout neuf avec <a href=\"https:\/\/wp.muchomaas.com\/nos-regards\/thomas-bauder\/emeutes-sous-les-paves-les-singes\">la nouvelle chronique mensuelle du journaliste <strong>Thomas Bauder<\/strong><\/a>. Et bien entendu, <a href=\"https:\/\/wp.muchomaas.com\/nos-selections\/\">nos s\u00e9lections essais et culture<\/a>.<\/p>\n","protected":false},"excerpt":{"rendered":"<p>Dans le num\u00e9ro 13 de Regards, septembre 2011, en vente en kiosque pour 5,90\u20ac : Londres, Tel-Aviv, Madrid, Ath\u00e8nes&#8230;&#8221; la contestation du n\u00e9o-lib\u00e9ralisme et des institutions d\u00e9ficientes s\u2019affirme, parfois avec violence, en \u00e9cho \u00e0 la violence du syst\u00e8me &#8220;, l&#8217;\u00e9ditorial de Cl\u00e9mentine Autain. Dans le Bloc-Notes de la r\u00e9daction : En France, la Nakba dispara\u00eet [&hellip;]<\/p>\n","protected":false},"author":1,"featured_media":0,"comment_status":"closed","ping_status":"open","sticky":false,"template":"","format":"standard","meta":{"_themeisle_gutenberg_block_has_review":false,"footnotes":""},"categories":[262],"tags":[371],"class_list":["post-4968","post","type-post","status-publish","format-standard","hentry","category-archives","tag-sommaire"],"_links":{"self":[{"href":"https:\/\/archives.regards.fr\/index.php?rest_route=\/wp\/v2\/posts\/4968","targetHints":{"allow":["GET"]}}],"collection":[{"href":"https:\/\/archives.regards.fr\/index.php?rest_route=\/wp\/v2\/posts"}],"about":[{"href":"https:\/\/archives.regards.fr\/index.php?rest_route=\/wp\/v2\/types\/post"}],"author":[{"embeddable":true,"href":"https:\/\/archives.regards.fr\/index.php?rest_route=\/wp\/v2\/users\/1"}],"replies":[{"embeddable":true,"href":"https:\/\/archives.regards.fr\/index.php?rest_route=%2Fwp%2Fv2%2Fcomments&post=4968"}],"version-history":[{"count":0,"href":"https:\/\/archives.regards.fr\/index.php?rest_route=\/wp\/v2\/posts\/4968\/revisions"}],"wp:attachment":[{"href":"https:\/\/archives.regards.fr\/index.php?rest_route=%2Fwp%2Fv2%2Fmedia&parent=4968"}],"wp:term":[{"taxonomy":"category","embeddable":true,"href":"https:\/\/archives.regards.fr\/index.php?rest_route=%2Fwp%2Fv2%2Fcategories&post=4968"},{"taxonomy":"post_tag","embeddable":true,"href":"https:\/\/archives.regards.fr\/index.php?rest_route=%2Fwp%2Fv2%2Ftags&post=4968"}],"curies":[{"name":"wp","href":"https:\/\/api.w.org\/{rel}","templated":true}]}}