{"id":4963,"date":"2011-08-22T14:30:48","date_gmt":"2011-08-22T12:30:48","guid":{"rendered":"https:\/\/wp.muchomaas.com\/arnaud-montebourg-lance-un-appel4963\/"},"modified":"2023-06-23T23:08:56","modified_gmt":"2023-06-23T21:08:56","slug":"arnaud-montebourg-lance-un-appel4963","status":"publish","type":"post","link":"https:\/\/archives.regards.fr\/?p=4963","title":{"rendered":"Arnaud Montebourg lance un appel"},"content":{"rendered":"<p class=\"post_excerpt\">Tout \u00e0 leur primaire, les socialistes ont sign\u00e9 leur rentr\u00e9e politique ce week-end. Parmi eux, Arnaud Montebourg organisait hier dimanche \u00e0 Frangy en Bresse, sa F\u00eate de la Rose. La veille, \u00e0 Paris, il avait accord\u00e9 \u00e0 <em>Regards<\/em> un entretien dans lequel il lance \u00ab <em>un appel au peuple de gauche<\/em> \u00bb. Ambition avou\u00e9e: rassembler largement \u00e0 gauche autour de sa candidature. L&#8217;entretien sera disponible dans son int\u00e9gralit\u00e9 le 5 septembre dans les pages du mensuel. Morceaux choisis.<\/p>\n<p>A la veille de la F\u00eate de la Rose, l\u2019\u00e9v\u00e9nement qui marque traditionnellement sa rentr\u00e9e politique, le candidat \u00e0 la primaire socialiste a estim\u00e9 qu\u2019il s\u2019agissait d\u2019une chance \u00ab\u00a0<em>historique\u00a0de faire entendre la voix du peuple de gauche\u00a0<\/em>\u00a0\u00bb. \u00ab\u00a0<em>Si vous n\u2019\u00eates pas content du parti socialiste<\/em>, a-t-il poursuivi, <em>venez le transformer avec moi. Si vous \u00eates satisfait du Parti socialiste, venez le faire gagner avec moi\u2026 Si vous voulez que le PS \u00e9volue, tout en respectant ses fondamentaux, venez donner votre suffrage \u00e0 ma candidature<\/em>\u00a0\u00bb. <\/p>\n<p>\u00ab\u00a0<em>Je lance un appel aux \u00e9lecteurs du parti de Jean-Luc M\u00e9lenchon,<\/em> a-t-il pr\u00e9cis\u00e9, <em>aux \u00e9lecteurs du parti de Jean-Pierre Chev\u00e8nement, du parti de Christiane Taubira et Jean-Michel Baylet, du parti de C\u00e9cile Duflot\u00a0et Daniel Cohn Bendit<\/em>\u00bb. Le d\u00e9put\u00e9 de Sa\u00f4ne et Loire a invit\u00e9 les militants de ces formations politiques \u00e0 se \u00ab\u00a0<em>m\u00ealer de savoir qui (les) repr\u00e9sentera au deuxi\u00e8me tour de l\u2019\u00e9lection pr\u00e9sidentielle<\/em>\u00a0\u00bb. <\/p>\n<p>\u00ab\u00a0<em>Lorsque Nicolas Hulot dit que je suis le plus \u00e9cologiste des candidats socialistes, que Jean-Luc M\u00e9lenchon estime qu\u2019il y a des points de convergence entre nous deux, lorsque Jean-Pierre Chev\u00e8nement d\u00e9clare qu\u2019il voterait pour moi s\u2019il prenait part \u00e0 la primaire ou encore que Christiane Taubira entre dans la campagne pour me soutenir, je consid\u00e8re que je suis le candidat au centre de gravit\u00e9 de toutes les gauches, capable mieux que d\u2019autres de rassembler<\/em> \u00bb. <div id='gallery-1' class='gallery galleryid-4963 gallery-columns-3 gallery-size-thumbnail'><figure class='gallery-item'>\n\t\t\t<div class='gallery-icon landscape'>\n\t\t\t\t<a href='https:\/\/archives.regards.fr\/wp-content\/uploads\/2011\/08\/montes-2de.jpg'><img loading=\"lazy\" decoding=\"async\" width=\"150\" height=\"150\" src=\"https:\/\/archives.regards.fr\/wp-content\/uploads\/2011\/08\/montes-2de-150x150.jpg\" class=\"attachment-thumbnail size-thumbnail\" alt=\"Arnaud Montebourg lance un appel\" aria-describedby=\"gallery-1-15295\" \/><\/a>\n\t\t\t<\/div>\n\t\t\t\t<figcaption class='wp-caption-text gallery-caption' id='gallery-1-15295'>\n\t\t\t\tArnaud Montebourg lance un appel\n\t\t\t\t<\/figcaption><\/figure>\n\t\t<\/div>\n<\/p>\n","protected":false},"excerpt":{"rendered":"<p>Tout \u00e0 leur primaire, les socialistes ont sign\u00e9 leur rentr\u00e9e politique ce week-end. Parmi eux, Arnaud Montebourg organisait hier dimanche \u00e0 Frangy en Bresse, sa F\u00eate de la Rose. La veille, \u00e0 Paris, il avait accord\u00e9 \u00e0 <em>Regards<\/em> un entretien dans lequel il lance \u00ab <em>un appel au peuple de gauche<\/em> \u00bb. Ambition avou\u00e9e: rassembler largement \u00e0 gauche autour de sa candidature. L&#8217;entretien sera disponible dans son int\u00e9gralit\u00e9 le 5 septembre dans les pages du mensuel. Morceaux choisis.<\/p>\n","protected":false},"author":569,"featured_media":15295,"comment_status":"open","ping_status":"open","sticky":false,"template":"","format":"standard","meta":{"_themeisle_gutenberg_block_has_review":false,"footnotes":""},"categories":[141],"tags":[290,293,295],"class_list":["post-4963","post","type-post","status-publish","format-standard","has-post-thumbnail","hentry","category-archives-web","tag-elections","tag-entretien","tag-nupes"],"_links":{"self":[{"href":"https:\/\/archives.regards.fr\/index.php?rest_route=\/wp\/v2\/posts\/4963","targetHints":{"allow":["GET"]}}],"collection":[{"href":"https:\/\/archives.regards.fr\/index.php?rest_route=\/wp\/v2\/posts"}],"about":[{"href":"https:\/\/archives.regards.fr\/index.php?rest_route=\/wp\/v2\/types\/post"}],"author":[{"embeddable":true,"href":"https:\/\/archives.regards.fr\/index.php?rest_route=\/wp\/v2\/users\/569"}],"replies":[{"embeddable":true,"href":"https:\/\/archives.regards.fr\/index.php?rest_route=%2Fwp%2Fv2%2Fcomments&post=4963"}],"version-history":[{"count":0,"href":"https:\/\/archives.regards.fr\/index.php?rest_route=\/wp\/v2\/posts\/4963\/revisions"}],"wp:featuredmedia":[{"embeddable":true,"href":"https:\/\/archives.regards.fr\/index.php?rest_route=\/wp\/v2\/media\/15295"}],"wp:attachment":[{"href":"https:\/\/archives.regards.fr\/index.php?rest_route=%2Fwp%2Fv2%2Fmedia&parent=4963"}],"wp:term":[{"taxonomy":"category","embeddable":true,"href":"https:\/\/archives.regards.fr\/index.php?rest_route=%2Fwp%2Fv2%2Fcategories&post=4963"},{"taxonomy":"post_tag","embeddable":true,"href":"https:\/\/archives.regards.fr\/index.php?rest_route=%2Fwp%2Fv2%2Ftags&post=4963"}],"curies":[{"name":"wp","href":"https:\/\/api.w.org\/{rel}","templated":true}]}}