{"id":4959,"date":"2011-08-22T08:00:00","date_gmt":"2011-08-22T06:00:00","guid":{"rendered":"https:\/\/wp.muchomaas.com\/les-pauvres-encore-eux4959\/"},"modified":"2023-06-23T23:08:55","modified_gmt":"2023-06-23T21:08:55","slug":"les-pauvres-encore-eux4959","status":"publish","type":"post","link":"https:\/\/archives.regards.fr\/?p=4959","title":{"rendered":"Les pauvres&#8230; encore eux !"},"content":{"rendered":"<p class=\"post_excerpt\">Souvent ensevelie sous les \u00e9v\u00e9nements m\u00e9diatis\u00e9s, la mis\u00e8re joue un<br \/>\nr\u00f4le d\u00e9terminant \u00e0 Ha\u00efti, au Japon ou dans les r\u00e9volutions arabes.<br \/>\nMais, au mieux, les pauvres sont des \u00ab fant\u00f4mes \u00bb qui hantent journaux<br \/>\nou discours. L\u2019historienne Arlette Farge propose de remettre au<br \/>\ncentre de l\u2019actualit\u00e9 la pauvret\u00e9 dans ses aspects les plus concrets.<\/p>\n<p>Pauvres. On sent<br \/>\nbien que le mot<br \/>\nd\u00e9range, qu\u2019\u00e0<br \/>\nchacune de ses<br \/>\noccurrences<br \/>\ndans une conversation, les<br \/>\nmines s\u2019allongent m\u00eame chez<br \/>\nles mieux intentionn\u00e9s. \u00ab Encore<br \/>\neux ! \u00bb, semble-t-on dire, comme<br \/>\ns\u2019il s\u2019agissait d\u2019un scotch dont<br \/>\nles doigts ne peuvent se d\u00e9faire.<br \/>\nCe n\u2019est pas tant que le terme<br \/>\nsoit d\u00e9mod\u00e9, comme celui de<br \/>\n\u00ab lutte des classes \u00bb, mais que<br \/>\nla r\u00e9alit\u00e9 qu\u2019il recouvre appara\u00eet<br \/>\nsempiternelle, embarrassante,<br \/>\ninsurmontable donc lassante.<\/p>\n<p>Il y aurait m\u00eame une l\u00e9g\u00e8re faute<br \/>\nde go\u00fbt \u00e0 en rappeler fr\u00e9quemment<br \/>\nla pr\u00e9sence, quelque<br \/>\nchose qui sonnerait comme un<br \/>\nrappel des jours anciens o\u00f9 les<br \/>\nlendemains \u00e9taient en droit de<br \/>\nchanter. Voici le pauvre, la pauvret\u00e9,<br \/>\ndevenus \u00ab fant\u00f4mes \u00bb surgissant<br \/>\ndans journaux ou discours<br \/>\npour se rappeler \u00e0 nous,<br \/>\nrappeler notre indiff\u00e9rence \u00e0 en<br \/>\nassumer les aspects les plus<br \/>\nconcrets.<\/p>\n<p>Soyons clairs : les pauvres<br \/>\nfatiguent, dirait-on, malgr\u00e9 les<br \/>\np\u00e2les efforts de tous pour parfois<br \/>\nles rendre visibles, mais<br \/>\njamais partenaires ou interlocuteurs.<br \/>\nJ\u2019en prends \u00e0 t\u00e9moin l\u2019actualit\u00e9<br \/>\nharassante et sid\u00e9rante<br \/>\nde ces derniers mois. La soci\u00e9t\u00e9<br \/>\nenti\u00e8re a v\u00e9cu une sorte de<br \/>\nparoxysme o\u00f9 les informations<br \/>\nles plus bouleversantes succ\u00e9daient<br \/>\naux plus tragiques ou<br \/>\nsurr\u00e9alistes.<\/p>\n<h2>Se d\u00e9douaner<\/h2>\n<p>La t\u00eate, un matin, se tournait<br \/>\nvers Ha\u00efti, o\u00f9 d\u2019insoutenables<br \/>\nimages se juxtaposaient \u00e0 des<br \/>\ndiscours selon lesquels il \u00e9tait<br \/>\nimpossible d\u2019envoyer de l\u2019argent\u2026<br \/>\nparce qu\u2019il n\u2019arriverait<br \/>\npas. Les \u00e9crivains ha\u00eftiens ont<br \/>\nclam\u00e9 leur peine, assurant que<br \/>\nla culture toujours sauverait leur<br \/>\npays. C\u2019est sans doute vrai, si<br \/>\nce n\u2019est que leurs avis, d\u00e9bats, productions litt\u00e9raires, merveilleuses<br \/>\nou non, d\u00e9douanaient<br \/>\nrapidement de faire des efforts<br \/>\npour ce peuple.<\/p>\n<p>Un autre matin, ce fut l\u2019effroyable<br \/>\nnouvelle d\u2019un tsunami au<br \/>\nJapon suivi d\u2019une catastrophe<br \/>\natomique d\u00e9mesur\u00e9e. Ensuite,<br \/>\nvint l\u2019id\u00e9e r\u00e9pandue, face \u00e0 une<br \/>\nFrance d\u00e9prim\u00e9e et languissante,<br \/>\nque le Japonais \u00e9tait<br \/>\ncalme par essence et subissait<br \/>\navec s\u00e9r\u00e9nit\u00e9 ce qui l\u2019avait arrach\u00e9<br \/>\n\u00e0 lui-m\u00eame, et continuerait<br \/>\n\u00e0 le faire pendant des dizaines<br \/>\nd\u2019ann\u00e9es.<\/p>\n<p>L\u2019actualit\u00e9, d\u00e9cid\u00e9ment, joue \u00e0<br \/>\nmerveille de son r\u00f4le terrifiant,<br \/>\nsuivi d\u2019un autre plus consolateur<br \/>\nqui permet d\u2019oublier.<br \/>\nC\u2019est vrai, si les Japonais sont<br \/>\ncalmes, pourquoi se faire du<br \/>\nsouci ? Comme si le temp\u00e9rament<br \/>\nsuppos\u00e9 d\u2019un peuple<br \/>\neffa\u00e7ait automatiquement les<br \/>\ndeuils d\u00e9sesp\u00e9r\u00e9s, la famine,<br \/>\nles contaminations pulv\u00e9risant<br \/>\ndes corps de l\u2019int\u00e9rieur.<\/p>\n<p>Survint une lueur ; ce fut le printemps<br \/>\ndes peuples arabes, la<br \/>\nr\u00e9volution du Jasmin. Soudain,<br \/>\nle monde arabe \u00e9tait montr\u00e9<br \/>\ndans toute son envergure et sa<br \/>\ndignit\u00e9 ; pourtant il ne cessait<br \/>\nen m\u00eame temps de manifester<br \/>\nson inexorable pauvret\u00e9, celle<br \/>\nsur laquelle on s\u2019arr\u00eatait peu.<br \/>\nRien ne fut tout \u00e0 fait simple ;<br \/>\napr\u00e8s la Tunisie et l\u2019Egypte,<br \/>\nla Libye montra la haine et le<br \/>\npouvoir de richesses affolantes<br \/>\nainsi que des bombardements.<br \/>\nPuis la Syrie fut abandonn\u00e9e<br \/>\naux massacres et \u00e0 une guerre<br \/>\ncivile ; pas d\u2019images, mais une<br \/>\npopulation d\u00e9vast\u00e9e par les<br \/>\ncrises sociales, politiques et<br \/>\nguerri\u00e8res de ses chefs dictateurs.<\/p>\n<h2>Terrain de mis\u00e8re<\/h2>\n<p>Semaine apr\u00e8s semaine, se<br \/>\nsont encha\u00een\u00e9s d\u2019indicibles<br \/>\n\u00e9v\u00e9nements : rappelons ce qui<br \/>\nse passa au Congo, o\u00f9 des<br \/>\ndeux c\u00f4t\u00e9s, les forces au pouvoir<br \/>\net celles qui le d\u00e9siraient,<br \/>\npratiqu\u00e8rent massacres et<br \/>\nviols. L\u00e0 encore, peu de choses<br \/>\nsur le terrain de mis\u00e8re sur lequel<br \/>\ns\u2019appuient ces d\u00e9cha\u00eenements<br \/>\nde violence.<\/p>\n<p>Parmi tout cela, un fait divers<br \/>\ncloua tout le monde au sol :<br \/>\nun homme bien sous tous rapports<br \/>\neut l\u2019\u00e9trange id\u00e9e, \u00e0 partir<br \/>\nd\u2019une m\u00e9canique sombre et<br \/>\ncomplexe, de tuer sa femme<br \/>\net ses quatre enfants adolescents,<br \/>\nles cimentant dans son<br \/>\njardin apr\u00e8s leur mort. Ce fut un<br \/>\ncourt \u00ab divertissement \u00bb, mais je<br \/>\nme souviens combien chacun<br \/>\net chacune se sentait abasourdi,<br \/>\nceci sugg\u00e9rant malgr\u00e9 tout<br \/>\nque quelque chose d\u2019\u00e9trangement<br \/>\nf\u00eal\u00e9 perturbait la soci\u00e9t\u00e9<br \/>\net venait s\u2019accrocher au reste,<br \/>\nd\u00e9l\u00e9t\u00e8re.<\/p>\n<p>Dans ce climat, survint ce qu\u2019il<br \/>\nest convenu d\u2019appeler l\u2019affaire<br \/>\nDSK. Le ciel, la terre, sembl\u00e8rent<br \/>\nalors s\u2019entrechoquer<br \/>\npour plusieurs raisons. D\u2019une<br \/>\npart, l\u2019homme \u00e9tait un grand de<br \/>\nce monde, \u00e0 gauche, riche, et<br \/>\nsa femme une journaliste tr\u00e8s<br \/>\nconnue, encore plus riche et,<br \/>\ndisait-on, aimante. D\u2019autre part,<br \/>\non attendait de lui \u2013 de fa\u00e7on<br \/>\nbizarre \u2013 qu\u2019il vienne \u00ab sauver la<br \/>\nFrance \u00bb apr\u00e8s Sarkozy. Enfin,<br \/>\nsa chute a choisi un chemin tr\u00e8s<br \/>\nparticulier, celui de la sexualit\u00e9<br \/>\nagressive envers une femme de<br \/>\nchambre, noire et pauvre.<\/p>\n<p>Tout tomba p\u00eale-m\u00eale par<br \/>\nterre, m\u00e9langeant dans l\u2019incoh\u00e9rence<br \/>\net l\u2019indignation ceux<br \/>\nqui pensaient au complot,<br \/>\ncelles et ceux qui, m\u00e9dus\u00e9s,<br \/>\nne croyaient plus \u00e0 rien, les f\u00e9ministes reprenant leur<br \/>\nbataille, les uns et les autres<br \/>\nlib\u00e9rant leurs affects pour pourfendre<br \/>\nd\u00e9cid\u00e9ment un syst\u00e8me<br \/>\npolitique d\u00e9l\u00e9t\u00e8re.<\/p>\n<p>D\u2019autres encore pens\u00e8rent au<br \/>\n\u00ab couple \u00bb DSK &#8211; femme noire et<br \/>\npauvre ; et voici que la pauvret\u00e9<br \/>\nrevenait dans le vocabulaire<br \/>\nde chacun et les pens\u00e9es de<br \/>\ntous, car on y \u00e9tait forc\u00e9ment<br \/>\n\u2013 et heureusement \u2013 oblig\u00e9s.<br \/>\nS\u2019aventurer au-del\u00e0 du cas singulier<br \/>\nde cette femme, qui forc\u00e9ment<br \/>\na vu sa vie se d\u00e9truire<br \/>\nen un moment, ne semble pas<br \/>\nchose commune.<\/p>\n<h2>Les mots<\/h2>\n<p>Oui, elle est pauvre et c\u2019est<br \/>\nbien peu admissible qu\u2019ait eu<br \/>\nlieu cette \u00ab rencontre \u00bb. Certes,<br \/>\ncela ne remettra pas en cause<br \/>\nla dissym\u00e9trie entre les classes<br \/>\nsociales, on le sait \u2013 et les<br \/>\nr\u00e9actions face \u00e0 la manifestation<br \/>\ndes employ\u00e9es d\u2019h\u00f4tel<br \/>\nle montr\u00e8rent bien \u2013, mais il<br \/>\nest \u00e0 esp\u00e9rer que seront r\u00e9fl\u00e9chis<br \/>\nautrement l\u2019ensemble des<br \/>\ndiscours tenus sur la plan\u00e8te<br \/>\nautour de ce ph\u00e9nom\u00e8ne exorbitant<br \/>\nqu\u2019est la pauvret\u00e9.<\/p>\n<p>Car, qu\u2019il s\u2019agisse d\u2019\u00e9lections<br \/>\nen France, de projets politiques<br \/>\n\u00e9manant de partis diff\u00e9rents,<br \/>\nles mots \u00ab pauvret\u00e9 \u00bb,<br \/>\n\u00ab mis\u00e8re \u00bb, \u00ab ch\u00f4mage \u00bb, \u00ab fatigue<br \/>\ncollective \u00bb, \u00ab harc\u00e8lement au<br \/>\ntravail \u00bb, sont pr\u00e9sents parce<br \/>\nqu\u2019appartenant \u00e0 ce qui se doit<br \/>\nd\u2019\u00eatre mentionn\u00e9. M\u00eame Marine<br \/>\nLe Pen en parle\u2026<\/p>\n<p>Au Japon, en Ha\u00efti, en Syrie ou<br \/>\nen Afrique, c\u2019est de pauvret\u00e9<br \/>\net d\u2019indignit\u00e9 qu\u2019il s\u2019agit. Mais<br \/>\nles interminables t\u00e9moignages<br \/>\nm\u00e9diatiques sur la pauvret\u00e9,<br \/>\najoutant des cas singuliers \u00e0<br \/>\nd\u2019autres cas singuliers (naufrages<br \/>\nde bateaux de r\u00e9fugi\u00e9s,<br \/>\nhommes cherchant \u00e0 traverser<br \/>\nla Manche, maladies end\u00e9miques,<br \/>\netc.), sont loin de suffire.<br \/>\nDu moins tant qu\u2019ils ne seront<br \/>\npas reli\u00e9s avec intelligence,<br \/>\ns\u00e9r\u00e9nit\u00e9 et raison, \u00e0 d\u2019autres<br \/>\nmots et concepts encore plus<br \/>\nconspu\u00e9s que celui de pauvret\u00e9<br \/>\n: la confrontation entre<br \/>\nles classes, la d\u00e9pendance<br \/>\nsauvage des uns par rapport<br \/>\naux autres, l\u2019esclavage des<br \/>\nesprits, l\u2019absence de remise en<br \/>\ncause du syst\u00e8me \u00e9conomique.<br \/>\nLa pens\u00e9e semble morte.<\/p>\n<p>Devant la pauvret\u00e9, pourtant<br \/>\nviolemment visible, des discours<br \/>\nincertains, compassionnels<br \/>\net sans \u00e9clat. Les \u00ab intellectuels<br \/>\n\u00bb eux-m\u00eames ne<br \/>\ns\u2019aventurent plus dans ces<br \/>\nr\u00e9gions ; ils ont int\u00e9rioris\u00e9 que<br \/>\nla mort des ma\u00eetres impliquait<br \/>\ncelle des id\u00e9ologies, alors qu\u2019ils<br \/>\nne cessent d\u2019en pratiquer certaines<br \/>\nsans les nommer.<\/p>\n<h2>Solitudes<\/h2>\n<p>De Walter Benjamin, d\u2019Edward<br \/>\nSa\u00efd, de Michel Foucault et de<br \/>\ntant d\u2019autres encore, j\u2019ai appris<br \/>\net retenu qu\u2019une chose est<br \/>\ns\u00fbre : il ne faut jamais \u00ab <em>se soumettre<br \/>\nau d\u00e9ferlement de faits<br \/>\n\u00e9tranges, barbares, brutaux<\/em> \u00bb<br \/>\n(Nietzsche) et que la dissolution<br \/>\nde la pens\u00e9e est simplement le<br \/>\nrefus mortif\u00e8re de r\u00e9organiser<br \/>\nle chaos.<\/p>\n<p>Pour cela, certes, il faut du<br \/>\nsouffle, mais surtout n\u2019\u00eatre pas<br \/>\nseul. Or nous voici seuls partout<br \/>\net en toutes classes, et<br \/>\nc\u2019est justement sur ces \u00e9miettements<br \/>\ntragiques de solitude<br \/>\nque le monde installe son syst\u00e8me<br \/>\n\u00e9crasant.<\/p>\n<p>La mani\u00e8re dont nous est<br \/>\ntransmise l\u2019actualit\u00e9, l\u2019actualit\u00e9<br \/>\nelle-m\u00eame, terrorise et sid\u00e8re<br \/>\nd\u2019autant plus qu\u2019il est beaucoup<br \/>\nde monde pour l\u2019entourer<br \/>\nd\u2019un discours lisse, ne laissant<br \/>\naucun espace ni interstice pour<br \/>\ns\u2019en d\u00e9prendre, rencontrer<br \/>\nl\u2019autre et chercher \u00e0 le d\u00e9faire.<br \/>\nEncore que\u2026<div id='gallery-1' class='gallery galleryid-4959 gallery-columns-3 gallery-size-thumbnail'><figure class='gallery-item'>\n\t\t\t<div class='gallery-icon landscape'>\n\t\t\t\t<a href='https:\/\/archives.regards.fr\/wp-content\/uploads\/2011\/07\/pauvrei-e0e.jpg'><img loading=\"lazy\" decoding=\"async\" width=\"150\" height=\"150\" src=\"https:\/\/archives.regards.fr\/wp-content\/uploads\/2011\/07\/pauvrei-e0e-150x150.jpg\" class=\"attachment-thumbnail size-thumbnail\" alt=\"pauvrei.jpg\" \/><\/a>\n\t\t\t<\/div><\/figure>\n\t\t<\/div>\n<\/p>\n","protected":false},"excerpt":{"rendered":"<p>Souvent ensevelie sous les \u00e9v\u00e9nements m\u00e9diatis\u00e9s, la mis\u00e8re joue un<br \/>\nr\u00f4le d\u00e9terminant \u00e0 Ha\u00efti, au Japon ou dans les r\u00e9volutions arabes.<br \/>\nMais, au mieux, les pauvres sont des \u00ab fant\u00f4mes \u00bb qui hantent journaux<br \/>\nou discours. L\u2019historienne Arlette Farge propose de remettre au<br \/>\ncentre de l\u2019actualit\u00e9 la pauvret\u00e9 dans ses aspects les plus concrets.<\/p>\n","protected":false},"author":1,"featured_media":15283,"comment_status":"open","ping_status":"open","sticky":false,"template":"","format":"standard","meta":{"_themeisle_gutenberg_block_has_review":false,"footnotes":""},"categories":[141],"tags":[297],"class_list":["post-4959","post","type-post","status-publish","format-standard","has-post-thumbnail","hentry","category-archives-web","tag-inegalites"],"_links":{"self":[{"href":"https:\/\/archives.regards.fr\/index.php?rest_route=\/wp\/v2\/posts\/4959","targetHints":{"allow":["GET"]}}],"collection":[{"href":"https:\/\/archives.regards.fr\/index.php?rest_route=\/wp\/v2\/posts"}],"about":[{"href":"https:\/\/archives.regards.fr\/index.php?rest_route=\/wp\/v2\/types\/post"}],"author":[{"embeddable":true,"href":"https:\/\/archives.regards.fr\/index.php?rest_route=\/wp\/v2\/users\/1"}],"replies":[{"embeddable":true,"href":"https:\/\/archives.regards.fr\/index.php?rest_route=%2Fwp%2Fv2%2Fcomments&post=4959"}],"version-history":[{"count":0,"href":"https:\/\/archives.regards.fr\/index.php?rest_route=\/wp\/v2\/posts\/4959\/revisions"}],"wp:featuredmedia":[{"embeddable":true,"href":"https:\/\/archives.regards.fr\/index.php?rest_route=\/wp\/v2\/media\/15283"}],"wp:attachment":[{"href":"https:\/\/archives.regards.fr\/index.php?rest_route=%2Fwp%2Fv2%2Fmedia&parent=4959"}],"wp:term":[{"taxonomy":"category","embeddable":true,"href":"https:\/\/archives.regards.fr\/index.php?rest_route=%2Fwp%2Fv2%2Fcategories&post=4959"},{"taxonomy":"post_tag","embeddable":true,"href":"https:\/\/archives.regards.fr\/index.php?rest_route=%2Fwp%2Fv2%2Ftags&post=4959"}],"curies":[{"name":"wp","href":"https:\/\/api.w.org\/{rel}","templated":true}]}}