{"id":4954,"date":"2011-07-25T11:35:19","date_gmt":"2011-07-25T09:35:19","guid":{"rendered":"https:\/\/wp.muchomaas.com\/amy-winehouse-retour-au-noir4954\/"},"modified":"2011-07-25T11:35:19","modified_gmt":"2011-07-25T09:35:19","slug":"amy-winehouse-retour-au-noir4954","status":"publish","type":"post","link":"https:\/\/archives.regards.fr\/?p=4954","title":{"rendered":"Amy Winehouse, retour au Noir"},"content":{"rendered":"<p class=\"post_excerpt\">Amy Winehouse<\/p>\n<p><em>En avril 2007, Martov avait salu\u00e9 la sortie du second album de la chanteuse britannique, retrouv\u00e9e morte samedi 23 juillet chez elle \u00e0 Londres<\/em>.<\/p>\n<p><strong>Les ann\u00e9es 60 reviennent \u00e0 la mode dans la musique noire.<\/strong> Apr\u00e8s la r\u00e9surrection de Sharon Jones, la r\u00e9v\u00e9lation de la petite Nicole Willis et \u00e9videmment le film \u00ab DreamGirls \u00bb, inspir\u00e9 largement de l\u2019histoire de la Motown, c\u2019est au tour de la jeune anglaise Amy Winehouse de nous proposer une parfaite synth\u00e8se anachronique de l\u2019esprit northern soul (ces 45t rares issus de petits labels, un son particuli\u00e8rement affectionn\u00e9 dans le nord de l\u2019Angleterre) et des productions hip-hop du moment. Sa voie incroyablement bluesy, qui s\u2019apparente \u00e0 celle de la grande Martha Reeves, chanteuse des mythiques Vandellas, vient apposer l\u2019\u00e9crin vocal final sur ce petit bijou de grande musique populaire.<\/p>\n<p><iframe loading=\"lazy\" width=\"560\" height=\"349\" src=\"http:\/\/www.youtube.com\/embed\/KUmZp8pR1uc\" frameborder=\"0\" allowfullscreen><\/iframe><\/p>\n","protected":false},"excerpt":{"rendered":"<p>Amy Winehouse<\/p>\n","protected":false},"author":579,"featured_media":15266,"comment_status":"open","ping_status":"open","sticky":false,"template":"","format":"standard","meta":{"_themeisle_gutenberg_block_has_review":false,"footnotes":""},"categories":[111],"tags":[296],"class_list":["post-4954","post","type-post","status-publish","format-standard","has-post-thumbnail","hentry","category-nos-selections","tag-musique"],"_links":{"self":[{"href":"https:\/\/archives.regards.fr\/index.php?rest_route=\/wp\/v2\/posts\/4954","targetHints":{"allow":["GET"]}}],"collection":[{"href":"https:\/\/archives.regards.fr\/index.php?rest_route=\/wp\/v2\/posts"}],"about":[{"href":"https:\/\/archives.regards.fr\/index.php?rest_route=\/wp\/v2\/types\/post"}],"author":[{"embeddable":true,"href":"https:\/\/archives.regards.fr\/index.php?rest_route=\/wp\/v2\/users\/579"}],"replies":[{"embeddable":true,"href":"https:\/\/archives.regards.fr\/index.php?rest_route=%2Fwp%2Fv2%2Fcomments&post=4954"}],"version-history":[{"count":0,"href":"https:\/\/archives.regards.fr\/index.php?rest_route=\/wp\/v2\/posts\/4954\/revisions"}],"wp:featuredmedia":[{"embeddable":true,"href":"https:\/\/archives.regards.fr\/index.php?rest_route=\/wp\/v2\/media\/15266"}],"wp:attachment":[{"href":"https:\/\/archives.regards.fr\/index.php?rest_route=%2Fwp%2Fv2%2Fmedia&parent=4954"}],"wp:term":[{"taxonomy":"category","embeddable":true,"href":"https:\/\/archives.regards.fr\/index.php?rest_route=%2Fwp%2Fv2%2Fcategories&post=4954"},{"taxonomy":"post_tag","embeddable":true,"href":"https:\/\/archives.regards.fr\/index.php?rest_route=%2Fwp%2Fv2%2Ftags&post=4954"}],"curies":[{"name":"wp","href":"https:\/\/api.w.org\/{rel}","templated":true}]}}