{"id":4951,"date":"2011-07-21T15:57:27","date_gmt":"2011-07-21T13:57:27","guid":{"rendered":"https:\/\/wp.muchomaas.com\/les-inrocks-parlent-de-regards4951\/"},"modified":"2023-06-23T23:08:53","modified_gmt":"2023-06-23T21:08:53","slug":"les-inrocks-parlent-de-regards4951","status":"publish","type":"post","link":"https:\/\/archives.regards.fr\/?p=4951","title":{"rendered":"Les Inrocks parlent de Regards"},"content":{"rendered":"<p class=\"post_excerpt\">Allez, un peu d&#8217;autosatisfaction ne nuit pas en p\u00e9riode estivale&#8230; Dans leur livraison de cette semaine, <em>les Inrockuptibles<\/em> disent tout le bien qu&#8217;ils pensent de notre num\u00e9ro d&#8217;\u00e9t\u00e9, sous la plume de Jean-Marie Durand. Si vous h\u00e9sitiez encore \u00e0 acheter <em>Regards<\/em> de juillet-ao\u00fbt, lisez donc ce papier qui ach\u00e8vera de vous en convaincre *.\n<\/p>\n<h2>Regards en actes<\/h2>\n<p><strong>Le mensuel engag\u00e9 invite \u201c25 intellos\u201d \u00e0 plonger dans l\u2019actualit\u00e9: autant de visions ac\u00e9r\u00e9es sur la politique et les conditions du d\u00e9bat public.<\/strong><\/p>\n<p>-Comment un intellectuel peut-il<br \/>\ns\u2019inscrire dans le d\u00e9bat public<br \/>\nsur l\u2019actualit\u00e9 et la regarder en<br \/>\nface ? Les \u00e9v\u00e9nements r\u00e9cents<br \/>\n\u2013-printemps arabe, affaire<br \/>\nDSK\u2026-\u2013 ont permis de r\u00e9activer<br \/>\ncette vieille question en d\u00e9voilant les<br \/>\nd\u00e9rives possibles d\u2019une parole pulsionnelle<br \/>\ncouverte par une couche de savoir officiel.<br \/>\nLa derni\u00e8re livraison de l\u2019excellent<br \/>\n\u201c<em>mensuel postcapitaliste<\/em>\u201d de Cl\u00e9mentine<br \/>\nAutain et Roger Martelli <em>Regards<\/em>, sauv\u00e9<br \/>\ndu d\u00e9p\u00f4t de bilan l\u2019an dernier suite \u00e0 un<br \/>\nappel \u00e0 contributions, illustre le probl\u00e8me<br \/>\nde ce \u201c<em>pi\u00e8ge des discours<\/em>\u201d \u00e0 travers des<br \/>\ninterventions \u00e0 la fois ponctuelles (sur un<br \/>\nsujet de soci\u00e9t\u00e9 pr\u00e9cis) et g\u00e9n\u00e9rales<br \/>\n(en posant les conditions d\u2019un discours<br \/>\nsur l\u2019actualit\u00e9). Pour le sociologue<br \/>\nBernard Lahire, \u201c<em>le r\u00f4le de l\u2019intellectuel<br \/>\nest de cr\u00e9er le d\u00e9bat sur des questions dont<br \/>\npersonne ne veut parler<\/em>\u201d. Il faudrait savoir<br \/>\nrester silencieux quand on n\u2019a rien \u00e0 dire ou<br \/>\nquand les conditions du d\u00e9bat ne sont pas<br \/>\ncorrectes, car \u201c<em>la ruse du pouvoir symbolique<br \/>\nconsiste \u00e0 forcer \u00e0 parler sur des sujets<br \/>\nimpos\u00e9s qui d\u00e9tournent l\u2019attention<\/em>\u201d.<\/p>\n<p>L\u2019historienne Arlette Farge partage cette<br \/>\nm\u00e9fiance-: <em>\u201cDe Walter Benjamin, d\u2019Edward<br \/>\nSa\u00efd, de Michel Foucault et de tant d\u2019autres<br \/>\nencore, j\u2019ai appris et retenu qu\u2019une chose est<br \/>\ns\u00fbre-: il ne faut jamais se soumettre<br \/>\nau d\u00e9ferlement des<\/em> \u2018faits \u00e9tranges, barbares,<br \/>\nbrutaux\u2019<em> (Nietzsche)<\/em>\u201d. L\u2019affaire DSK forme<br \/>\nde ce point de vue un cas d\u2019\u00e9cole, estime<br \/>\nLahire, pour qui \u201c<em>les sciences humaines<br \/>\net sociales perdent en cr\u00e9dibilit\u00e9 scientifique<\/em>\u201d<br \/>\nen se pr\u00eatant au jeu m\u00e9diatique.<\/p>\n<p>Pour autant, par leurs pratiques de<br \/>\nrecherche, mais aussi par leurs<br \/>\nengagements directement li\u00e9s (cf. le<br \/>\npassionnant essai de Delphine Naudier<br \/>\net Maud Simonet, <em>Des sociologues<br \/>\nsans qualit\u00e9 \u2013-Pratiques de recherche<br \/>\net engagement<\/em>, paru \u00e0 La D\u00e9couverte),<br \/>\nles intellectuels \u00e9clairent l\u2019actualit\u00e9<br \/>\nqui \u00e9chappe aux cadres impos\u00e9s.<\/p>\n<p>Les contributions de ce num\u00e9ro de<br \/>\n<em>Regards<\/em> en fournissent la preuve<br \/>\nimparable. Les textes d\u2019Eric Fassin sur<br \/>\n\u201c<em>la fi\u00e8vre assimilationniste<\/em>\u201d, de Michel<br \/>\nPin\u00e7on et Monique Pin\u00e7on-Charlot sur \u201c<em>DSK<br \/>\nl\u2019oligarque<\/em>\u201d, de Laurent Mucchielli sur<br \/>\n\u201c<em>l\u2019utilit\u00e9 politique de la vid\u00e9osurveillance<\/em>\u201d, de<br \/>\nTzvetan Todorov sur la guerre de Libye et<br \/>\nson \u201c<em>pr\u00e9texte humanitaire<\/em>\u201d, d\u2019Enzo Traverso<br \/>\nsur le syst\u00e8me Berlusconi \u00e0 l\u2019agonie,<br \/>\nd\u2019Evelyne Sire-Marin sur \u201c<em>la justice saisie<br \/>\npar l\u2019ultralib\u00e9ralisme<\/em>\u201d, d\u2019Olivier Le Cour<br \/>\nGrandmaison sur la vie en banlieue, de<br \/>\nMiguel Benasayag sur \u201c<em>le lien rompu entre<br \/>\nterritoire et soci\u00e9t\u00e9<\/em>\u201d, de Razmig Keucheyan<br \/>\nsur la lutte des glaces en Arctique, d\u2019Aur\u00e9lie<br \/>\nTrouv\u00e9 sur la strat\u00e9gie du choc men\u00e9e par<br \/>\nle FMI face \u00e0 la dette publique, forment un<br \/>\ncorpus qui d\u00e9place le regard sur l\u2019actualit\u00e9<br \/>\npour lui conf\u00e9rer un sens fulgurant.<\/p>\n<p>Si l\u2019imp\u00e9ratif de \u201cneutralit\u00e9 axiologique\u201d,<br \/>\ncens\u00e9e accompagner les chercheurs dans<br \/>\nleurs travaux, est ici transgress\u00e9, c\u2019est<br \/>\npour mieux d\u00e9ployer une parole critique.<br \/>\nMais comme le souligne Arlette Farge, \u201c<em>la<br \/>\nmani\u00e8re dont nous est transmise l\u2019actualit\u00e9<br \/>\nterrorise et sid\u00e8re d\u2019autant plus qu\u2019il est<br \/>\nbeaucoup de monde pour l\u2019entourer<br \/>\nd\u2019un discours lisse, ne laissant aucun espace<br \/>\nni interstice pour s\u2019en d\u00e9prendre,<br \/>\nrencontrer l\u2019autre et chercher \u00e0 le d\u00e9faire<\/em>\u201d.<br \/>\nNous sommes seuls, et c\u2019est \u201c<em>sur ces<br \/>\n\u00e9miettements tragiques de solitude que le<br \/>\nmonde installe son syst\u00e8me \u00e9crasant<\/em>\u201d.<\/p>\n<p>D\u2019o\u00f9 la n\u00e9cessit\u00e9 de lire ces textes r\u00e9tifs<br \/>\naux r\u00e8gles vici\u00e9es du syst\u00e8me m\u00e9diatique,<br \/>\nque <em>Regards<\/em> d\u00e9joue avec acuit\u00e9.<\/p>\n<p><strong>Jean-Marie Durand<\/strong><\/p>\n<p>* <em>Attach\u00e9 \u00e0 la bonne sant\u00e9 \u00e9conomique de toute la presse \u00e9crite<\/em>, <strong>Regards<\/strong> <em>vous invite bien entendu \u00e0 acheter<\/em> <strong><a href=\"http:\/\/www.lesinrocks.com\/\">les Inrocks<\/a><\/strong> <em>de cette semaine, pour y lire ce papier &#8220;dans le texte&#8221;<\/em>.<div id='gallery-1' class='gallery galleryid-4951 gallery-columns-3 gallery-size-thumbnail'><figure class='gallery-item'>\n\t\t\t<div class='gallery-icon portrait'>\n\t\t\t\t<a href='https:\/\/archives.regards.fr\/wp-content\/uploads\/2011\/07\/inrocks_072011001_-_copie-35f.jpg'><img loading=\"lazy\" decoding=\"async\" width=\"150\" height=\"150\" src=\"https:\/\/archives.regards.fr\/wp-content\/uploads\/2011\/07\/inrocks_072011001_-_copie-35f-150x150.jpg\" class=\"attachment-thumbnail size-thumbnail\" alt=\"inrocks_072011001_-_copie.jpg\" \/><\/a>\n\t\t\t<\/div><\/figure><figure class='gallery-item'>\n\t\t\t<div class='gallery-icon landscape'>\n\t\t\t\t<a href='https:\/\/archives.regards.fr\/wp-content\/uploads\/2011\/07\/inrocks_072011001_-_copie_2_-43b.jpg'><img loading=\"lazy\" decoding=\"async\" width=\"150\" height=\"122\" src=\"https:\/\/archives.regards.fr\/wp-content\/uploads\/2011\/07\/inrocks_072011001_-_copie_2_-43b-150x122.jpg\" class=\"attachment-thumbnail size-thumbnail\" alt=\"Les Inrocks parlent de Regards\" aria-describedby=\"gallery-1-15257\" \/><\/a>\n\t\t\t<\/div>\n\t\t\t\t<figcaption class='wp-caption-text gallery-caption' id='gallery-1-15257'>\n\t\t\t\tLes Inrocks parlent de Regards\n\t\t\t\t<\/figcaption><\/figure>\n\t\t<\/div>\n<\/p>\n","protected":false},"excerpt":{"rendered":"<p>Allez, un peu d&#8217;autosatisfaction ne nuit pas en p\u00e9riode estivale&#8230; Dans leur livraison de cette semaine, <em>les Inrockuptibles<\/em> disent tout le bien qu&#8217;ils pensent de notre num\u00e9ro d&#8217;\u00e9t\u00e9, sous la plume de Jean-Marie Durand. Si vous h\u00e9sitiez encore \u00e0 acheter <em>Regards<\/em> de juillet-ao\u00fbt, lisez donc ce papier qui ach\u00e8vera de vous en convaincre *. <\/p>\n","protected":false},"author":643,"featured_media":15256,"comment_status":"open","ping_status":"open","sticky":false,"template":"","format":"standard","meta":{"_themeisle_gutenberg_block_has_review":false,"footnotes":""},"categories":[141],"tags":[287],"class_list":["post-4951","post","type-post","status-publish","format-standard","has-post-thumbnail","hentry","category-archives-web","tag-medias"],"_links":{"self":[{"href":"https:\/\/archives.regards.fr\/index.php?rest_route=\/wp\/v2\/posts\/4951","targetHints":{"allow":["GET"]}}],"collection":[{"href":"https:\/\/archives.regards.fr\/index.php?rest_route=\/wp\/v2\/posts"}],"about":[{"href":"https:\/\/archives.regards.fr\/index.php?rest_route=\/wp\/v2\/types\/post"}],"author":[{"embeddable":true,"href":"https:\/\/archives.regards.fr\/index.php?rest_route=\/wp\/v2\/users\/643"}],"replies":[{"embeddable":true,"href":"https:\/\/archives.regards.fr\/index.php?rest_route=%2Fwp%2Fv2%2Fcomments&post=4951"}],"version-history":[{"count":0,"href":"https:\/\/archives.regards.fr\/index.php?rest_route=\/wp\/v2\/posts\/4951\/revisions"}],"wp:featuredmedia":[{"embeddable":true,"href":"https:\/\/archives.regards.fr\/index.php?rest_route=\/wp\/v2\/media\/15256"}],"wp:attachment":[{"href":"https:\/\/archives.regards.fr\/index.php?rest_route=%2Fwp%2Fv2%2Fmedia&parent=4951"}],"wp:term":[{"taxonomy":"category","embeddable":true,"href":"https:\/\/archives.regards.fr\/index.php?rest_route=%2Fwp%2Fv2%2Fcategories&post=4951"},{"taxonomy":"post_tag","embeddable":true,"href":"https:\/\/archives.regards.fr\/index.php?rest_route=%2Fwp%2Fv2%2Ftags&post=4951"}],"curies":[{"name":"wp","href":"https:\/\/api.w.org\/{rel}","templated":true}]}}