{"id":4947,"date":"2011-08-15T08:00:00","date_gmt":"2011-08-15T06:00:00","guid":{"rendered":"https:\/\/wp.muchomaas.com\/la-justice-saisie-par-l4947\/"},"modified":"2023-06-23T23:08:52","modified_gmt":"2023-06-23T21:08:52","slug":"la-justice-saisie-par-l4947","status":"publish","type":"post","link":"https:\/\/archives.regards.fr\/?p=4947","title":{"rendered":"La justice saisie par l\u2019ultralib\u00e9ralisme"},"content":{"rendered":"<p class=\"post_excerpt\">Le service public de la justice, mis \u00e0 mal par les politiques<br \/>\ns\u00e9curitaires, est envahi par les valeurs lib\u00e9rales.<br \/>\nPlaider-coupable, comparution imm\u00e9diate, privatisation<br \/>\nde certains secteurs\u2026 La magistrate Evelyne Sire-Marin<br \/>\nvoit se profiler le syst\u00e8me am\u00e9ricain.<\/p>\n<p>S\u2019il est un domaine<br \/>\nqui nous semblait<br \/>\n\u00e9chapper aux valeurs<br \/>\ndu march\u00e9<br \/>\net de la globalisation,<br \/>\nc\u2019est bien la justice. Vieille<br \/>\nadministration r\u00e9galienne, Th\u00e9mis<br \/>\nest sans cesse critiqu\u00e9e<br \/>\npour sa lenteur, ses erreurs,<br \/>\net son univers aussi kafka\u00efen<br \/>\nqu\u2019impitoyable pour les \u00ab justiciables<br \/>\n\u00bb.<\/p>\n<p>D\u2019ailleurs la justice est l\u2019objet<br \/>\nd\u2019un constant d\u00e9nigrement<br \/>\npar les dirigeants populistes<br \/>\nd\u2019Europe, de Silvio Berlusconi<br \/>\n\u00e0 Nicolas Sarkozy, qui puisent<br \/>\ndans l\u2019\u00e9ternelle succession des<br \/>\nfaits divers, la mati\u00e8re vive de<br \/>\nleur discours compassionnel<br \/>\nsur les \u00ab victimes \u00bb [[Le mot \u00ab victime \u00bb affirme la culpabilit\u00e9<br \/>\nde l\u2019autre avant tout jugement,<br \/>\net se substitue au \u00ab plaignant \u00bb jusque<br \/>\ndans les textes de lois.]]. Le m\u00e9canisme<br \/>\nde la peur de tous contre<br \/>\ntous est ainsi enclench\u00e9 sur le<br \/>\nmode du laxisme des juges.<br \/>\nL\u2019avantage politique de ces<br \/>\npalinodies [[Nicolas Sarkozy n\u2019a cess\u00e9 de<br \/>\nd\u00e9l\u00e9gitimer les juges, de son discours<br \/>\nde rentr\u00e9e \u00e0 la Cour de cassation en<br \/>\n2007 o\u00f9 il les comparait \u00e0 des petits<br \/>\npois, \u00e0 la mise \u00e0 sac de la justice par<br \/>\nRachida Dati. Silvio Berlusconi est<br \/>\ncoutumier de d\u00e9clarations sur la folie<br \/>\ndes juges, tous rouges selon lui.]] est de masquer le<br \/>\nd\u00e9sastre social des politiques<br \/>\n\u00e9conomiques de la droite europ\u00e9enne<br \/>\npar l\u2019agitation permanente<br \/>\ndu chiffon rouge de<br \/>\nl\u2019ins\u00e9curit\u00e9.<\/p>\n<p>Les manifestations d\u2019avocats et<br \/>\nde magistrats de l\u2019hiver 2011,<br \/>\naux cris de \u00ab <em>Sarko d\u00e9gage ! <\/em> \u00bb,<br \/>\nont montr\u00e9 que le paradoxe<br \/>\nde ces politiques s\u00e9curitaires<br \/>\nest qu\u2019on assiste depuis dix<br \/>\nans \u00e0 une casse programm\u00e9e<br \/>\ndu service public de la justice.<br \/>\nLe d\u00e9labrement des palais<br \/>\nde justice, la suppression de<br \/>\n300 tribunaux, la souffrance<br \/>\ndes personnels de justice<br \/>\nsont bien visibles, comme l\u2019est<br \/>\n\u00e9galement le d\u00e9mant\u00e8lement<br \/>\nd\u2019autres services publics, sant\u00e9<br \/>\net psychiatrie, services sociaux,<br \/>\n\u00e9ducation\u2026<\/p>\n<h2>La m\u00e9canique p\u00e9nale<\/h2>\n<p>Ce d\u00e9pe\u00e7age de la justice se<br \/>\ndouble d\u2019une r\u00e9pression p\u00e9nale<br \/>\nsans pr\u00e9c\u00e9dent (72 500 personnes<br \/>\nsont aujourd\u2019hui en prison)<br \/>\net sans efficacit\u00e9 aucune<br \/>\nsur la d\u00e9linquance violente contre les personnes qui ne<br \/>\ncesse d\u2019augmenter.<\/p>\n<p>Mais il est moins apparent que<br \/>\nla coh\u00e9rence m\u00eame du syst\u00e8me<br \/>\njudiciaire fran\u00e7ais s\u2019est effondr\u00e9e<br \/>\nsous les coups de b\u00e9lier<br \/>\ndes 25 lois p\u00e9nales de la derni\u00e8re<br \/>\nd\u00e9cennie. Notre justice<br \/>\np\u00e9nale, dans son syst\u00e8me de<br \/>\nvaleurs, a totalement chang\u00e9,<br \/>\ncar ces textes allient le tout s\u00e9curitaire<br \/>\nau d\u00e9sengagement<br \/>\nde la justice comme service public<br \/>\nd\u2019Etat au profit du secteur<br \/>\npriv\u00e9 marchand.<\/p>\n<h2>Comptabilit\u00e9<\/h2>\n<p>A l\u2019image de la justice am\u00e9ricaine,<br \/>\nle syst\u00e8me judiciaire fran\u00e7ais<br \/>\nest de plus en plus envahi<br \/>\npar les valeurs de l\u2019ultralib\u00e9ralisme,<br \/>\nqui impliquent la mesure<br \/>\nconstante de l\u2019efficacit\u00e9 par<br \/>\nles statistiques depuis la Loi<br \/>\norganique relative aux lois de finance<br \/>\n(Lolf). La comptabilit\u00e9 de<br \/>\nla production judiciaire importe<br \/>\nd\u00e9sormais plus que la culpabilit\u00e9<br \/>\nde ceux qui entrent dans<br \/>\n\u00ab la cha\u00eene p\u00e9nale \u00bb, justement<br \/>\nnomm\u00e9e.<\/p>\n<p>La justice p\u00e9nale tend \u00e0 devenir<br \/>\narbitrale, comme l\u2019est la justice<br \/>\ncommerciale, et le droit p\u00e9nal<br \/>\ns\u2019aligne sur le droit des affaires,<br \/>\ncomme si une infraction devait<br \/>\n\u00eatre trait\u00e9e comme un contrat.<br \/>\nEn effet, beaucoup d\u2019affaires en<br \/>\nFrance sont aujourd\u2019hui n\u00e9goci\u00e9es<br \/>\npar un accord entre le<br \/>\nprocureur et le pr\u00e9sum\u00e9 auteur<br \/>\nd\u2019infraction. Elles sont trait\u00e9es<br \/>\npar le parquet, hors du circuit<br \/>\nde l\u2019audience. C\u2019est le \u00ab plaider coupable<br \/>\n\u00bb [[Le terme exact est comparution<br \/>\nsur reconnaissance pr\u00e9alable de<br \/>\nculpabilit\u00e9 (loi Perben II, 2004).]], o\u00f9 le juge est un<br \/>\nmanager, un arbitre, qui d\u00e9cide<br \/>\nd\u2019homologuer ou pas la peine<br \/>\npropos\u00e9e par le parquet. Petit \u00e0<br \/>\npetit les proc\u00e9dures \u00e9chappent<br \/>\naux juges ind\u00e9pendants, et<br \/>\nc\u2019est le parquet, sous l\u2019emprise<br \/>\nde l\u2019ex\u00e9cutif, qui d\u00e9cide de tout,<br \/>\nqui surveille et qui punit.<\/p>\n<p>En France, la troisi\u00e8me voie,<br \/>\nc\u2019est-\u00e0-dire le traitement des<br \/>\naffaires par le parquet, sans<br \/>\njuge ind\u00e9pendant, repr\u00e9sente<br \/>\nenviron la moiti\u00e9 des affaires<br \/>\np\u00e9nales. Aux Etats-Unis, dans<br \/>\nplus de 90 % des cas le recours<br \/>\nau juge p\u00e9nal est \u00e9vit\u00e9 par une<br \/>\ntransaction sur la peine puisque<br \/>\nla peine est n\u00e9goci\u00e9e d\u00e8s lors<br \/>\nqu\u2019on plaide coupable (m\u00eame si<br \/>\non est innocent).<\/p>\n<h2>Un bar\u00e8me fixe<\/h2>\n<p>Aux Etats-Unis, les peine elles m\u00eames<br \/>\nsuivent un bar\u00e8me (\u00ab <em>US<br \/>\nSentencing Guidelines <\/em> \u00bb), syst\u00e8me<br \/>\ndont la France s\u2019approche<br \/>\navec les peines planchers liant<br \/>\nautomatiquement le juge. Cette<br \/>\nconception qui ne tient aucun<br \/>\ncompte des facteurs sociaux<br \/>\nde la d\u00e9linquance, aboutit au<br \/>\nprononc\u00e9 de peines tr\u00e8s longues<br \/>\net est tout \u00e0 fait contraire<br \/>\nau principe de personnalisation<br \/>\ndes peines issu de la philosophie<br \/>\ndes lumi\u00e8res [[Les peines planchers (2007), ont<br \/>\naugment\u00e9 les dur\u00e9es d\u2019emprisonnement.<br \/>\nElles sont un couperet, sur le<br \/>\nmod\u00e8le am\u00e9ricain du \u00ab <em>three strike,<br \/>\nand you\u2019re out<\/em> \u00bb. Elles imposent au<br \/>\njuge, par exemple, de prononcer deux<br \/>\nans de prison pour un vol d\u2019autoradio.]].<\/p>\n<p>Le temps judiciaire, n\u00e9cessaire<br \/>\n\u00e0 l\u2019\u00e9mergence de la preuve, du d\u00e9bat contradictoire entre<br \/>\nplaignant et mis en cause, est<br \/>\nremplac\u00e9 par le temps court<br \/>\ndes flux tendus du march\u00e9,<br \/>\nappel\u00e9 \u00ab traitement en temps<br \/>\nr\u00e9el \u00bb. La d\u00e9cision judiciaire<br \/>\ndoit \u00eatre produite juste apr\u00e8s<br \/>\nl\u2019entr\u00e9e en stock de l\u2019affaire,<br \/>\npar des modes de jugement<br \/>\nrapides, telle la comparution<br \/>\nimm\u00e9diate.<\/p>\n<p><strong><em>Le march\u00e9<br \/>\nde la punition<\/strong><\/em><\/p>\n<p>Enfin, la conqu\u00eate du march\u00e9<br \/>\njudiciaire par des entreprises<br \/>\npriv\u00e9es atteste de la privatisation<br \/>\nde secteurs entiers du<br \/>\nmonde judiciaire. Certaines<br \/>\ntechniques de preuve comme<br \/>\nles \u00e9coutes t\u00e9l\u00e9phoniques<br \/>\nou les expertises d\u2019ADN sont<br \/>\nexternalis\u00e9es. Elles rel\u00e8vent<br \/>\nd\u2019op\u00e9rateurs et de laboratoires<br \/>\npriv\u00e9s, auxquels l\u2019Etat verse<br \/>\ndes sommes \u00e9normes chaque<br \/>\nann\u00e9e (presque 100 millions<br \/>\nd\u2019euros pour la t\u00e9l\u00e9phonie).<\/p>\n<p>L\u2019industrie de la punition a<br \/>\ninvesti dans l\u2019ex\u00e9cution des<br \/>\npeines, comme les soci\u00e9t\u00e9s de<br \/>\nfabrication de bracelets \u00e9lectroniques<br \/>\net la construction<br \/>\nde prisons priv\u00e9es lou\u00e9es \u00e0<br \/>\nl\u2019Etat \u2013 qui versera par exemple<br \/>\n1,3 milliard pendant vingt-sept<br \/>\nans \u00e0 Bouygues pour la prison<br \/>\nde Nantes.<\/p>\n<p>Cette justice n\u00e9goci\u00e9e et privatis\u00e9e<br \/>\nest parfaitement \u00e9galitaire<br \/>\npour ceux qui ont les moyens de<br \/>\nleur d\u00e9fense, comme le montre<br \/>\nl\u2019affaire new-yorkaise du directeur<br \/>\ndu FMI, qui pourra, \u00e0 coup<br \/>\nde millions de dollars, soit rassembler<br \/>\nles preuves de son innocence,<br \/>\nsoit neutraliser celles<br \/>\nde sa culpabilit\u00e9.<\/p>\n<p>L\u2019affaire OJ Simpson, ce footballeur<br \/>\nmilliardaire qui \u00e9tait<br \/>\naccus\u00e9 d\u2019avoir tu\u00e9 sa femme l\u2019a<br \/>\nlargement d\u00e9montr\u00e9. Il a \u00e9t\u00e9 acquitt\u00e9.<br \/>\nPour ceux qui n\u2019ont pas<br \/>\nles moyens de leur d\u00e9fense,<br \/>\nqu\u2019il s\u2019agisse de noirs pauvres<br \/>\nou de latinos, ils forment l\u2019immense<br \/>\nmajorit\u00e9 des prisonniers<br \/>\net des condamn\u00e9s \u00e0 mort.<\/p>\n<h2>Injustice sociale<\/h2>\n<p>Peut-\u00eatre l\u2019affaire DSK agira-telle<br \/>\ncomme une salutaire prise<br \/>\nde conscience de l\u2019injustice<br \/>\nsociale d\u2019un syst\u00e8me judiciaire<br \/>\nam\u00e9ricain qui n\u2019est pas un service<br \/>\npublic de la justice, comme<br \/>\nl\u2019est encore la justice fran\u00e7aise,<br \/>\navec tous ses d\u00e9fauts.<\/p>\n<p>Elle illustre en tout cas, <em>a<br \/>\ncontrario<\/em>, la n\u00e9cessit\u00e9 de<br \/>\nconserver en France, en renfor\u00e7ant<br \/>\nles droits de la d\u00e9fense,<br \/>\nun juge d\u2019instruction non soumis<br \/>\na des pressions politiques,<br \/>\net qui recherche les preuves de<br \/>\nl\u2019innocence ou de la culpabilit\u00e9<br \/>\nde quelqu\u2019un, quels que soient<br \/>\nses moyens financiers.<br \/>\n<div id='gallery-1' class='gallery galleryid-4947 gallery-columns-3 gallery-size-thumbnail'><figure class='gallery-item'>\n\t\t\t<div class='gallery-icon landscape'>\n\t\t\t\t<a href='https:\/\/archives.regards.fr\/wp-content\/uploads\/2011\/07\/jusrc-456.jpg'><img loading=\"lazy\" decoding=\"async\" width=\"80\" height=\"55\" src=\"https:\/\/archives.regards.fr\/wp-content\/uploads\/2011\/07\/jusrc-456.jpg\" class=\"attachment-thumbnail size-thumbnail\" alt=\"La justice saisie par l\u2019ultralib\u00e9ralisme\" aria-describedby=\"gallery-1-15246\" \/><\/a>\n\t\t\t<\/div>\n\t\t\t\t<figcaption class='wp-caption-text gallery-caption' id='gallery-1-15246'>\n\t\t\t\tLa justice saisie par l\u2019ultralib\u00e9ralisme\n\t\t\t\t<\/figcaption><\/figure>\n\t\t<\/div>\n<\/p>\n","protected":false},"excerpt":{"rendered":"<p>Le service public de la justice, mis \u00e0 mal par les politiques<br \/>\ns\u00e9curitaires, est envahi par les valeurs lib\u00e9rales.<br \/>\nPlaider-coupable, comparution imm\u00e9diate, privatisation<br \/>\nde certains secteurs\u2026 La magistrate Evelyne Sire-Marin<br \/>\nvoit se profiler le syst\u00e8me am\u00e9ricain.<\/p>\n","protected":false},"author":1,"featured_media":15246,"comment_status":"open","ping_status":"open","sticky":false,"template":"","format":"standard","meta":{"_themeisle_gutenberg_block_has_review":false,"footnotes":""},"categories":[141],"tags":[367,316],"class_list":["post-4947","post","type-post","status-publish","format-standard","has-post-thumbnail","hentry","category-archives-web","tag-justice","tag-securitaire"],"_links":{"self":[{"href":"https:\/\/archives.regards.fr\/index.php?rest_route=\/wp\/v2\/posts\/4947","targetHints":{"allow":["GET"]}}],"collection":[{"href":"https:\/\/archives.regards.fr\/index.php?rest_route=\/wp\/v2\/posts"}],"about":[{"href":"https:\/\/archives.regards.fr\/index.php?rest_route=\/wp\/v2\/types\/post"}],"author":[{"embeddable":true,"href":"https:\/\/archives.regards.fr\/index.php?rest_route=\/wp\/v2\/users\/1"}],"replies":[{"embeddable":true,"href":"https:\/\/archives.regards.fr\/index.php?rest_route=%2Fwp%2Fv2%2Fcomments&post=4947"}],"version-history":[{"count":0,"href":"https:\/\/archives.regards.fr\/index.php?rest_route=\/wp\/v2\/posts\/4947\/revisions"}],"wp:featuredmedia":[{"embeddable":true,"href":"https:\/\/archives.regards.fr\/index.php?rest_route=\/wp\/v2\/media\/15246"}],"wp:attachment":[{"href":"https:\/\/archives.regards.fr\/index.php?rest_route=%2Fwp%2Fv2%2Fmedia&parent=4947"}],"wp:term":[{"taxonomy":"category","embeddable":true,"href":"https:\/\/archives.regards.fr\/index.php?rest_route=%2Fwp%2Fv2%2Fcategories&post=4947"},{"taxonomy":"post_tag","embeddable":true,"href":"https:\/\/archives.regards.fr\/index.php?rest_route=%2Fwp%2Fv2%2Ftags&post=4947"}],"curies":[{"name":"wp","href":"https:\/\/api.w.org\/{rel}","templated":true}]}}