{"id":4939,"date":"2011-07-09T11:00:00","date_gmt":"2011-07-09T09:00:00","guid":{"rendered":"https:\/\/wp.muchomaas.com\/les-mayas-au-quai-branly-sous-le4939\/"},"modified":"2023-06-23T23:08:50","modified_gmt":"2023-06-23T21:08:50","slug":"les-mayas-au-quai-branly-sous-le4939","status":"publish","type":"post","link":"https:\/\/archives.regards.fr\/?p=4939","title":{"rendered":"Les Mayas au Quai Branly : sous le \u00ab patrimoine \u00bb, le capitalisme sauvage."},"content":{"rendered":"<p class=\"post_excerpt\">Une exposition sur les Mayas se tient au Mus\u00e9e du quai Branly jusqu&#8217;au 2 octobre prochain. Probl\u00e8me, le principal m\u00e9c\u00e8ne de cet \u00e9v\u00e9nement est une soci\u00e9t\u00e9 p\u00e9troli\u00e8re, Perenco, qui souille et exploite le territoire du Guatemala.  Vous avez dit contradiction?<\/p>\n<p>Depuis le 21 juin dernier, date de l\u2019inauguration de <a href=\"http:\/\/www.quaibranly.fr\/fr\/programmation\/expositions\/a-l-affiche\/maya.html\">l\u2019exposition consacr\u00e9e \u00e0 la culture Maya au mus\u00e9e du Quai Branly<\/a> \u00e0 Paris, le collectif Guatemala est sur le pied de guerre. Motif\u00a0? Le principal m\u00e9c\u00e8ne de l\u2019exposition n\u2019est autre que la soci\u00e9t\u00e9 p\u00e9troli\u00e8re Perenco, qui profite de cet \u00e9v\u00e9nement culturel pour faire oublier qu\u2019elle viole en toute impunit\u00e9 les lois environnementales et les droits humains sur les territoires qu\u2019elle exploite au Guatemala. Certes, si l\u2019on se r\u00e9f\u00e8re au site internet du Mus\u00e9e du Quai Branly, la soci\u00e9t\u00e9 p\u00e9troli\u00e8re semble \u00eatre une sacr\u00e9e aubaine pour le pays. \u00ab\u00a0 <em>Nous op\u00e9rons dans une quinzaine de pays o\u00f9 notre savoir-faire est synonyme pour les \u00e9tats de revenus importants tir\u00e9s de leurs ressources naturelles. Nous veillons \u00e0 ce que les populations vivant \u00e0 proximit\u00e9 des sites o\u00f9 nous travaillons b\u00e9n\u00e9ficient de notre pr\u00e9sence. Nos projets sociaux et environnementaux sont mis en \u0153uvre en impliquant directement les communaut\u00e9s locales tout en pr\u00e9servant leur culture et leurs valeurs.<\/em>\u00a0\u00bb Et de conclure\u00a0: \u00ab\u00a0<em>L\u2019exposition \u00ab Maya, de l\u2019aube au cr\u00e9puscule \u00bb organis\u00e9e en 2011 au mus\u00e9e du quai Branly est l\u2019occasion pour Perenco de d\u00e9montrer son attachement de longue date \u00e0 la mise en valeur du riche patrimoine guat\u00e9malt\u00e8que et sa fiert\u00e9 de travailler au d\u00e9veloppement \u00e9conomique de ce pays et de ses habitants\u00a0<\/em>\u00a0\u00bb .<\/p>\n<h2>Un bilan humain et \u00e9cologique d\u00e9sastreux<\/h2>\n<p>De leur c\u00f4t\u00e9 les habitants en question ne semblent pas partager la m\u00eame r\u00e9alit\u00e9 que la soci\u00e9t\u00e9 p\u00e9troli\u00e8re. Dans le documentaire de Gr\u00e9gory Lassalle consacr\u00e9 aux exactions de Perenco dans le parc prot\u00e9g\u00e9 de la Laguna del tigre, les paysans racontent les conditions d\u00e9plorables de vie auxquelles les contraint la Perenco Guatemala Limited, filiale de la maison m\u00e8re, fran\u00e7aise d\u2019origine. \u00ab\u00a0<em>On nous traite comme des \u00eatres inf\u00e9rieurs qui ne valent rien.<\/em>\u00a0\u00bb Si l\u2019on en croit les images du film, l\u2019entreprise p\u00e9troli\u00e8re semble en effet peu soucieuse de la population locale et n\u2019h\u00e9site pas \u00e0 installer des puits sur les terres des paysans sans les consulter au pr\u00e9alable. Idem pour le parcours de ses ol\u00e9oducs. La rentabilit\u00e9 primant sur le confort des habitants, il n\u2019est pas rare que lesdits ol\u00e9oducs traversent les rues des villages voire carr\u00e9ment les maisons. Sans compter qu\u2019en raison des nombreuses fuites, les terres imbib\u00e9es de p\u00e9trole sont devenues inexploitables pour les paysans. La pollution est partout, dans l\u2019air mais aussi dans l\u2019eau de la rivi\u00e8re, dans laquelle pourtant la population continue de se laver. Et ce bilan \u00e9cologique ne se limite pas \u00e0 la r\u00e9gion du Peten o\u00f9 se situe la Laguna del tigre : \u00ab\u00a0<em>Beaucoup de puits de la Perenco se trouve dans des zones naturelles prot\u00e9g\u00e9es qui font aussi la richesse culturelle et naturelle du pays. Nous nous opposons \u00e0 l\u2019exploitation p\u00e9troli\u00e8re dans ces lieux parce qu\u2019elle menace gravement la biodiversit\u00e9<\/em>\u00a0\u00bb d\u00e9clarait le d\u00e9put\u00e9 guat\u00e9malt\u00e8que Anibal Garcia lors d\u2019une conf\u00e9rence \u00e0 Paris le 23 juin dernier. <\/p>\n<p>Un d\u00e9sastre \u00e9cologique mais aussi un d\u00e9sastre humain. Beaucoup de communaut\u00e9s install\u00e9es dans la r\u00e9gion du Peten depuis les ann\u00e9es 1970 sont aujourd\u2019hui menac\u00e9es d\u2019expulsion. La multinationale participe \u00e9galement \u00e0 la militarisation de la zone, en finan\u00e7ant des bataillons de l\u2019arm\u00e9e, appel\u00e9s \u00ab\u00a0bataillons verts\u00a0\u00bb, charg\u00e9s officiellement d\u2019emp\u00eacher la d\u00e9forestation par les paysans et de surveiller les narcotrafiquants. Pour le collectif Guatemala, il s\u2019agit davantage de prot\u00e9ger les int\u00e9r\u00eats de la Perenco, notamment en instaurant un climat de peur dans la r\u00e9gion.<\/p>\n<h2>Un \u00e9tat corrompu\u00a0?<\/h2>\n<p>Faisant fi de ce bilan catastrophique, le gouvernement guat\u00e9malt\u00e8que a renouvel\u00e9 en 2010 le contrat de la Perenco pour une p\u00e9riode de quinze ans, autorisant par ailleurs l\u2019expansion de la concession dans la zone prot\u00e9g\u00e9e de la Laguna del tigre.\u00a0Pour permettre le renouvellement de ce contrat, le gouvernement a fait vot\u00e9 en 2008 la loi Fonpetrol autorisant une prolongation des contrats initiaux pass\u00e9s avec les soci\u00e9t\u00e9s p\u00e9troli\u00e8res pour une nouvelle p\u00e9riode de quinze ans, et ce sans appel d\u2019offre. \u00ab\u00a0<em>Cette loi n\u2019avait d\u2019autre objectif que de servir les int\u00e9r\u00eats de l\u2019entreprise. Cela pose le probl\u00e8me de l\u2019\u00e9tat de droit, car la corruption, le non respect de la loi et le trafic d\u2019influence vont \u00e0 l\u2019encontre de l\u2019institution d\u00e9mocratique du Guatemala<\/em>\u00a0\u00bb d\u00e9nonce Anibal Garcia. \u00ab\u00a0<em>Pour la Perenco, ce contrat est une bonne affaire. Le Guatemala est encore consid\u00e9r\u00e9 comme un paradis fiscal. Les imp\u00f4ts sont faibles et les secrets bancaires bien gard\u00e9s. Il r\u00e8gne un climat d\u2019impunit\u00e9 totale concernant les crimes contre les personnes et les crimes \u00e9conomiques.<\/em>\u00a0\u00bb Cette impunit\u00e9 se trouve renforc\u00e9e par le droit encadrant les entreprises transnationales. Pour faire simple, les entreprises m\u00e8res rel\u00e8vent du droit international pour la protection de leurs investissements. En revanche, elles ne peuvent \u00eatre mises en cause par le comportement de leurs filiales install\u00e9es \u00e0 l\u2019\u00e9tranger en mati\u00e8re de droits humains et de droit du travail. Ces filiales r\u00e9pondant du droit national du pays dans lequel elles sont implant\u00e9es. <\/p>\n<p>Au final, il semblerait bien que le Guatemala soit davantage une aubaine pour la Perenco que la Perenco une aubaine pour le Guatemala. Et on peut s\u2019\u00e9tonner que des entreprises culturelles pr\u00e9tendument publiques comme le mus\u00e9e du quai Branly, ne soient pas plus regardantes sur les agissements de leurs m\u00e9c\u00e8nes priv\u00e9s. On ne saurait trop leur conseiller de r\u00e9fl\u00e9chir \u00e0 cette contradiction majeure\u00a0: offrir une caution symbolique, au nom de la valorisation du patrimoine, \u00e0 ceux l\u00e0 m\u00eames qui le d\u00e9truisent. <\/p>\n<div id='gallery-1' class='gallery galleryid-4939 gallery-columns-3 gallery-size-thumbnail'><figure class='gallery-item'>\n\t\t\t<div class='gallery-icon landscape'>\n\t\t\t\t<a href='https:\/\/archives.regards.fr\/wp-content\/uploads\/2011\/07\/mayas-982.jpg'><img loading=\"lazy\" decoding=\"async\" width=\"150\" height=\"150\" src=\"https:\/\/archives.regards.fr\/wp-content\/uploads\/2011\/07\/mayas-982-150x150.jpg\" class=\"attachment-thumbnail size-thumbnail\" alt=\"Les Mayas au Quai Branly : sous le \u00ab patrimoine \u00bb, le capitalisme sauvage.\" aria-describedby=\"gallery-1-15220\" \/><\/a>\n\t\t\t<\/div>\n\t\t\t\t<figcaption class='wp-caption-text gallery-caption' id='gallery-1-15220'>\n\t\t\t\tLes Mayas au Quai Branly : sous le \u00ab patrimoine \u00bb, le capitalisme sauvage.\n\t\t\t\t<\/figcaption><\/figure><figure class='gallery-item'>\n\t\t\t<div class='gallery-icon landscape'>\n\t\t\t\t<a href='https:\/\/archives.regards.fr\/wp-content\/uploads\/2011\/07\/maya-842.jpg'><img loading=\"lazy\" decoding=\"async\" width=\"150\" height=\"150\" src=\"https:\/\/archives.regards.fr\/wp-content\/uploads\/2011\/07\/maya-842-150x150.jpg\" class=\"attachment-thumbnail size-thumbnail\" alt=\"maya.jpg\" \/><\/a>\n\t\t\t<\/div><\/figure><figure class='gallery-item'>\n\t\t\t<div class='gallery-icon landscape'>\n\t\t\t\t<a href='https:\/\/archives.regards.fr\/wp-content\/uploads\/2011\/07\/mayab-c5a.jpg'><img loading=\"lazy\" decoding=\"async\" width=\"150\" height=\"122\" src=\"https:\/\/archives.regards.fr\/wp-content\/uploads\/2011\/07\/mayab-c5a-150x122.jpg\" class=\"attachment-thumbnail size-thumbnail\" alt=\"Les Mayas au Quai Branly : sous le \u00ab patrimoine \u00bb, le capitalisme sauvage.\" aria-describedby=\"gallery-1-15222\" \/><\/a>\n\t\t\t<\/div>\n\t\t\t\t<figcaption class='wp-caption-text gallery-caption' id='gallery-1-15222'>\n\t\t\t\tLes Mayas au Quai Branly : sous le \u00ab patrimoine \u00bb, le capitalisme sauvage.\n\t\t\t\t<\/figcaption><\/figure><figure class='gallery-item'>\n\t\t\t<div class='gallery-icon landscape'>\n\t\t\t\t<a href='https:\/\/archives.regards.fr\/wp-content\/uploads\/2011\/07\/mayac-f8c.jpg'><img loading=\"lazy\" decoding=\"async\" width=\"80\" height=\"55\" src=\"https:\/\/archives.regards.fr\/wp-content\/uploads\/2011\/07\/mayac-f8c.jpg\" class=\"attachment-thumbnail size-thumbnail\" alt=\"Les Mayas au Quai Branly : sous le \u00ab patrimoine \u00bb, le capitalisme sauvage.\" aria-describedby=\"gallery-1-15223\" \/><\/a>\n\t\t\t<\/div>\n\t\t\t\t<figcaption class='wp-caption-text gallery-caption' id='gallery-1-15223'>\n\t\t\t\tLes Mayas au Quai Branly : sous le \u00ab patrimoine \u00bb, le capitalisme sauvage.\n\t\t\t\t<\/figcaption><\/figure>\n\t\t<\/div>\n\n","protected":false},"excerpt":{"rendered":"<p>Une exposition sur les Mayas se tient au Mus\u00e9e du quai Branly jusqu&#8217;au 2 octobre prochain. Probl\u00e8me, le principal m\u00e9c\u00e8ne de cet \u00e9v\u00e9nement est une soci\u00e9t\u00e9 p\u00e9troli\u00e8re, Perenco, qui souille et exploite le territoire du Guatemala.  Vous avez dit contradiction?<\/p>\n","protected":false},"author":777,"featured_media":15220,"comment_status":"open","ping_status":"open","sticky":false,"template":"","format":"standard","meta":{"_themeisle_gutenberg_block_has_review":false,"footnotes":""},"categories":[141],"tags":[320,348],"class_list":["post-4939","post","type-post","status-publish","format-standard","has-post-thumbnail","hentry","category-archives-web","tag-amerique-latine","tag-capitalisme"],"_links":{"self":[{"href":"https:\/\/archives.regards.fr\/index.php?rest_route=\/wp\/v2\/posts\/4939","targetHints":{"allow":["GET"]}}],"collection":[{"href":"https:\/\/archives.regards.fr\/index.php?rest_route=\/wp\/v2\/posts"}],"about":[{"href":"https:\/\/archives.regards.fr\/index.php?rest_route=\/wp\/v2\/types\/post"}],"author":[{"embeddable":true,"href":"https:\/\/archives.regards.fr\/index.php?rest_route=\/wp\/v2\/users\/777"}],"replies":[{"embeddable":true,"href":"https:\/\/archives.regards.fr\/index.php?rest_route=%2Fwp%2Fv2%2Fcomments&post=4939"}],"version-history":[{"count":0,"href":"https:\/\/archives.regards.fr\/index.php?rest_route=\/wp\/v2\/posts\/4939\/revisions"}],"wp:featuredmedia":[{"embeddable":true,"href":"https:\/\/archives.regards.fr\/index.php?rest_route=\/wp\/v2\/media\/15220"}],"wp:attachment":[{"href":"https:\/\/archives.regards.fr\/index.php?rest_route=%2Fwp%2Fv2%2Fmedia&parent=4939"}],"wp:term":[{"taxonomy":"category","embeddable":true,"href":"https:\/\/archives.regards.fr\/index.php?rest_route=%2Fwp%2Fv2%2Fcategories&post=4939"},{"taxonomy":"post_tag","embeddable":true,"href":"https:\/\/archives.regards.fr\/index.php?rest_route=%2Fwp%2Fv2%2Ftags&post=4939"}],"curies":[{"name":"wp","href":"https:\/\/api.w.org\/{rel}","templated":true}]}}