{"id":4937,"date":"2011-07-18T09:00:00","date_gmt":"2011-07-18T07:00:00","guid":{"rendered":"https:\/\/wp.muchomaas.com\/moi-aurelie-trouve-directrice-du4937\/"},"modified":"2023-06-23T23:08:50","modified_gmt":"2023-06-23T21:08:50","slug":"moi-aurelie-trouve-directrice-du4937","status":"publish","type":"post","link":"https:\/\/archives.regards.fr\/?p=4937","title":{"rendered":"Moi, Aur\u00e9lie Trouv\u00e9, directrice du FMI"},"content":{"rendered":"<p class=\"post_excerpt\">\u00c7a commence par une blague sur Facebook. Un militant propose<br \/>\nque la jeune co-pr\u00e9sidente d\u2019Attac se pr\u00e9sente \u00e0 la<br \/>\nsuccession de Dominique Strauss-Kahn. Objectif : d\u00e9noncer<br \/>\nl\u2019absurdit\u00e9 lib\u00e9rale. Interview d\u2019une directrice<br \/>\ndu FMI altermondialiste, sous forme de politique fiction. <\/p>\n<p><em>Propos recueillis par<br \/>\nR\u00e9mi Douat<\/em>.<\/p>\n<p><strong>Regards.fr<\/strong>: <strong> <em>Votre candidature<br \/>\n\u00e0 la t\u00eate<br \/>\ndu Fonds mon\u00e9taire<br \/>\ninternational<br \/>\n\u00e9tait<br \/>\nd\u2019abord une provocation.<br \/>\nQuel en \u00e9tait le sens ?<\/em> <\/strong><\/p>\n<p><strong>Aur\u00e9lie Trouv\u00e9<\/strong>: L\u2019objectif \u00e9tait d\u2019abord de<br \/>\nmontrer qu\u2019une autre politique<br \/>\nmon\u00e9taire internationale est<br \/>\npossible. La politique lib\u00e9rale<br \/>\nmen\u00e9e par le FMI \u00e9tait inefficace.<br \/>\nLes plans d\u2019aust\u00e9rit\u00e9 en<br \/>\nGr\u00e8ce n\u2019ont eu pour effet que<br \/>\nd\u2019augmenter sa dette. L\u2019aust\u00e9rit\u00e9<br \/>\nsociale oblige les couches<br \/>\npr\u00e9caires et moyennes \u00e0 diminuer<br \/>\nleurs consommation, ce<br \/>\nqui diminue les recettes publiques<br \/>\net accentue la r\u00e9cession.<br \/>\nC\u2019est un cercle vicieux<br \/>\ndont tout \u00e9conomiste un<br \/>\npeu rationnel est conscient.<br \/>\nLe FMI a fait payer la crise aux<br \/>\nsalari\u00e9s &#8211; retrait\u00e9s &#8211; ch\u00f4meurs,<br \/>\nau lieu de mettre \u00e0 contribution<br \/>\nles responsables, c\u2019est-\u00e0-dire<br \/>\nla finance. La dette publique<br \/>\nest le produit des aides massives<br \/>\nvers\u00e9es aux entreprises,<br \/>\naux banques et au syst\u00e8me<br \/>\nmon\u00e9taire lors de la crise \u00e9conomique<br \/>\nde 2008. Or le FMI<br \/>\nne leur a jamais demand\u00e9 de<br \/>\ncontreparties. Ma candidature<br \/>\na port\u00e9 la voix de tous ceux qui<br \/>\nn\u2019acceptent pas \u00e7a. Elle se faisait<br \/>\naussi l\u2019\u00e9cho du mouvement<br \/>\ndes Indign\u00e9s, et de tous les<br \/>\nmouvements citoyens qui sont<br \/>\nen train de monter en Europe.<br \/>\nSi j\u2019ai propos\u00e9 de refonder la<br \/>\ngouvernance du FMI, ce n\u2019est<br \/>\npas seulement pour donner une<br \/>\nvoix \u00e0 tous les pays, mais aussi<br \/>\npour faire en sorte que les mouvements<br \/>\nsociaux et citoyens<br \/>\npuissent y \u00eatre entendus.<\/p>\n<p><strong>Regards.fr<\/strong>:<strong> <em> Le succ\u00e8s de cette candidature<br \/>\n\u00e9tait loin d\u2019\u00eatre assur\u00e9\u2026<\/em> <\/strong><\/p>\n<p><strong>Aur\u00e9lie Trouv\u00e9<\/strong>: Le FMI est en effet caract\u00e9ris\u00e9<br \/>\npar un verrouillage d\u00e9mocratique draconien. Pour \u00eatre candidat<br \/>\n\u00e0 la direction du FMI, il<br \/>\nfaut qu\u2019un de ses gouverneurs<br \/>\npr\u00e9sente cette candidature.<br \/>\nLe gouverneur fran\u00e7ais \u00e9tant<br \/>\nChristine Lagarde, elle-m\u00eame<br \/>\ncandidate, on voit d\u00e9j\u00e0 se<br \/>\ndessiner un potentiel blocage.<br \/>\nPuis c\u2019est au Conseil d\u2019administration<br \/>\ndu FMI qu\u2019il revient<br \/>\nde d\u00e9cider des candidatures<br \/>\n\u00e0 retenir. Or les pays sont repr\u00e9sent\u00e9s<br \/>\n\u00e0 ce conseil selon<br \/>\nleur contribution financi\u00e8re,<br \/>\nc\u2019est-\u00e0-dire en fonction de leur<br \/>\nrichesse. Les Europ\u00e9ens et les<br \/>\nEtats-Unis concentrent ainsi<br \/>\n\u00e0 eux seuls 49 % des voix, les<br \/>\npays \u00e9mergents seulement<br \/>\n18 % et l\u2019Afrique, rien.<\/p>\n<p><strong>Regards.fr<\/strong>: <strong> <em>Contre toute attente, vous<br \/>\navez donc \u00e9t\u00e9 \u00e9lue \u00e0 la t\u00eate<br \/>\ndu FMI. Quelles sont maintenant<br \/>\nvos priorit\u00e9s ?<\/em> <\/strong><\/p>\n<p><strong>Aur\u00e9lie Trouv\u00e9<\/strong>: D\u2019abord, l\u2019arr\u00eat des plans<br \/>\nd\u2019aust\u00e9rit\u00e9. Ensuite, il faut<br \/>\nmettre en place un audit de<br \/>\nla dette, pour montrer qu\u2019elle<br \/>\nest en grande partie ill\u00e9gitime.<br \/>\nPour cela, il faut observer<br \/>\nquels sont les cr\u00e9anciers<br \/>\nde la Gr\u00e8ce, \u00e0 quel moment<br \/>\nils ont fait leurs pr\u00eats et pourquoi,<br \/>\nquels sont ceux qui ont<br \/>\nsp\u00e9cul\u00e9 sur la dette, etc. A partir<br \/>\nde l\u00e0, il faut envisager une<br \/>\nannulation partielle de la dette<br \/>\nen mettant \u00e0 contribution les<br \/>\ngros cr\u00e9anciers priv\u00e9s. Il faut<br \/>\naussi d\u00e9sarmer les march\u00e9s<br \/>\nfinanciers en taxant les transactions<br \/>\nfinanci\u00e8res \u00e0 hauteur<br \/>\nde 0,05 %, si ce n\u2019est 0,1 %,<br \/>\ncomme le dit Attac. On d\u00e9gagera<br \/>\nainsi des centaines de milliards<br \/>\nd\u2019euros qui seront revers\u00e9s<br \/>\npour les politiques sociales<br \/>\net environnementales. De fait,<br \/>\ncette r\u00e9gulation drastique aura<br \/>\ncomme cons\u00e9quence la rar\u00e9faction,<br \/>\npuis la disparition des<br \/>\nmarch\u00e9s de gr\u00e9 \u00e0 gr\u00e9. Pour<br \/>\nmettre les march\u00e9s financiers<br \/>\nsous contr\u00f4le d\u00e9mocratique,<br \/>\nnous allons rendre les agences<br \/>\nde notation publiques. Elles<br \/>\nr\u00e9pondent pour le moment \u00e0<br \/>\ndes besoins de sp\u00e9culation de<br \/>\nla part d\u2019investisseurs priv\u00e9s.<br \/>\nIl faut aussi donner la possibilit\u00e9<br \/>\naux Etats membres de b\u00e9n\u00e9ficier<br \/>\nde pr\u00eats de la part de la<br \/>\nBanque centrale europ\u00e9enne \u00e0<br \/>\ndes taux tr\u00e8s faibles. M\u00eame si<br \/>\n\u00e7a d\u00e9pend de l\u2019UE, le FMI peut<br \/>\navoir une impulsion importante<br \/>\npour mettre la BCE sous le<br \/>\ncontr\u00f4le des Etats. Enfin, le FMI<br \/>\ndoit servir \u00e0 r\u00e9tablir les \u00e9quilibres<br \/>\nmon\u00e9taires, financiers et<br \/>\ncommerciaux au niveau international<br \/>\nen mettant \u00e0 contribution<br \/>\nnon seulement les pays en difficult\u00e9,<br \/>\nmais aussi et surtout les<br \/>\npays cr\u00e9anciers. C\u2019est ce pour<br \/>\nquoi il a \u00e9t\u00e9 cr\u00e9\u00e9 au d\u00e9part. Ce<br \/>\nn\u2019est pas r\u00e9volutionnaire, c\u2019est<br \/>\nune br\u00e8che dans l\u2019id\u00e9ologie<br \/>\nn\u00e9olib\u00e9rale en place depuis les<br \/>\nann\u00e9es 1970-80.<\/p>\n<p><strong>Regards.fr<\/strong>: <strong> <em>Vous \u00eates \u00e0 la t\u00eate du FMI,<br \/>\nnous avons donc \u00e9vit\u00e9<br \/>\nChristine Lagarde ou le<br \/>\nMexicain Agustin Carsten,<br \/>\ndeux lib\u00e9raux. A quoi<br \/>\na-t-on \u00e9chapp\u00e9 ?<\/em> <\/strong><\/p>\n<p><strong>Aur\u00e9lie Trouv\u00e9<\/strong>: Ce qui est s\u00fbr c\u2019est que nous<br \/>\nsommes face \u00e0 une avanc\u00e9e<br \/>\ndes politiques n\u00e9olib\u00e9rales et<br \/>\ndu transfert de richesse des<br \/>\nsalari\u00e9s &#8211; retrait\u00e9s &#8211; ch\u00f4meurs<br \/>\nvers les d\u00e9tenteurs de capitaux<br \/>\ngr\u00e2ce \u00e0 la dette publique. C\u2019est<br \/>\nune strat\u00e9gie du choc \u2013 pour<br \/>\nreprendre la th\u00e9orie de Naomi<br \/>\nKlein \u2013, la dette publique sert<br \/>\nde choc pour imposer des<br \/>\ncures d\u2019aust\u00e9rit\u00e9 sociale qu\u2019on<br \/>\nn\u2019aurait jamais os\u00e9 imposer.<br \/>\nLes pays europ\u00e9ens sont la<br \/>\ncible du FMI comme l\u2019ont \u00e9t\u00e9<br \/>\nles pays du Sud dans les ann\u00e9es<br \/>\n1980.<div id='gallery-1' class='gallery galleryid-4937 gallery-columns-3 gallery-size-thumbnail'><figure class='gallery-item'>\n\t\t\t<div class='gallery-icon landscape'>\n\t\t\t\t<a href='https:\/\/archives.regards.fr\/wp-content\/uploads\/2011\/07\/fmis-071.jpg'><img loading=\"lazy\" decoding=\"async\" width=\"150\" height=\"150\" src=\"https:\/\/archives.regards.fr\/wp-content\/uploads\/2011\/07\/fmis-071-150x150.jpg\" class=\"attachment-thumbnail size-thumbnail\" alt=\"Moi, Aur\u00e9lie Trouv\u00e9, directrice du FMI\" aria-describedby=\"gallery-1-15213\" \/><\/a>\n\t\t\t<\/div>\n\t\t\t\t<figcaption class='wp-caption-text gallery-caption' id='gallery-1-15213'>\n\t\t\t\tMoi, Aur\u00e9lie Trouv\u00e9, directrice du FMI\n\t\t\t\t<\/figcaption><\/figure><figure class='gallery-item'>\n\t\t\t<div class='gallery-icon landscape'>\n\t\t\t\t<a href='https:\/\/archives.regards.fr\/wp-content\/uploads\/2011\/07\/fmi-02e.jpg'><img loading=\"lazy\" decoding=\"async\" width=\"150\" height=\"150\" src=\"https:\/\/archives.regards.fr\/wp-content\/uploads\/2011\/07\/fmi-02e-150x150.jpg\" class=\"attachment-thumbnail size-thumbnail\" alt=\"fmi.jpg\" \/><\/a>\n\t\t\t<\/div><\/figure><figure class='gallery-item'>\n\t\t\t<div class='gallery-icon landscape'>\n\t\t\t\t<a href='https:\/\/archives.regards.fr\/wp-content\/uploads\/2011\/07\/fmib-5a9.jpg'><img loading=\"lazy\" decoding=\"async\" width=\"150\" height=\"122\" src=\"https:\/\/archives.regards.fr\/wp-content\/uploads\/2011\/07\/fmib-5a9-150x122.jpg\" class=\"attachment-thumbnail size-thumbnail\" alt=\"Moi, Aur\u00e9lie Trouv\u00e9, directrice du FMI\" aria-describedby=\"gallery-1-15215\" \/><\/a>\n\t\t\t<\/div>\n\t\t\t\t<figcaption class='wp-caption-text gallery-caption' id='gallery-1-15215'>\n\t\t\t\tMoi, Aur\u00e9lie Trouv\u00e9, directrice du FMI\n\t\t\t\t<\/figcaption><\/figure><figure class='gallery-item'>\n\t\t\t<div class='gallery-icon landscape'>\n\t\t\t\t<a href='https:\/\/archives.regards.fr\/wp-content\/uploads\/2011\/07\/fmic-67f.jpg'><img loading=\"lazy\" decoding=\"async\" width=\"80\" height=\"55\" src=\"https:\/\/archives.regards.fr\/wp-content\/uploads\/2011\/07\/fmic-67f.jpg\" class=\"attachment-thumbnail size-thumbnail\" alt=\"Moi, Aur\u00e9lie Trouv\u00e9, directrice du FMI\" aria-describedby=\"gallery-1-15216\" \/><\/a>\n\t\t\t<\/div>\n\t\t\t\t<figcaption class='wp-caption-text gallery-caption' id='gallery-1-15216'>\n\t\t\t\tMoi, Aur\u00e9lie Trouv\u00e9, directrice du FMI\n\t\t\t\t<\/figcaption><\/figure>\n\t\t<\/div>\n<\/p>\n","protected":false},"excerpt":{"rendered":"<p>\u00c7a commence par une blague sur Facebook. Un militant propose<br \/>\nque la jeune co-pr\u00e9sidente d\u2019Attac se pr\u00e9sente \u00e0 la<br \/>\nsuccession de Dominique Strauss-Kahn. Objectif : d\u00e9noncer<br \/>\nl\u2019absurdit\u00e9 lib\u00e9rale. Interview d\u2019une directrice<br \/>\ndu FMI altermondialiste, sous forme de politique fiction. <\/p>\n<p><em>Propos recueillis par<br \/>\nR\u00e9mi Douat<\/em>.<\/p>\n","protected":false},"author":1,"featured_media":15213,"comment_status":"open","ping_status":"open","sticky":false,"template":"","format":"standard","meta":{"_themeisle_gutenberg_block_has_review":false,"footnotes":""},"categories":[141],"tags":[302,348,293],"class_list":["post-4937","post","type-post","status-publish","format-standard","has-post-thumbnail","hentry","category-archives-web","tag-alternatives","tag-capitalisme","tag-entretien"],"_links":{"self":[{"href":"https:\/\/archives.regards.fr\/index.php?rest_route=\/wp\/v2\/posts\/4937","targetHints":{"allow":["GET"]}}],"collection":[{"href":"https:\/\/archives.regards.fr\/index.php?rest_route=\/wp\/v2\/posts"}],"about":[{"href":"https:\/\/archives.regards.fr\/index.php?rest_route=\/wp\/v2\/types\/post"}],"author":[{"embeddable":true,"href":"https:\/\/archives.regards.fr\/index.php?rest_route=\/wp\/v2\/users\/1"}],"replies":[{"embeddable":true,"href":"https:\/\/archives.regards.fr\/index.php?rest_route=%2Fwp%2Fv2%2Fcomments&post=4937"}],"version-history":[{"count":0,"href":"https:\/\/archives.regards.fr\/index.php?rest_route=\/wp\/v2\/posts\/4937\/revisions"}],"wp:featuredmedia":[{"embeddable":true,"href":"https:\/\/archives.regards.fr\/index.php?rest_route=\/wp\/v2\/media\/15213"}],"wp:attachment":[{"href":"https:\/\/archives.regards.fr\/index.php?rest_route=%2Fwp%2Fv2%2Fmedia&parent=4937"}],"wp:term":[{"taxonomy":"category","embeddable":true,"href":"https:\/\/archives.regards.fr\/index.php?rest_route=%2Fwp%2Fv2%2Fcategories&post=4937"},{"taxonomy":"post_tag","embeddable":true,"href":"https:\/\/archives.regards.fr\/index.php?rest_route=%2Fwp%2Fv2%2Ftags&post=4937"}],"curies":[{"name":"wp","href":"https:\/\/api.w.org\/{rel}","templated":true}]}}