{"id":4935,"date":"2011-07-11T09:00:00","date_gmt":"2011-07-11T07:00:00","guid":{"rendered":"https:\/\/wp.muchomaas.com\/actualite-savoir-se-taire4935\/"},"modified":"2023-06-23T23:08:49","modified_gmt":"2023-06-23T21:08:49","slug":"actualite-savoir-se-taire4935","status":"publish","type":"post","link":"https:\/\/archives.regards.fr\/?p=4935","title":{"rendered":"Actualit\u00e9, savoir se taire"},"content":{"rendered":"<p class=\"post_excerpt\">Les intellectuels sont de plus en plus souvent sollicit\u00e9s dans les<br \/>\nm\u00e9dias pour parler de l\u2019actualit\u00e9. S\u2019ils apportent une expertise li\u00e9e<br \/>\n\u00e0 leur domaine de comp\u00e9tences, le sociologue Bernard Lahire estime<br \/>\nqu\u2019ils perdent leur l\u00e9gitimit\u00e9 quand ils deviennent de simples<br \/>\ncommentateurs des sujets impos\u00e9s par la presse et le pouvoir.<\/p>\n<p>La construction<br \/>\nm\u00e9diatique de la<br \/>\nr\u00e9alit\u00e9 a fini par<br \/>\nimposer dans<br \/>\nl\u2019ensemble de la<br \/>\nsoci\u00e9t\u00e9 un sens de ce qui est<br \/>\n\u00ab actuel \u00bb, \u00ab important \u00bb et \u00ab digne<br \/>\nd\u2019int\u00e9r\u00eat \u00bb. L\u2019attention m\u00e9diatique,<br \/>\nqui se concentre sur une<br \/>\ns\u00e9rie d\u2019\u00e9v\u00e9nements ou de ph\u00e9nom\u00e8nes,<br \/>\ntend fatalement \u00e0 en<br \/>\nlaisser d\u2019autres dans l\u2019ombre.<br \/>\nOn mesure alors le pouvoir de<br \/>\ntous ceux qui, d\u2019une mani\u00e8re directe<br \/>\nou indirecte, contribuent \u00e0<br \/>\n\u00ab faire l\u2019actualit\u00e9 \u00bb, \u00e0 la \u00ab d\u00e9finir \u00bb<br \/>\net, au bout du compte, \u00e0 \u00e9tablir<br \/>\nce qui est largement consid\u00e9r\u00e9<br \/>\ncomme la r\u00e9alit\u00e9 du moment.<\/p>\n<p>Le syst\u00e8me de d\u00e9finition politico-m\u00e9diatique<br \/>\nde la r\u00e9alit\u00e9 fait<br \/>\nappara\u00eetre toutefois ses limites<br \/>\nde cr\u00e9dibilit\u00e9 \u00e0 chaque fois<br \/>\nqu\u2019un th\u00e8me d\u2019actualit\u00e9 rab\u00e2ch\u00e9<br \/>\nobsessionnellement durant<br \/>\nplusieurs jours, voire plusieurs<br \/>\nsemaines, laisse brutalement<br \/>\nplace \u00e0 un autre fait jug\u00e9 temporairement<br \/>\nplus urgent. Les gouvernants,<br \/>\nqui ont bien compris le<br \/>\nprofit qu\u2019ils pouvaient tirer d\u2019un<br \/>\ntel syst\u00e8me, s\u2019efforcent de censurer<br \/>\nindirectement et subtilement<br \/>\ncertains sujets en concentrant<br \/>\nl\u2019attention sur d\u2019autres<br \/>\nsujets qui font diversion. Une<br \/>\npartie de la force des grands<br \/>\nm\u00e9dias et de l\u2019Etat r\u00e9side ainsi<br \/>\ndans la possibilit\u00e9 d\u2019orienter la<br \/>\nr\u00e9flexion publique, de faire parler<br \/>\nou d\u2019obliger \u00e0 d\u00e9battre sur<br \/>\ndes sujets impos\u00e9s.<\/p>\n<h2>Rester silencieux<\/h2>\n<p>Lorsque des intellectuels d\u00e9cident<br \/>\nde r\u00e9sister \u00e0 cette logique<br \/>\n(comme ce fut le cas avec l\u2019appel<br \/>\nde Mediapart de d\u00e9cembre<br \/>\n2009, \u00ab Nous ne d\u00e9battrons<br \/>\npas \u00bb, qui invite \u00e0 ne pas d\u00e9battre<br \/>\nsur \u00ab l\u2019identit\u00e9 nationale \u00bb), on a<br \/>\nbeau jeu de leur reprocher leur<br \/>\nmanque d\u2019ouverture, leur refus<br \/>\nparadoxal de d\u00e9battre alors que<br \/>\ntout intellectuel est cens\u00e9, nous<br \/>\ndit-on, \u00eatre dispos\u00e9 en permanence \u00e0 le faire. Grave erreur :<br \/>\nun intellectuel digne de ce nom<br \/>\nest une personne capable de<br \/>\nrester silencieuse quand elle<br \/>\nn\u2019a rien \u00e0 dire et de ne pas d\u00e9battre<br \/>\nlorsque les conditions du<br \/>\nd\u00e9bat ou la question d\u00e9battue<br \/>\nne lui semblent pas correctes.<br \/>\nSon r\u00f4le serait plut\u00f4t de cr\u00e9er<br \/>\nle d\u00e9bat sur des questions<br \/>\ndont personne \u2013 parmi les personnes<br \/>\nautoris\u00e9es \u00e0 construire<br \/>\nl\u2019actualit\u00e9 \u2013 ne veut entendre<br \/>\nparler ou ne trouve int\u00e9ressant<br \/>\nde parler.<\/p>\n<p>On a tr\u00e8s souvent soulign\u00e9 le<br \/>\ncaract\u00e8re r\u00e9pressif de l\u2019Etat<br \/>\nou du \u00ab Pouvoir \u00bb, sa force de<br \/>\ncensure sur l\u2019expression des<br \/>\ncitoyens, alors que l\u2019une de<br \/>\nses plus grandes forces r\u00e9side,<br \/>\nexactement \u00e0 l\u2019oppos\u00e9 de<br \/>\nces tendances oppressives &#8211;<br \/>\nr\u00e9pressives, dans la capacit\u00e9<br \/>\n\u00e0 contraindre \u00e0 parler,<br \/>\nd\u00e9battre, commenter, discuter<br \/>\nl\u2019ensemble des producteurs<br \/>\nde discours amateurs, semi professionnels<br \/>\nou professionnels,<br \/>\nlocaux ou nationaux, inconnus<br \/>\nou tr\u00e8s connus, sur des<br \/>\nth\u00e8mes impos\u00e9s. La ruse du<br \/>\npouvoir symbolique consiste \u00e0<br \/>\nforcer \u00e0 parler sur des sujets<br \/>\nimpos\u00e9s qui d\u00e9tournent l\u2019attention.<br \/>\nC\u2019est bien pour cela<br \/>\nque les penseurs critiques devraient<br \/>\nredoubler de vigilance<br \/>\nface \u00e0 ce qui se pr\u00e9sente \u00e0 eux<br \/>\ncomme la r\u00e9alit\u00e9 du monde ou<br \/>\nl\u2019actualit\u00e9 br\u00fblante. Br\u00fblante un<br \/>\njour, froide le lendemain, oubli\u00e9e<br \/>\nle surlendemain. Et quelle<br \/>\n\u00e9tendue de r\u00e9alit\u00e9 sociale pass\u00e9e<br \/>\ncontin\u00fbment sous silence ?<\/p>\n<h2>Question de l\u00e9gitimit\u00e9<\/h2>\n<p>On a pourtant vu se multiplier,<br \/>\nau cours des derni\u00e8res d\u00e9cennies,<br \/>\nles interventions publiques<br \/>\ndes chercheurs en sciences<br \/>\nhumaines et sociales sur les<br \/>\nth\u00e8mes de l\u2019actualit\u00e9 relevant<br \/>\nplus ou moins directement de<br \/>\nleur domaine de comp\u00e9tences.<br \/>\nLa d\u00e9marche para\u00eet au d\u00e9part<br \/>\nl\u00e9gitime : certains th\u00e8mes d\u2019actualit\u00e9<br \/>\nportent sur des secteurs<br \/>\nque les chercheurs connaissent<br \/>\nparfois tr\u00e8s bien par leurs travaux<br \/>\net ils peuvent assez ais\u00e9ment<br \/>\nintervenir pour modifier<br \/>\ndes vues trop partielles, d\u00e9form\u00e9es<br \/>\nou m\u00eame mensong\u00e8res.<br \/>\nMais la situation est rarement<br \/>\naussi simple que cela.<\/p>\n<p>Travaill\u00e9s par une pulsion politique<br \/>\nou par un agacement<br \/>\nprovoqu\u00e9 par des articles de<br \/>\njournaux, des chroniques radiophoniques<br \/>\nou certaines \u00e9missions<br \/>\nt\u00e9l\u00e9vis\u00e9es, les chercheurs<br \/>\npeuvent se laisser aller \u00e0 pratiquer<br \/>\nune lecture de l\u2019actualit\u00e9<br \/>\nsur laquelle ils ne poss\u00e8dent<br \/>\nle plus souvent pas d\u2019informations<br \/>\nautres que celles fournies<br \/>\npar les m\u00e9dias.<\/p>\n<p>Lecture historienne, sociologique,<br \/>\nanthropologique ou<br \/>\npsychanalytique, qui d\u00e9tourne<br \/>\npeu \u00e0 peu les mots issus d\u2019une<br \/>\ndiscipline pour les faire tourner<br \/>\nselon un autre r\u00e9gime. De<br \/>\nmots-concepts, qui ont initialement<br \/>\npour fonction de guider<br \/>\nles recherches empiriques,<br \/>\non passe sans toujours s\u2019en<br \/>\nrendre compte \u00e0 un vocabulaire<br \/>\npermettant seulement de<br \/>\ndire autrement l\u2019actualit\u00e9 impos\u00e9e<br \/>\net exprim\u00e9e dans un langage<br \/>\njournalistico-politique.<\/p>\n<p>Quel chercheur n\u2019a pas ainsi \u00e9t\u00e9<br \/>\ntent\u00e9 de r\u00e9\u00e9crire, chaque matin,<br \/>\nl\u2019actualit\u00e9 du jour en fonction de<br \/>\nses propres tropismes conceptuels<br \/>\n? Croyant prendre ainsi<br \/>\nses distances avec l\u2019actualit\u00e9<br \/>\net montrer qu\u2019il n\u2019est pas dupe,<br \/>\nil ne fait pourtant que s\u2019y soumettre<br \/>\net y coller. Voulant faire oeuvre critique en publiant<br \/>\ndes ouvrages qui s\u2019attachent \u00e0<br \/>\ndire autrement ce que l\u2019air du<br \/>\ntemps \u00e9nonce, il tombe dans<br \/>\nle \u00ab <em>pi\u00e8ge des discours<\/em> \u00bb (Louis<br \/>\nMarin) qui lui \u00e9tait tendu.<\/p>\n<p>Papiers d\u2019opinion dans les<br \/>\npages \u00ab d\u00e9bats \u00bb des grands<br \/>\njournaux nationaux, commentaires<br \/>\nau fil de l\u2019actualit\u00e9 sur des<br \/>\nblogs personnels o\u00f9 se m\u00ealent<br \/>\nparfois analyses sociologiques<br \/>\nsauvages, commentaires personnels<br \/>\net pointes ironiques<br \/>\n(autorisant ce que les univers<br \/>\nacad\u00e9miques avaient r\u00e9ussi \u00e0<br \/>\ntenir jusque-l\u00e0 dans les coulisses<br \/>\ndes disciplines), les chercheurs<br \/>\nen sciences humaines<br \/>\net sociales r\u00e9agissent donc de<br \/>\nplus en plus fr\u00e9quemment \u00e0<br \/>\nl\u2019actualit\u00e9 du moment.<\/p>\n<p>D\u00e9lest\u00e9s des enqu\u00eates qui l\u00e9gitiment<br \/>\nordinairement leur propos,<br \/>\nils r\u00e9duisent leurs savoirs<br \/>\n\u00e0 des \u00ab grilles de lecture \u00bb de<br \/>\nla r\u00e9alit\u00e9 ou, plus exactement,<br \/>\n\u00e0 des \u00ab visions \u00bb d\u2019une actualit\u00e9<br \/>\nconstruite et inform\u00e9e par<br \/>\nd\u2019autres. Ils ne se distinguent<br \/>\ngu\u00e8re alors des acteurs politiques<br \/>\nou syndicaux qui, lecteurs<br \/>\ndes sciences humaines et sociales,<br \/>\nproposent parfois dans<br \/>\nles m\u00eames m\u00e9dias des \u00ab lectures<br \/>\n\u00bb tr\u00e8s semblables d\u2019\u00e9v\u00e9nements<br \/>\nou de ph\u00e9nom\u00e8nes.<\/p>\n<h2>Opinions ordinaires<\/h2>\n<p>Les sciences humaines et sociales<br \/>\ny gagnent certainement<br \/>\nune extension de l\u2019aire de diffusion<br \/>\nde sch\u00e8mes d\u2019interpr\u00e9tation<br \/>\ndu monde social issus des<br \/>\nsph\u00e8res savantes. Elles perdent<br \/>\npar contre en rigueur de propos<br \/>\net en cr\u00e9dibilit\u00e9 scientifique,<br \/>\ndans la mesure o\u00f9 l\u2019urgence<br \/>\nde l\u2019intervention et l\u2019absence<br \/>\nd\u2019enqu\u00eate sp\u00e9cifique les rapprochent<br \/>\nmalgr\u00e9 tout des opinions<br \/>\nordinaires. En se pr\u00eatant<br \/>\nau jeu m\u00e9diatique, les sciences<br \/>\nhumaines et sociales perdent<br \/>\nsurtout en capacit\u00e9 de d\u00e9paysement,<br \/>\nde d\u00e9centrement, de<br \/>\nd\u00e9voilement ou de remise en<br \/>\ncause radicale des terrains<br \/>\nqu\u2019on leur propose.<\/p>\n<p>Il me semble d\u2019ailleurs que les<br \/>\nfaits d\u2019actualit\u00e9 devraient moins<br \/>\n\u00eatre comment\u00e9s qu\u2019\u00e9tudi\u00e9s<br \/>\ncomme des faits sociaux \u00e0 part<br \/>\nenti\u00e8re. Les \u00e9l\u00e9ments de r\u00e9alit\u00e9,<br \/>\ntels qu\u2019ils sont mis en forme<br \/>\npar des journalistes, et le cort\u00e8ge<br \/>\ndes commentaires qui s\u2019y<br \/>\nraccroche, sont \u00e0 consid\u00e9rer,<br \/>\nmoins comme des discours<br \/>\nplus ou moins cr\u00e9dibles portant<br \/>\nsur des faits pr\u00e9cis que comme<br \/>\ndes actes d\u2019\u00e9nonciation qu\u2019il<br \/>\nfaut d\u2019abord et avant tout rapporter<br \/>\n\u00e0 leurs \u00e9nonciateurs.<br \/>\nCes discours-actes parlent en<br \/>\nfin de compte plus de ceux qui<br \/>\nles produisent que de ce \u00e0 quoi<br \/>\nils sont cens\u00e9s se r\u00e9f\u00e9rer.<\/p>\n<p>De ce point de vue, une affaire<br \/>\ncomme celle de DSK et des<br \/>\nsept chefs d\u2019accusation retenus<br \/>\ncontre lui pour crime sexuel<br \/>\npar un tribunal p\u00e9nal de New<br \/>\nYork est potentiellement riche<br \/>\nen commentaires de toutes<br \/>\nsortes. L\u2019arrestation puis la mise<br \/>\nen accusation d\u2019un homme de<br \/>\npouvoir promis \u00e0 un avenir<br \/>\npr\u00e9sidentiel, la sexualit\u00e9 des<br \/>\npuissants, les rapports de domination<br \/>\nhomme &#8211; femme, riche &#8211;<br \/>\npauvre, dipl\u00f4m\u00e9 &#8211; analphab\u00e8te,<br \/>\neurop\u00e9en &#8211; africain, les diff\u00e9rences<br \/>\nde perception culturelle<br \/>\nen mati\u00e8re de sexualit\u00e9 ou de<br \/>\njustice entre les Fran\u00e7ais et les<br \/>\nNord-Am\u00e9ricains, tout cela r\u00e9veille<br \/>\nin\u00e9vitablement des lignes<br \/>\nde clivage et d\u00e9clenche des<br \/>\ndiscours divers et vari\u00e9s.<\/p>\n<p>On voit bien en pareil cas<br \/>\ncomment les m\u00e9dias mettent \u00e0 leur \u00ab Une \u00bb un \u00e9v\u00e9nement<br \/>\npar rapport auquel chaque<br \/>\ncommentateur priv\u00e9 ou public,<br \/>\nanonyme ou connu, se positionne<br \/>\nen fonction de son rapport<br \/>\n\u00e0 l\u2019\u00e9v\u00e9nement et de sa<br \/>\nsituation sociale personnelle.<br \/>\nInnocence ou culpabilit\u00e9 de<br \/>\nDSK, les paroles et \u00e9crits ordinaires<br \/>\nou publics se d\u00e9ploient<br \/>\nind\u00e9pendamment de ce qui<br \/>\ns\u2019est pass\u00e9 dans une suite d\u2019un<br \/>\ngrand h\u00f4tel de New York, mais<br \/>\nt\u00e9moignent davantage du rapport<br \/>\nque les commentateurs<br \/>\nentretiennent \u00e0 l\u2019\u00e9gard de tel ou<br \/>\ntel \u00e9l\u00e9ment de l\u2019affaire.<\/p>\n<p>Au moment o\u00f9 personne ne<br \/>\nsait encore grand chose, les<br \/>\nr\u00e9actions varient ainsi selon<br \/>\nque le commentateur est un<br \/>\nami personnel, un rival du<br \/>\nm\u00eame parti, un rival d\u2019un parti<br \/>\nde l\u2019autre camp, sa femme ou<br \/>\nses enfants ; elles ne peuvent<br \/>\n\u00eatre les m\u00eames selon qu\u2019il<br \/>\nest socialement \u00ab petit \u00bb ou<br \/>\n\u00ab grand \u00bb, d\u2019origine modeste ou<br \/>\nbourgeoise, femme ou homme,<br \/>\nnoir ou blanc, immigr\u00e9 ou non,<br \/>\netc. Il y a, au fond, autant d\u2019\u00ab affaires<br \/>\n\u00bb que de \u00ab <em>communaut\u00e9s<br \/>\ninterpr\u00e9tatives<\/em> \u00bb (Stanley Fish)<br \/>\nen mesure de lui donner sens ;<br \/>\nle m\u00eame \u00e9v\u00e9nement \u2013 qui a sa<br \/>\nlogique propre et dont on peut<br \/>\nesp\u00e9rer que la justice parvienne<br \/>\n\u00e0 \u00e9tablir la v\u00e9ritable nature \u2013 n\u2019a<br \/>\ncependant pas le m\u00eame sens et<br \/>\nne renvoie pas aux m\u00eames r\u00e9alit\u00e9s<br \/>\npour toutes celles et tous<br \/>\nceux qui le commentent.<\/p>\n<h2>La \u00ab trag\u00e9die\u2009\u00bb DSK<\/h2>\n<p>Ainsi lorsqu\u2019un ancien garde des<br \/>\nSceaux de Fran\u00e7ois Mitterrand,<br \/>\nami personnel de l\u2019accus\u00e9 (<em>Robert<br \/>\nBadinter, ndlr<\/em>), veut nous<br \/>\n\u00e9mouvoir sur la \u00ab trag\u00e9die \u00bb que<br \/>\nvivrait DSK, en donnant l\u2019image<br \/>\nd\u2019un homme la veille si puissant,<br \/>\nsi important, si respect\u00e9,<br \/>\nqui est brutalement \u00ab d\u00e9truit \u00bb,<br \/>\nil laisse supposer qu\u2019il y aurait<br \/>\nmoins de raison de s\u2019\u00e9mouvoir<br \/>\nde la situation de ceux qui, arr\u00eat\u00e9s<br \/>\ndans les m\u00eames conditions,<br \/>\nchutent cependant de moins<br \/>\nhaut. Lorsqu\u2019on vit d\u00e9j\u00e0 au bas<br \/>\nde la soci\u00e9t\u00e9, dans l\u2019indignit\u00e9<br \/>\nsociale, \u00e9conomique et culturelle<br \/>\npermanente, l\u2019arrestation<br \/>\nne serait pas aussi violente et il<br \/>\nn\u2019y aurait, dans ce cas, presque<br \/>\npas de chute.<\/p>\n<p>\u00ab <em>Boulevers\u00e9 et indign\u00e9<\/em> \u00bb, l\u2019ancien<br \/>\nministre de la Justice promu<br \/>\nau rang de \u00ab sage \u00bb unanimement<br \/>\nrespect\u00e9 ne l\u2019est que pour les<br \/>\npuissants. Indignation socialement<br \/>\ns\u00e9lective. Et lorsqu\u2019il traite<br \/>\nde \u00ab <em>plaisanterie<\/em> \u00bb le fait que l\u2019on<br \/>\npuisse affirmer que \u00ab<em> la justice<br \/>\nest \u00e9gale pour tous<\/em> \u00bb, ce n\u2019est<br \/>\npas pour rappeler que le syst\u00e8me<br \/>\njudiciaire est souvent plus<br \/>\ndur, impitoyable et insouciant<br \/>\ndes effets produits lorsqu\u2019il traite<br \/>\ndes plus faibles.<\/p>\n<p>Bien au contraire, l\u2019injustice serait<br \/>\nfaite au puissant parce que<br \/>\n\u00ab <em>le monde entier le conna\u00eet <\/em> \u00bb :<br \/>\n\u00ab <em>En v\u00e9rit\u00e9, quand DSK est<br \/>\nassis au milieu des autres, il<br \/>\nest raval\u00e9 d\u00e9lib\u00e9r\u00e9ment au rang<br \/>\ndu minable dealer. <\/em> \u00bb Le dealer,<br \/>\nlui, est forc\u00e9ment \u00ab minable \u00bb et<br \/>\nvous ne pouvez tout de m\u00eame<br \/>\npas comparer un minable \u00e0<br \/>\nun homme \u00ab <em>promis aux plus<br \/>\nhautes destin\u00e9es<\/em> \u00bb. Quand \u00e0<br \/>\nla femme de m\u00e9nage, la \u00ab <em>pr\u00e9sum\u00e9e<br \/>\nvictime<\/em> \u00bb, elle n\u2019a \u00e9videmment<br \/>\npas le droit au m\u00eame<br \/>\ntraitement. Et de \u00ab <em>trag\u00e9die<\/em> \u00bb, il<br \/>\nn\u2019est aucunement question \u00e0<br \/>\nson sujet.<\/p>\n<p>Le m\u00eame m\u00e9pris de classe<br \/>\ns\u2019exprime encore lorsqu\u2019un philosophe m\u00e9diatique <em>(Bernard-<br \/>\nHenri L\u00e9vy, ndlr<\/em>) lance<br \/>\nque DSK n\u2019est pas le \u00ab <em>quidam absolu<\/em> \u00bb et qu\u2019\u00ab <em>on sait bien que<br \/>\ntout le monde n\u2019est pas pareil<\/em> \u00bb<br \/>\nparce que l\u2019opinion publique ne<br \/>\ntraitera pas de la m\u00eame fa\u00e7on<br \/>\nun homme aussi c\u00e9l\u00e8bre que<br \/>\nDSK et un anonyme : \u00ab <em>Bien<br \/>\ns\u00fbr que la d\u00e9mocratie dit qu\u2019il<br \/>\nfaut traiter tout le monde de<br \/>\nla m\u00eame fa\u00e7on, mais tout le<br \/>\nmonde n\u2019est pas tout le monde.<br \/>\nLe pr\u00e9sident du FMI, l\u2019homme<br \/>\nqui \u00e9tait au bord d\u2019\u00eatre candidat<br \/>\n\u00e0 la pr\u00e9sidence de la R\u00e9publique<br \/>\nfran\u00e7aise menott\u00e9, il est<br \/>\n\u00e9vident que \u00e7a n\u2019est pas le quidam<br \/>\nabsolu. <\/em> \u00bb<\/p>\n<p>Tout le monde n\u2019est pas tout<br \/>\nle monde : le rappeler pour critiquer<br \/>\nles images et la traque<br \/>\nm\u00e9diatique d\u2019un puissant, mais<br \/>\nvite l\u2019oublier \u00e0 propos des<br \/>\nmoyens financiers dont dispose<br \/>\nDSK pour \u00eatre lib\u00e9r\u00e9 sur<br \/>\ncaution, pr\u00e9parer sa d\u00e9fense \u00e0<br \/>\nl\u2019ext\u00e9rieur de la prison dans un<br \/>\nappartement luxueux et payer<br \/>\nles services d\u2019avocats auxquels<br \/>\nle \u00ab <em>quidam absolu<\/em> \u00bb ne pourra<br \/>\njamais faire appel pour faire<br \/>\nvaloir ses droits.<\/p>\n<h2>M\u00e9pris et sexisme<\/h2>\n<p>Le m\u00eame m\u00e9pris de classe se<br \/>\ndouble, enfin, d\u2019un sexisme<br \/>\naristocratique dans les propos<br \/>\nd\u2019un journaliste (<em>Jean-Fran\u00e7ois<br \/>\nKahn, ndlr<\/em>) parlant sur un ton<br \/>\nbadin d\u2019une \u00ab<em> imprudence <\/em> \u00bb<br \/>\net d\u2019un \u00ab <em>troussage de domestique<\/em><br \/>\n\u00bb.<\/p>\n<p>Porter un regard sur l\u2019actualit\u00e9,<br \/>\npourquoi pas ? Mais prendre<br \/>\nd\u2019abord et avant tout pour objet<br \/>\nles fabricants de r\u00e9alit\u00e9 m\u00e9diatico-<br \/>\npolitique et saisir ce que<br \/>\nles commentaires des \u00ab faits<br \/>\nd\u2019actualit\u00e9 \u00bb r\u00e9v\u00e8lent concernant<br \/>\nles inconscients sociaux,<br \/>\ntout particuli\u00e8rement ceux li\u00e9s<br \/>\n\u00e0 toutes les formes de domination<br \/>\nqui trament silencieusement<br \/>\nnos soci\u00e9t\u00e9s. Et surtout, la<br \/>\nt\u00e2che des intellectuels ne serait<br \/>\npas totalement accomplie s\u2019ils<br \/>\nne faisaient pas appara\u00eetre, par<br \/>\nleurs travaux, l\u2019ensemble des<br \/>\nr\u00e9alit\u00e9s trop souvent exclues de<br \/>\nl\u2019actualit\u00e9 et vou\u00e9es \u00e0 une sorte<br \/>\nd\u2019inexistence sociale.<br \/>\n<div id='gallery-1' class='gallery galleryid-4935 gallery-columns-3 gallery-size-thumbnail'><figure class='gallery-item'>\n\t\t\t<div class='gallery-icon landscape'>\n\t\t\t\t<a href='https:\/\/archives.regards.fr\/wp-content\/uploads\/2011\/07\/silences-9d8.jpg'><img loading=\"lazy\" decoding=\"async\" width=\"150\" height=\"150\" src=\"https:\/\/archives.regards.fr\/wp-content\/uploads\/2011\/07\/silences-9d8-150x150.jpg\" class=\"attachment-thumbnail size-thumbnail\" alt=\"Actualit\u00e9, savoir se taire\" aria-describedby=\"gallery-1-15209\" \/><\/a>\n\t\t\t<\/div>\n\t\t\t\t<figcaption class='wp-caption-text gallery-caption' id='gallery-1-15209'>\n\t\t\t\tActualit\u00e9, savoir se taire\n\t\t\t\t<\/figcaption><\/figure><figure class='gallery-item'>\n\t\t\t<div class='gallery-icon landscape'>\n\t\t\t\t<a href='https:\/\/archives.regards.fr\/wp-content\/uploads\/2011\/07\/silence-2b5.jpg'><img loading=\"lazy\" decoding=\"async\" width=\"150\" height=\"150\" src=\"https:\/\/archives.regards.fr\/wp-content\/uploads\/2011\/07\/silence-2b5-150x150.jpg\" class=\"attachment-thumbnail size-thumbnail\" alt=\"silence.jpg\" \/><\/a>\n\t\t\t<\/div><\/figure><figure class='gallery-item'>\n\t\t\t<div class='gallery-icon landscape'>\n\t\t\t\t<a href='https:\/\/archives.regards.fr\/wp-content\/uploads\/2011\/07\/silencec-fd6.jpg'><img loading=\"lazy\" decoding=\"async\" width=\"80\" height=\"55\" src=\"https:\/\/archives.regards.fr\/wp-content\/uploads\/2011\/07\/silencec-fd6.jpg\" class=\"attachment-thumbnail size-thumbnail\" alt=\"Actualit\u00e9, savoir se taire\" aria-describedby=\"gallery-1-15211\" \/><\/a>\n\t\t\t<\/div>\n\t\t\t\t<figcaption class='wp-caption-text gallery-caption' id='gallery-1-15211'>\n\t\t\t\tActualit\u00e9, savoir se taire\n\t\t\t\t<\/figcaption><\/figure>\n\t\t<\/div>\n<\/p>\n","protected":false},"excerpt":{"rendered":"<p>Les intellectuels sont de plus en plus souvent sollicit\u00e9s dans les<br \/>\nm\u00e9dias pour parler de l\u2019actualit\u00e9. S\u2019ils apportent une expertise li\u00e9e<br \/>\n\u00e0 leur domaine de comp\u00e9tences, le sociologue Bernard Lahire estime<br \/>\nqu\u2019ils perdent leur l\u00e9gitimit\u00e9 quand ils deviennent de simples<br \/>\ncommentateurs des sujets impos\u00e9s par la presse et le pouvoir.<\/p>\n","protected":false},"author":1,"featured_media":15209,"comment_status":"open","ping_status":"open","sticky":false,"template":"","format":"standard","meta":{"_themeisle_gutenberg_block_has_review":false,"footnotes":""},"categories":[141],"tags":[287],"class_list":["post-4935","post","type-post","status-publish","format-standard","has-post-thumbnail","hentry","category-archives-web","tag-medias"],"_links":{"self":[{"href":"https:\/\/archives.regards.fr\/index.php?rest_route=\/wp\/v2\/posts\/4935","targetHints":{"allow":["GET"]}}],"collection":[{"href":"https:\/\/archives.regards.fr\/index.php?rest_route=\/wp\/v2\/posts"}],"about":[{"href":"https:\/\/archives.regards.fr\/index.php?rest_route=\/wp\/v2\/types\/post"}],"author":[{"embeddable":true,"href":"https:\/\/archives.regards.fr\/index.php?rest_route=\/wp\/v2\/users\/1"}],"replies":[{"embeddable":true,"href":"https:\/\/archives.regards.fr\/index.php?rest_route=%2Fwp%2Fv2%2Fcomments&post=4935"}],"version-history":[{"count":0,"href":"https:\/\/archives.regards.fr\/index.php?rest_route=\/wp\/v2\/posts\/4935\/revisions"}],"wp:featuredmedia":[{"embeddable":true,"href":"https:\/\/archives.regards.fr\/index.php?rest_route=\/wp\/v2\/media\/15209"}],"wp:attachment":[{"href":"https:\/\/archives.regards.fr\/index.php?rest_route=%2Fwp%2Fv2%2Fmedia&parent=4935"}],"wp:term":[{"taxonomy":"category","embeddable":true,"href":"https:\/\/archives.regards.fr\/index.php?rest_route=%2Fwp%2Fv2%2Fcategories&post=4935"},{"taxonomy":"post_tag","embeddable":true,"href":"https:\/\/archives.regards.fr\/index.php?rest_route=%2Fwp%2Fv2%2Ftags&post=4935"}],"curies":[{"name":"wp","href":"https:\/\/api.w.org\/{rel}","templated":true}]}}