{"id":4934,"date":"2011-07-07T13:36:21","date_gmt":"2011-07-07T11:36:21","guid":{"rendered":"https:\/\/wp.muchomaas.com\/dsk-portrait-d-un-oligarque4934\/"},"modified":"2023-06-23T23:08:49","modified_gmt":"2023-06-23T21:08:49","slug":"dsk-portrait-d-un-oligarque4934","status":"publish","type":"post","link":"https:\/\/archives.regards.fr\/?p=4934","title":{"rendered":"DSK : portrait d\u2019un oligarque"},"content":{"rendered":"<p class=\"post_excerpt\">Dominique Strauss-Kahn, n\u00e9 \u00e0 Neuilly, a grandi entour\u00e9<br \/>\nde l\u2019\u00e9lite \u00e9conomique et sociale. Pour les sociologues Michel<br \/>\net Monique Pin\u00e7on-Charlot, il est un pur produit de l\u2019oligarchie.<br \/>\nOr c\u2019est le propre des dominants de poss\u00e9der les r\u00e9seaux<br \/>\net l\u2019argent qui leur permettent de se remettre sur pied.<\/p>\n<p>Dominique<br \/>\nStrauss-Kahn<br \/>\nna\u00eet, en 1949,<br \/>\n\u00e0 Neuilly-sur-<br \/>\nSeine \u2013 une<br \/>\nville qui est d\u00e9j\u00e0 l\u2019embl\u00e8me des<br \/>\nfamilles les plus riches. A cette<br \/>\n\u00e9poque, l\u2019habitat reste clairsem\u00e9,<br \/>\nla densification remontant<br \/>\naux ann\u00e9es 1950-60. Avocat<br \/>\net consultant, il baigne d\u00e8s l\u2019enfance<br \/>\ndans le monde du droit,<br \/>\nde la fiscalit\u00e9 et des m\u00e9dias par<br \/>\nson p\u00e8re, conseiller juridique et<br \/>\nfiscal, et sa m\u00e8re, journaliste et<br \/>\nassureur.<\/p>\n<h2>D\u00e8s le plus jeune \u00e2ge<\/h2>\n<p>Apr\u00e8s avoir suivi des \u00e9tudes<br \/>\nde droit comme de nombreux<br \/>\nenfants de Neuilly, il int\u00e8gre<br \/>\nHEC, une grande \u00e9cole de<br \/>\ncommerce. Il r\u00e9ussit l\u2019agr\u00e9gation<br \/>\nde sciences \u00e9conomiques<br \/>\net obtient le dipl\u00f4me de l\u2019Ecole<br \/>\ndes sciences politiques de<br \/>\nParis, ce qui lui permet d\u2019\u00eatre<br \/>\nen phase avec le passage du<br \/>\ncapitalisme industriel au capitalisme<br \/>\nfinancier.<\/p>\n<p>Si les \u00e9tudes juridiques sont<br \/>\nune sp\u00e9cificit\u00e9 de la grande<br \/>\nbourgeoisie, c\u2019est que cette<br \/>\ndiscipline, qui n\u2019est enseign\u00e9e<br \/>\nni en primaire ni dans le secondaire,<br \/>\nest au coeur du dispositif<br \/>\nde la reproduction des rapports<br \/>\nsociaux. Pour continuer \u00e0 dominer,<br \/>\nen transformant leurs int\u00e9r\u00eats<br \/>\nparticuliers \u2013 financiers,<br \/>\nfiscaux, culturels \u2013 en int\u00e9r\u00eat<br \/>\ng\u00e9n\u00e9ral, les dominants doivent<br \/>\nse familiariser avec le droit d\u00e8s<br \/>\nleur plus jeune \u00e2ge. C\u2019est pourquoi<br \/>\nla version r\u00e9actualis\u00e9e du<br \/>\n<em>Pr\u00e9sident des riches<\/em> propose<br \/>\nque le droit soit enseign\u00e9 d\u00e8s<br \/>\nl\u2019\u00e9cole primaire.<\/p>\n<p>Le jeune Dominique Strauss-<br \/>\nKahn, comme tous les enfants<br \/>\nde ces milieux, grandit dans la<br \/>\ncollusion de fait entre les diff\u00e9rentes<br \/>\n\u00e9lites. Sa famille, politiquement<br \/>\n\u00e0 gauche, a v\u00e9cu \u00e0<br \/>\nAgadir, au Maroc, o\u00f9 DSK a<br \/>\nconnu le tremblement de terre atroce du 29 f\u00e9vrier 1960<br \/>\ndans lequel il a perdu plusieurs<br \/>\nde ses amis. Ensuite, elle s\u2019est<br \/>\ninstall\u00e9e \u00e0 Monaco.<\/p>\n<h2>Dominants<\/h2>\n<p>On peut supposer qu\u2019autour<br \/>\nde la table familiale, il y avait<br \/>\ndes avocats, des hommes<br \/>\npolitiques, des hommes d\u2019affaires<br \/>\net peut-\u00eatre m\u00eame des<br \/>\nartistes. Des individus qui<br \/>\nrepr\u00e9sentent les p\u00f4les dominants<br \/>\ndes diff\u00e9rents secteurs<br \/>\nde l\u2019activit\u00e9 \u00e9conomique et<br \/>\nsociale.<\/p>\n<p>Le conflit d\u2019int\u00e9r\u00eats est consubstantiel<br \/>\n\u00e0 la grande bourgeoisie<br \/>\n: elle ne peut m\u00eame pas<br \/>\nen prendre conscience, cette<br \/>\ncollusion allant de soi. La s\u00e9paration<br \/>\ndes pouvoirs n\u2019existe<br \/>\npas pour cette classe qui fonctionne<br \/>\nen tant que classe. Tout<br \/>\nse m\u00e9lange \u00e0 travers la sociabilit\u00e9<br \/>\nmondaine.<\/p>\n<p>Dominique Strauss-Kahn est<br \/>\nmembre du Si\u00e8cle, un cercle<br \/>\no\u00f9 il retrouve de grands journalistes,<br \/>\nau point d\u2019\u00e9pouser<br \/>\nl\u2019une d\u2019elles, des conseillers<br \/>\nfiscaux, des hommes politiques<br \/>\nde droite et de gauche. C\u2019est<br \/>\nl\u00e0 qu\u2019il peut rencontrer Marc<br \/>\nLadreit de Lacharri\u00e8re, le propri\u00e9taire<br \/>\nd\u2019une agence de notation,<br \/>\nMartine Aubry, Fran\u00e7ois<br \/>\nFillon, etc.<\/p>\n<h2>Candidat des riches<\/h2>\n<p>Dominique Strauss-Kahn portait<br \/>\n\u00e0 un point inimaginable<br \/>\nles qualit\u00e9s de repr\u00e9sentant<br \/>\nde l\u2019oligarchie. Il aurait \u00e9t\u00e9 le<br \/>\ncandidat des riches en 2012.<br \/>\nQuelques exemples suffisent \u00e0<br \/>\n\u00e9tayer cette affirmation.<\/p>\n<p>En 1999, alors qu\u2019il est encore<br \/>\nministre de l\u2019Economie et des<br \/>\nFinances sous le gouvernement<br \/>\nde Lionel Jospin, il baisse<br \/>\nde mani\u00e8re consid\u00e9rable la<br \/>\nfiscalisation des stock-options,<br \/>\ny compris donc celles<br \/>\ndes patrons du CAC 40, en la<br \/>\nfaisant descendre de 40 % \u00e0<br \/>\n26 %. Par ailleurs, il privatise<br \/>\nl\u2019A\u00e9rospatiale au b\u00e9n\u00e9fice de<br \/>\nson ami Jean-Luc Lagard\u00e8re, membre du Cercle de l\u2019Industrie,<br \/>\nque DSK a cr\u00e9\u00e9 en 1993<br \/>\nalors qu\u2019il \u00e9tait ministre. Dans le<br \/>\nConseil d\u2019administration de ce<br \/>\ncercle, on retrouve aussi Lindsay<br \/>\nOwen-Jones, de L\u2019Or\u00e9al, et<br \/>\nVincent Bollor\u00e9.<\/p>\n<p>Dominique Strauss-Kahn proc\u00e8de<br \/>\n\u00e9galement \u00e0 la privatisation<br \/>\nde France T\u00e9l\u00e9com dont<br \/>\nl\u2019actuel pr\u00e9sident est St\u00e9phane<br \/>\nRichard, autrefois son conseiller<br \/>\n\u00e0 Bercy. France T\u00e9l\u00e9com<br \/>\nest aujourd\u2019hui conseill\u00e9e par<br \/>\nEuro RSCG, et notamment par<br \/>\nSt\u00e9phane Fouks, qui s\u2019occupait<br \/>\naussi de l\u2019image de DSK et du<br \/>\nFMI. Ainsi se d\u00e9roule la pelote<br \/>\nde laine oligarchique.<\/p>\n<h2>L\u2019ami Sarkozy<\/h2>\n<p>Si Dominique Strauss-Kahn<br \/>\nscinde la SNCF, les rails relevant<br \/>\ndor\u00e9navant de R\u00e9seau ferr\u00e9<br \/>\nde France, c\u2019est pour amorcer<br \/>\nune privatisation interne,<br \/>\ncomme lorsqu\u2019il s\u00e9pare GDF<br \/>\nde EDF. Henri Proglio, patron<br \/>\nd\u2019EDF nomm\u00e9 par Nicolas<br \/>\nSarkozy, est un ami de longue<br \/>\ndate de Dominique Strauss-<br \/>\nKahn dont les liens avec le pr\u00e9sident<br \/>\nde la R\u00e9publique sont<br \/>\nnombreux. Ils travaillent en effet<br \/>\navec les m\u00eames communicants,<br \/>\ndont Alain Minc avec lequel<br \/>\nDominique Strauss-Kahn d\u00eenait<br \/>\nr\u00e9guli\u00e8rement.<\/p>\n<p>Parmi les anciens collaborateurs<br \/>\nde DSK \u00e0 Bercy, Mathieu<br \/>\nPigasse est devenu banquier<br \/>\nchez Lazard, Fran\u00e7ois Villeroy<br \/>\nde Galhau est aujourd\u2019hui l\u2019un<br \/>\ndes hauts responsables de<br \/>\nla BNP-Paribas et St\u00e9phane<br \/>\nKe\u00efta a obtenu d\u2019importantes<br \/>\nresponsabilit\u00e9s \u00e0 la Caisse des<br \/>\nd\u00e9p\u00f4ts.<\/p>\n<p>Dans <em>Le pr\u00e9sident des riches<\/em>,<br \/>\nnous relatons un d\u00eener dans<br \/>\nle septi\u00e8me arrondissement<br \/>\nde Paris au cours duquel on<br \/>\ndemande \u00e0 un grand banquier<br \/>\nquel est son ministre de l\u2019Economie<br \/>\net des Finances pr\u00e9f\u00e9r\u00e9.<br \/>\nSa r\u00e9ponse : \u00ab <em>Pierre B\u00e9r\u00e9govoy,<br \/>\ncar il a d\u00e9r\u00e9glement\u00e9 tous<br \/>\nles march\u00e9s.<\/em> \u00bb On peut donc<br \/>\ntravailler pour les int\u00e9r\u00eats de<br \/>\nl\u2019oligarchie tout en affichant des<br \/>\nvaleurs socialistes.<\/p>\n<p>L\u2019\u00e9pisode judiciaire r\u00e9cent n\u2019a<br \/>\npas \u00e9branl\u00e9 ce syst\u00e8me oligarchique.<br \/>\nC\u2019est aujourd\u2019hui un<br \/>\nindividu qui s\u2019\u00e9croule, et encore,<br \/>\nla suite peut r\u00e9server des<br \/>\nsurprises. Dominique Strauss-<br \/>\nKahn a jusqu\u2019\u00e0 pr\u00e9sent toujours<br \/>\nsu rebondir, comme lorsqu\u2019il a<br \/>\nb\u00e9n\u00e9fici\u00e9 d\u2019un non-lieu dans<br \/>\nl\u2019affaire de la Mnef. C\u2019est d\u2019ailleurs<br \/>\nle propre des oligarques<br \/>\nde poss\u00e9der des r\u00e9seaux et de<br \/>\nl\u2019argent qui leur permettent de<br \/>\nse remettre sur pied dans bien<br \/>\ndes circonstances, et d\u2019\u00eatre<br \/>\nd\u00e9clar\u00e9s innocents.<\/p>\n<h2>Coexistence<\/h2>\n<p>La professionnalisation de la politique<br \/>\nconduit in\u00e9luctablement<br \/>\n\u00e0 une coexistence permanente<br \/>\navec les autres personnalit\u00e9s<br \/>\nde la vie \u00e9conomique, sociale et<br \/>\nculturelle. En premier lieu avec<br \/>\nles patrons et les dirigeants<br \/>\nd\u2019entreprises. Mais aussi avec<br \/>\nles magnats de la presse, les<br \/>\nhauts fonctionnaires, les hauts<br \/>\nmagistrats et les responsables<br \/>\ndes forces de l\u2019ordre.<\/p>\n<p>Dominique Strauss-Kahn est,<br \/>\nou \u00e9tait, l\u2019un des repr\u00e9sentants<br \/>\nles plus marquants de ce haut<br \/>\npersonnel politique qui fait partie<br \/>\nde l\u2019oligarchie, qu\u2019elle soit de<br \/>\ndroite ou de gauche.<br \/>\n<div id='gallery-1' class='gallery galleryid-4934 gallery-columns-3 gallery-size-thumbnail'><figure class='gallery-item'>\n\t\t\t<div class='gallery-icon landscape'>\n\t\t\t\t<a href='https:\/\/archives.regards.fr\/wp-content\/uploads\/2011\/07\/dsks-3f1.jpg'><img loading=\"lazy\" decoding=\"async\" width=\"150\" height=\"150\" src=\"https:\/\/archives.regards.fr\/wp-content\/uploads\/2011\/07\/dsks-3f1-150x150.jpg\" class=\"attachment-thumbnail size-thumbnail\" alt=\"DSK : portrait d\u2019un oligarque\" aria-describedby=\"gallery-1-15207\" \/><\/a>\n\t\t\t<\/div>\n\t\t\t\t<figcaption class='wp-caption-text gallery-caption' id='gallery-1-15207'>\n\t\t\t\tDSK : portrait d\u2019un oligarque\n\t\t\t\t<\/figcaption><\/figure>\n\t\t<\/div>\n<\/p>\n","protected":false},"excerpt":{"rendered":"<p>Dominique Strauss-Kahn, n\u00e9 \u00e0 Neuilly, a grandi entour\u00e9<br \/>\nde l\u2019\u00e9lite \u00e9conomique et sociale. Pour les sociologues Michel<br \/>\net Monique Pin\u00e7on-Charlot, il est un pur produit de l\u2019oligarchie.<br \/>\nOr c\u2019est le propre des dominants de poss\u00e9der les r\u00e9seaux<br \/>\net l\u2019argent qui leur permettent de se remettre sur pied.<\/p>\n","protected":false},"author":1,"featured_media":15207,"comment_status":"open","ping_status":"open","sticky":false,"template":"","format":"standard","meta":{"_themeisle_gutenberg_block_has_review":false,"footnotes":""},"categories":[141],"tags":[297,295],"class_list":["post-4934","post","type-post","status-publish","format-standard","has-post-thumbnail","hentry","category-archives-web","tag-inegalites","tag-nupes"],"_links":{"self":[{"href":"https:\/\/archives.regards.fr\/index.php?rest_route=\/wp\/v2\/posts\/4934","targetHints":{"allow":["GET"]}}],"collection":[{"href":"https:\/\/archives.regards.fr\/index.php?rest_route=\/wp\/v2\/posts"}],"about":[{"href":"https:\/\/archives.regards.fr\/index.php?rest_route=\/wp\/v2\/types\/post"}],"author":[{"embeddable":true,"href":"https:\/\/archives.regards.fr\/index.php?rest_route=\/wp\/v2\/users\/1"}],"replies":[{"embeddable":true,"href":"https:\/\/archives.regards.fr\/index.php?rest_route=%2Fwp%2Fv2%2Fcomments&post=4934"}],"version-history":[{"count":0,"href":"https:\/\/archives.regards.fr\/index.php?rest_route=\/wp\/v2\/posts\/4934\/revisions"}],"wp:featuredmedia":[{"embeddable":true,"href":"https:\/\/archives.regards.fr\/index.php?rest_route=\/wp\/v2\/media\/15207"}],"wp:attachment":[{"href":"https:\/\/archives.regards.fr\/index.php?rest_route=%2Fwp%2Fv2%2Fmedia&parent=4934"}],"wp:term":[{"taxonomy":"category","embeddable":true,"href":"https:\/\/archives.regards.fr\/index.php?rest_route=%2Fwp%2Fv2%2Fcategories&post=4934"},{"taxonomy":"post_tag","embeddable":true,"href":"https:\/\/archives.regards.fr\/index.php?rest_route=%2Fwp%2Fv2%2Ftags&post=4934"}],"curies":[{"name":"wp","href":"https:\/\/api.w.org\/{rel}","templated":true}]}}