{"id":4930,"date":"2011-07-04T15:12:56","date_gmt":"2011-07-04T13:12:56","guid":{"rendered":"https:\/\/wp.muchomaas.com\/au-sommaire-du-numero-12-juillet4930\/"},"modified":"2023-06-24T17:47:11","modified_gmt":"2023-06-24T15:47:11","slug":"au-sommaire-du-numero-12-juillet4930","status":"publish","type":"post","link":"https:\/\/archives.regards.fr\/?p=4930","title":{"rendered":"Au sommaire du num\u00e9ro 12 &#8211; juillet-ao\u00fbt 2011"},"content":{"rendered":"<p class=\"post_excerpt\">Num\u00e9ro sp\u00e9cial \u00e9t\u00e9 2011 <\/p>\n<p>25 INTELLOS<br \/>\nREVISITENT<br \/>\nL\u2019ACTU<\/p>\n<p>Le portrait de DSK en oligarque, les non-dits de la guerre de Libye,<br \/>\nla fin du berlusconisme, le glissement vers une justice \u00ab \u00e0 l\u2019am\u00e9ricaine<br \/>\n\u00bb\u2026 <strong>Cet \u00e9t\u00e9, dans <em>Regards<\/em>, plusieurs grands noms de la pens\u00e9e posent un regard<br \/>\ncritique et d\u00e9cal\u00e9 sur l\u2019actualit\u00e9. <\/strong> <\/p>\n<p>Qu\u2019ils prennent un biais neuf pour<br \/>\naborder des \u00e9v\u00e9nements hyperm\u00e9diatis\u00e9s ou qu\u2019ils mettent l\u2019accent<br \/>\nsur des faits pass\u00e9s inaper\u00e7us, tous glissent un grain de sable dans<br \/>\nles habitudes journalistiques et obligent \u00e0 ralentir la cadence impos\u00e9e<br \/>\npar les m\u00e9dias. La p\u00e9riode estivale s\u2019y pr\u00eate&#8230;<\/p>\n<p><strong> A lire dans ce num\u00e9ro sp\u00e9cial, les articles de:<\/strong><\/p>\n<p>Michel AGIER<\/p>\n<p>Miguel BENASAYAG <\/p>\n<p>Leila CHAIBI <\/p>\n<p>Paul CHEMETOV<\/p>\n<p>Rokhaya DIALLO <\/p>\n<p>Arlette FARGE <\/p>\n<p>\u00c9ric FASSIN <\/p>\n<p>Genevi\u00e8ve FRAISSE <\/p>\n<p>Robert GU\u00c9DIGUIAN<\/p>\n<p>\u00c9ric HAZAN <\/p>\n<p>Michel HUSSON<\/p>\n<p>Razmig KEUCHEYAN  <\/p>\n<p>Bernard LAHIRE <\/p>\n<p>Olivier LE COUR GRANDMAISON <\/p>\n<p>Laurent MUCCHIELLI <\/p>\n<p>Michel ONFRAY<\/p>\n<p>Monique et Michel PIN\u00c7ON-CHARLOT<\/p>\n<p>\u00c9velyne SIRE-MARIN <\/p>\n<p>Tzvetan TODOROV<\/p>\n<p>Enzo TRAVERSO <\/p>\n<p>Aur\u00e9lie TROUV\u00c9 <\/p>\n<p>Flore VASSEUR <\/p>\n<p>Arnaud VIVIANT <\/p>\n<p>Michel WARSCHAWSKI <\/p>\n<p>Retrouvez aussi les s\u00e9lections de quelques un-e-s de nos invit\u00e9-e-s et <a href=\"https:\/\/wp.muchomaas.com\/idees\/l-engagement-de-demain\">l&#8217;\u00e9dito de Cl\u00e9mentine Autain et Roger Martelli<\/a>.<\/p>\n","protected":false},"excerpt":{"rendered":"<p>Num\u00e9ro sp\u00e9cial \u00e9t\u00e9 2011 <\/p>\n<p>25 INTELLOS<br \/>\nREVISITENT<br \/>\nL\u2019ACTU<\/p>\n","protected":false},"author":1,"featured_media":0,"comment_status":"closed","ping_status":"open","sticky":false,"template":"","format":"standard","meta":{"_themeisle_gutenberg_block_has_review":false,"footnotes":""},"categories":[262],"tags":[371],"class_list":["post-4930","post","type-post","status-publish","format-standard","hentry","category-archives","tag-sommaire"],"_links":{"self":[{"href":"https:\/\/archives.regards.fr\/index.php?rest_route=\/wp\/v2\/posts\/4930","targetHints":{"allow":["GET"]}}],"collection":[{"href":"https:\/\/archives.regards.fr\/index.php?rest_route=\/wp\/v2\/posts"}],"about":[{"href":"https:\/\/archives.regards.fr\/index.php?rest_route=\/wp\/v2\/types\/post"}],"author":[{"embeddable":true,"href":"https:\/\/archives.regards.fr\/index.php?rest_route=\/wp\/v2\/users\/1"}],"replies":[{"embeddable":true,"href":"https:\/\/archives.regards.fr\/index.php?rest_route=%2Fwp%2Fv2%2Fcomments&post=4930"}],"version-history":[{"count":0,"href":"https:\/\/archives.regards.fr\/index.php?rest_route=\/wp\/v2\/posts\/4930\/revisions"}],"wp:attachment":[{"href":"https:\/\/archives.regards.fr\/index.php?rest_route=%2Fwp%2Fv2%2Fmedia&parent=4930"}],"wp:term":[{"taxonomy":"category","embeddable":true,"href":"https:\/\/archives.regards.fr\/index.php?rest_route=%2Fwp%2Fv2%2Fcategories&post=4930"},{"taxonomy":"post_tag","embeddable":true,"href":"https:\/\/archives.regards.fr\/index.php?rest_route=%2Fwp%2Fv2%2Ftags&post=4930"}],"curies":[{"name":"wp","href":"https:\/\/api.w.org\/{rel}","templated":true}]}}