{"id":4929,"date":"2011-07-04T15:14:30","date_gmt":"2011-07-04T13:14:30","guid":{"rendered":"https:\/\/wp.muchomaas.com\/l-engagement-de-demain4929\/"},"modified":"2023-06-23T23:08:48","modified_gmt":"2023-06-23T21:08:48","slug":"l-engagement-de-demain4929","status":"publish","type":"post","link":"https:\/\/archives.regards.fr\/?p=4929","title":{"rendered":"L\u2019engagement de demain"},"content":{"rendered":"<p><strong>C\u2019est entendu d\u00e9sormais : les intellectuels se taisent ou ils<br \/>\n\u2013 elles ! \u2013 plastronnent.<\/strong> On s\u2019est habitu\u00e9 au constat depuis<br \/>\nla charni\u00e8re des ann\u00e9es 1970-1980. En juin 1979, Sartre et<br \/>\nAron, les deux vieux ennemis, consciences antagoniques de<br \/>\nl\u2019engagement \u00e0 gauche et \u00e0 droite, se retrouvent ensemble<br \/>\n\u00e0 l\u2019Elys\u00e9e, pour discuter avec le pr\u00e9sident VGE du sort des<br \/>\nboat-people vietnamiens, victimes du totalitarisme communiste.<br \/>\nUn peu moins de trois ans plus tard, Max Gallo, porteparole<br \/>\ndu gouvernement Mauroy, se plaint dans <em>Le Monde<\/em> du<br \/>\n\u00ab <em>silence des intellectuels<\/em> \u00bb.<\/p>\n<p>En ces temps-l\u00e0, temps de contre-r\u00e9volution lib\u00e9rale en gestation,<br \/>\nil \u00e9tait acquis que la r\u00e9volution n\u2019\u00e9tait plus d\u2019actualit\u00e9.<br \/>\nLe communisme rabattu sur le sovi\u00e9tisme, l\u2019\u00e9conomie de<br \/>\nmarch\u00e9 devenait l\u2019horizon ind\u00e9passable de l\u2019action humaine.<br \/>\nLe sens profond des choix politiques ne semblait plus faire<br \/>\nd\u00e9bat. Or la politique tout enti\u00e8re et la figure moderne de<br \/>\nl\u2019intellectuel fonctionnaient \u00e0 la controverse sur le sens : pour<br \/>\nquoi, pour qui et comment agit-on ensemble ? En bref, l\u2019Histoire<br \/>\n\u00e9tait finie. Plus besoin, donc, des intellectuels : vivent<br \/>\nles experts et les communicants ! La fin de la guerre froide<br \/>\nsemblait \u00eatre celle de la conflictualit\u00e9.<\/p>\n<p>Nous n\u2019en sommes plus l\u00e0. L\u2019id\u00e9e de r\u00e9volution n\u2019est pas<br \/>\nmorte. Et quand il faut \u00e0 la fois continuer et transformer, s\u2019enraciner<br \/>\net refonder, \u00eatre fid\u00e8le et subversif \u00e0 part \u00e9gale, il y a<br \/>\nplus que jamais besoin d\u2019intellectualit\u00e9.<\/p>\n<p>Les retrouvailles ne s\u2019improvisent pas. Le dialogue de la politique<br \/>\net de l\u2019intellectualit\u00e9 ne se fera pas sur l\u2019oubli. Des mani\u00e8res<br \/>\nde faire anciennes dispara\u00eetront, d\u2019autres se reconstitueront.<br \/>\nNous verrons, \u00e0 l\u2019usage, ce que seront les figures de<br \/>\nl\u2019engagement de demain. En attendant, nous avons demand\u00e9<br \/>\n\u00e0 des intellectuels divers par leurs pratiques et leurs univers<br \/>\nsymboliques, mais r\u00e9unis par leur pens\u00e9e critique, leur radicalit\u00e9,<br \/>\nde nous parler de l\u2019actualit\u00e9. \u00ab Leur \u00bb regard vaut le<br \/>\nd\u00e9tour. <div id='gallery-1' class='gallery galleryid-4929 gallery-columns-3 gallery-size-thumbnail'><figure class='gallery-item'>\n\t\t\t<div class='gallery-icon landscape'>\n\t\t\t\t<a href='https:\/\/archives.regards.fr\/wp-content\/uploads\/2011\/07\/sartrec-2-e4e.jpg'><img loading=\"lazy\" decoding=\"async\" width=\"80\" height=\"55\" src=\"https:\/\/archives.regards.fr\/wp-content\/uploads\/2011\/07\/sartrec-2-e4e.jpg\" class=\"attachment-thumbnail size-thumbnail\" alt=\"L\u2019engagement de demain\" aria-describedby=\"gallery-1-15196\" \/><\/a>\n\t\t\t<\/div>\n\t\t\t\t<figcaption class='wp-caption-text gallery-caption' id='gallery-1-15196'>\n\t\t\t\tL\u2019engagement de demain\n\t\t\t\t<\/figcaption><\/figure><figure class='gallery-item'>\n\t\t\t<div class='gallery-icon landscape'>\n\t\t\t\t<a href='https:\/\/archives.regards.fr\/wp-content\/uploads\/2011\/07\/sartres-751.jpg'><img loading=\"lazy\" decoding=\"async\" width=\"150\" height=\"150\" src=\"https:\/\/archives.regards.fr\/wp-content\/uploads\/2011\/07\/sartres-751-150x150.jpg\" class=\"attachment-thumbnail size-thumbnail\" alt=\"L\u2019engagement de demain\" aria-describedby=\"gallery-1-15197\" \/><\/a>\n\t\t\t<\/div>\n\t\t\t\t<figcaption class='wp-caption-text gallery-caption' id='gallery-1-15197'>\n\t\t\t\tL\u2019engagement de demain\n\t\t\t\t<\/figcaption><\/figure>\n\t\t<\/div>\n<\/p>\n","protected":false},"excerpt":{"rendered":"<p>C\u2019est entendu d\u00e9sormais : les intellectuels se taisent ou ils \u2013 elles ! \u2013 plastronnent. On s\u2019est habitu\u00e9 au constat depuis la charni\u00e8re des ann\u00e9es 1970-1980. En juin 1979, Sartre et Aron, les deux vieux ennemis, consciences antagoniques de l\u2019engagement \u00e0 gauche et \u00e0 droite, se retrouvent ensemble \u00e0 l\u2019Elys\u00e9e, pour discuter avec le pr\u00e9sident [&hellip;]<\/p>\n","protected":false},"author":328,"featured_media":15196,"comment_status":"open","ping_status":"open","sticky":false,"template":"","format":"standard","meta":{"_themeisle_gutenberg_block_has_review":false,"footnotes":""},"categories":[141],"tags":[328],"class_list":["post-4929","post","type-post","status-publish","format-standard","has-post-thumbnail","hentry","category-archives-web","tag-editorial"],"_links":{"self":[{"href":"https:\/\/archives.regards.fr\/index.php?rest_route=\/wp\/v2\/posts\/4929","targetHints":{"allow":["GET"]}}],"collection":[{"href":"https:\/\/archives.regards.fr\/index.php?rest_route=\/wp\/v2\/posts"}],"about":[{"href":"https:\/\/archives.regards.fr\/index.php?rest_route=\/wp\/v2\/types\/post"}],"author":[{"embeddable":true,"href":"https:\/\/archives.regards.fr\/index.php?rest_route=\/wp\/v2\/users\/328"}],"replies":[{"embeddable":true,"href":"https:\/\/archives.regards.fr\/index.php?rest_route=%2Fwp%2Fv2%2Fcomments&post=4929"}],"version-history":[{"count":0,"href":"https:\/\/archives.regards.fr\/index.php?rest_route=\/wp\/v2\/posts\/4929\/revisions"}],"wp:featuredmedia":[{"embeddable":true,"href":"https:\/\/archives.regards.fr\/index.php?rest_route=\/wp\/v2\/media\/15196"}],"wp:attachment":[{"href":"https:\/\/archives.regards.fr\/index.php?rest_route=%2Fwp%2Fv2%2Fmedia&parent=4929"}],"wp:term":[{"taxonomy":"category","embeddable":true,"href":"https:\/\/archives.regards.fr\/index.php?rest_route=%2Fwp%2Fv2%2Fcategories&post=4929"},{"taxonomy":"post_tag","embeddable":true,"href":"https:\/\/archives.regards.fr\/index.php?rest_route=%2Fwp%2Fv2%2Ftags&post=4929"}],"curies":[{"name":"wp","href":"https:\/\/api.w.org\/{rel}","templated":true}]}}