{"id":4917,"date":"2011-06-25T10:00:00","date_gmt":"2011-06-25T08:00:00","guid":{"rendered":"https:\/\/wp.muchomaas.com\/affaire-dsk-anne-sinclair-l-autre4917\/"},"modified":"2023-06-23T23:08:45","modified_gmt":"2023-06-23T21:08:45","slug":"affaire-dsk-anne-sinclair-l-autre4917","status":"publish","type":"post","link":"https:\/\/archives.regards.fr\/?p=4917","title":{"rendered":"Affaire DSK : Anne Sinclair, l&#8217;autre visage du sexisme"},"content":{"rendered":"<p class=\"post_excerpt\">Anne Sinclair, \u00e9pouse id\u00e9ale? Une analyse de Sophie Courval <\/p>\n<p>A la suite de l\u2019inculpation du directeur du FMI pour tentative de viol sur Nafissatou Dialo, femme de chambre au Sofitel de New York, les r\u00e9actions des \u00e9lites m\u00e9diatico politiques fran\u00e7aises \u2013 r\u00e9clamant la main sur le c\u0153ur le droit \u00e0 la pr\u00e9somption d\u2019innocence pour l\u2019ancien ministre des finances tout en mettant en doute, sans plus de scrupule, la parole de la plaignante &#8211; ont r\u00e9v\u00e9l\u00e9 tout \u00e0 la fois la persistance et l\u2019ampleur des r\u00e9flexes de classe, du racisme et du sexisme en France. Si la violence et l\u2019ind\u00e9cence de certains propos, du \u00ab <em>y a pas mort d\u2019homme<\/em> \u00bb de Jack Lang au \u00ab <em>troussage de domestique<\/em> \u00bb de Jean-Fran\u00e7ois Khan, ont \u2013 \u00e0 juste titre &#8211; choqu\u00e9, il est cependant une autre dimension, tout aussi sexiste, dans le traitement m\u00e9diatique de cette affaire qui semble pourtant \u00eatre pass\u00e9e totalement inaper\u00e7u, \u00e0 savoir la pr\u00e9gnance de la figure de l\u2019\u00e9pouse id\u00e9ale incarn\u00e9e par Anne Sinclair. Qu&#8217;on ne s&#8217;y trompe pas, il ne s&#8217;agit pas ici de commenter les choix d&#8217;Anne Sinclair en tant que tels, mais de pointer du doigt l&#8217;insistance avec laquelle m\u00e9dias dominants et \u00e9lites politiques nous imposent, \u00e0 travers leur propre narration, cette figure de l&#8217;\u00e9pouse d\u00e9vou\u00e9e comme mod\u00e8le de la femme id\u00e9ale&#8230; jusqu&#8217;\u00e0 la naus\u00e9e.<\/p>\n<h2>Une ic\u00f4ne <\/h2>\n<p>Sur ce point, la presse dominante est unanime : Anne Sinclair est une femme formidable. Depuis le 15 mai dernier, les m\u00e9dias ne tarissent plus d\u2019\u00e9loges sur cette \u00ab <em>ic\u00f4ne<\/em> \u00bb du petit \u00e9cran, c\u00e9l\u00e9brant son \u00ab <em>courage dans l\u2019\u00e9preuve<\/em> \u00bb, \u00ab <em>sa dignit\u00e9<\/em> \u00bb, \u00ab <em>son soutien sans faille \u00e0 son mari<\/em>\u00bb. On ne compte plus le nombre de journaux faisant leur Une sur \u00ab <em>la trag\u00e9die d\u2019Anne Sinclair<\/em>\u00a0\u00bb [[<em>Elle<\/em>, le 20 mai]], la d\u00e9crivant comme une femme \u00ab <em>combative et effondr\u00e9e<\/em>\u00a0\u00bb [[<em>Le Monde<\/em>, le 18 mai]], \u00ab <em>humili\u00e9e mais droite face \u00e0 l\u2019\u00e9preuve<\/em> \u00bb, \u00ab <em>un brave petit soldat toujours aux c\u00f4t\u00e9s de ce mari tomb\u00e9 de ce pi\u00e9destal<\/em> \u00bb, voire carr\u00e9ment comme \u00ab <em>une figure de trag\u00e9die marchand vers son destin. Pr\u00eate \u00e0 l\u2019assumer, \u00e0 le d\u00e9fier<\/em> \u00bb [[<em>Le Figaro<\/em>, le 11 juin]]. De leur c\u00f4t\u00e9 les illustres ami-e-s de la \u00ab\u00a0<em>star<\/em>\u00a0\u00bb, ajoutent leur pierre \u00e0 l&#8217;\u00e9difice de \u00ab\u00a0l&#8217;\u00e9pouse id\u00e9ale\u00a0\u00bb. Dans l&#8217;\u00e9mission compl\u00e9ment d&#8217;enqu\u00eate diffus\u00e9e sur France 2, le 6 juin dernier, Laure Adler \u00e9voque une \u00ab\u00a0<em>guerri\u00e8re amoureuse<\/em>\u00a0\u00bb tandis que le com\u00e9dien Pierre Arditi parle \u00ab\u00a0<em>d&#8217;une femme qui se conduit honn\u00eatement en ce moment, quasiment comme une h\u00e9ro\u00efne grecque<\/em>\u00a0\u00bb. \u00c9galement invit\u00e9 sur le plateau de l&#8217;\u00e9mission, Yvan Leva\u00ef, journaliste et ex-\u00e9poux d&#8217;Anne Sinclair, mobilise le m\u00eame registre : \u00ab\u00a0<em>Anne c&#8217;est une Antigone. (\u2026) Une femme de la r\u00e9sistance en temps de paix (&#8230;) une femme qui pardonne<\/em>\u00a0\u00bb. Parce que n&#8217;est ce pas : \u00ab\u00a0<em>les hommes sont les hommes<\/em>\u00a0\u00bb. Quelques jours plus t\u00f4t, toujours sur France 2, dans une autre \u00e9mission sp\u00e9ciale consacr\u00e9e \u00e0 l&#8217;affaire DSK, Robert Badinter se fendait lui aussi d&#8217;une diatribe sur \u00ab\u00a0<em>la femme admirable<\/em>\u00a0\u00bb ajoutant que Dominique \u00ab\u00a0<em>avait bien de la chance d&#8217;avoir une \u00e9pouse comme cela<\/em>\u00bb.<\/p>\n<h2>Un alibi f\u00e9ministe<\/h2>\n<p>Dans un article du <em>Figaro<\/em> dat\u00e9 du 11 juin dernier et intitul\u00e9 \u00ab\u00a0Le myst\u00e8re Anne Sinclair\u00a0\u00bb, un journaliste se demande : \u00ab\u00a0<em>Comment celle qui a \u00e9t\u00e9 une ic\u00f4ne des ann\u00e9es 80, l&#8217;une de ces femmes jusqu&#8217;au bout des seins que chantait Michel Sardou, de ces femmes qui voulaient tout \u2013 l&#8217;amour, la r\u00e9ussite professionnelle, les enfants \u2013 peut-elle soutenir un homme suspect\u00e9 d&#8217;avoir violent\u00e9 une femme?<\/em>\u00a0\u00bb Et d&#8217;y r\u00e9pondre quelques lignes plus bas : \u00ab\u00a0<em>Au nom de l&#8217;amour<\/em>\u00a0\u00bb. Certes, \u00ab\u00a0<em>il avait coutume de d\u00e9shabiller les autres femmes du regard, mais elle, il ne la regardait pas comme les autres femmes.(&#8230;) Elle demeure La femme vers qui il revient toujours, celle qui console et qui encourage<\/em>\u00a0\u00bb. Anne Sinclair incarne donc \u00e0 la fois la figure arch\u00e9typale de la pr\u00e9tendue \u00e9mancipation des femmes et les valeurs les plus archa\u00efques de la femme bourgeoise. Et c&#8217;est justement ce qui rend possible la confiscation de son image au profit d&#8217;une construction narrative de l&#8217;\u00e9pouse parfaite. Tous les portraits qui lui sont consacr\u00e9s depuis l\u2019affaire DSK, soulignent la place singuli\u00e8re qu\u2019elle occupait en tant qu\u2019intervieweuse politique dans l\u2019univers t\u00e9l\u00e9visuel des ann\u00e9es 1980\u00a0: une femme pionni\u00e8re\u00a0qui r\u00e9ussit dans un milieu traditionnellement r\u00e9serv\u00e9 aux hommes. <\/p>\n<p>Anne Sinclair est donc per\u00e7ue comme \u00ab\u00a0<em>une femme libre<\/em>\u00a0\u00bb, ayant d\u00e9lib\u00e9r\u00e9ment renonc\u00e9 \u00e0 sa carri\u00e8re \u00ab\u00a0<em>par amour<\/em>\u00a0\u00bb, et qui, toujours \u00ab\u00a0<em>par amour<\/em>\u00a0\u00bb, a choisi de soutenir son mari \u00ab\u00a0<em>envers et contre tout<\/em>\u00a0\u00bb [[<em>Le journal du dimanche<\/em>, le 17 mai 2011]]. On est tr\u00e8s loin du st\u00e9r\u00e9otype de la femme soumise g\u00e9n\u00e9ralement repr\u00e9sent\u00e9e dans les m\u00e9dias et par certaines f\u00e9ministes sous les traits d\u2019une femme pauvre, arabe, analphab\u00e8te et voil\u00e9e\u00a0! Rien \u00e0 voir donc avec celle qui fut choisie en 1991 comme mod\u00e8le pour incarner Marianne. <\/p>\n<p>Pourtant, \u00e0 y regarder de plus pr\u00e8s il devient \u00e9vident que tout cela n\u2019est qu\u2019un faux semblant. Aujourd\u2019hui comme hier cette figure embl\u00e9matique de la r\u00e9ussite au f\u00e9minin n\u2019est en fait qu\u2019un alibi destin\u00e9 \u00e0 masquer une r\u00e9alit\u00e9 bien moins reluisante, les hommes occupant toujours majoritairement les postes cl\u00e9s \u00e0 la t\u00e9l\u00e9vision comme ailleurs. Le personnage d\u2019Anne Sinclair, figure optimiste de la repr\u00e9sentation des femmes dans la sph\u00e8re professionnelle, a surtout servi d\u2019embl\u00e8me \u00e0 un certain type de f\u00e9minisme, r\u00e9solument pro capitaliste et principalement ax\u00e9 sur l&#8217;acc\u00e8s des femmes aux postes \u00e0 responsabilit\u00e9. Un f\u00e9minisme somme toute tr\u00e8s rassurant, sans dilution des valeurs dites traditionnellement f\u00e9minines, sans remise en cause des st\u00e9r\u00e9otypes de sexe et des valeurs bourgeoises. Il n&#8217;y a donc pas r\u00e9ellement de reniement dans le parcours d&#8217;Anne Sinclair. <\/p>\n<h2>Le triomphe du couple bourgeois<\/h2>\n<p>Cette version d\u00e9poussi\u00e9r\u00e9e du couple bourgeois du XIX\u00e8me, est donc promue avec force par la classe dirigeante comme le mod\u00e8le id\u00e9al, parce qu&#8217;elle vient conforter les identit\u00e9s sexu\u00e9es et les rapports de genre. Autrement dit le mod\u00e8le de la domination masculine. C&#8217;est le triomphe du couple h\u00e9t\u00e9rosexuel et de la famille. Dans cette histoire Anne Sinclair appara\u00eet sous les traits d&#8217;une \u00ab\u00a0<em>h\u00e9ro\u00efne grecque\u00a0<\/em>\u00a0\u00bb, d&#8217;\u00ab\u00a0<em>une Antigone<\/em>\u00a0\u00bb, d&#8217;une femme fid\u00e8le. Elle est celle qui comprend que \u00ab\u00a0<em>les hommes sont les hommes<\/em>\u00a0\u00bb Et cette figure de la femme vertueuse ainsi mobilis\u00e9e dans les m\u00e9dias rappelle \u00e9trangement celle des femmes bourgeoises du XIX\u00e8me si\u00e8cle : \u00ab\u00a0<em>L\u2019image de \u00ab la femme vertueuse \u00bb, qui est l\u2019image dominante de la femme au sein de la bourgeoisie, justifie que l\u2019adult\u00e8re se d\u00e9veloppe. Il est \u00ab normal \u00bb d\u2019avoir une ma\u00eetresse ; \u00ab une liaison mondaine peut m\u00eame susciter quelques \u00e9chos appr\u00e9ciateurs \u00bb. Le m\u00e9nage \u00e0 trois fonctionne ici \u00ab avec une efficacit\u00e9 bourgeoise \u00bb : il permet en effet \u00ab de calmer les sens, de jouir dans le confort d\u2019une volupt\u00e9 que vient pimenter le secret, il \u00e9vite de compromettre sa sant\u00e9 et sa r\u00e9putation<\/em> \u00bb [[Florence Vatin \u00ab \u00c9volution historique d&#8217;une pratique : \u00bb, <em>Soci\u00e9t\u00e9s<\/em> 2\/2004 (no 84), p. 33-40. ]]. L&#8217;acceptation d&#8217;un tel mod\u00e8le, d&#8217;une telle r\u00e9partition des r\u00f4les, suppose d&#8217;ent\u00e9riner les vieux st\u00e9r\u00e9otypes de sexe validant le d\u00e9sir sexuel masculin comme \u00e9tant physiologique, imp\u00e9rieux, irr\u00e9pressible, en opposition au d\u00e9sir f\u00e9minin qui, lui, rel\u00e8verait davantage du registre \u00e9motionnel. <\/p>\n<p>Or, ce sont les m\u00eames st\u00e9r\u00e9otypes qui affleurent dans les propos des partisans de Dominique Strauss Kahn lorsqu&#8217;ils s&#8217;emploient \u00e0 minimiser les faits voire \u00e0 banaliser le viol. Et c&#8217;est ainsi que la figure de l&#8217;\u00e9pouse mod\u00e8le entre en r\u00e9sonance avec le fameux \u00ab\u00a0<em>troussage de domestique<\/em>\u00a0\u00bb de Jean-Fran\u00e7ois Khan. On imagine mal, par ailleurs comment, avec une telle grille de lecture, une femme de chambre, pauvre, noire, et qui plus est, m\u00e8re c\u00e9libataire puisse se confondre avec l&#8217;image d&#8217;une femme vertueuse. La figure de l&#8217;\u00e9pouse id\u00e9ale \u00e9clipsant d&#8217;ailleurs totalement celle de Nafissatou Diallo tant il est clair pour les m\u00e9dias et une partie de la classe politique fran\u00e7aise que la victime de l&#8217;affaire DSK, c&#8217;est d&#8217;abord Anne Sinclair. <\/p>\n<div id='gallery-1' class='gallery galleryid-4917 gallery-columns-3 gallery-size-thumbnail'><figure class='gallery-item'>\n\t\t\t<div class='gallery-icon landscape'>\n\t\t\t\t<a href='https:\/\/archives.regards.fr\/wp-content\/uploads\/2011\/06\/chardin-9f6.jpg'><img loading=\"lazy\" decoding=\"async\" width=\"150\" height=\"150\" src=\"https:\/\/archives.regards.fr\/wp-content\/uploads\/2011\/06\/chardin-9f6-150x150.jpg\" class=\"attachment-thumbnail size-thumbnail\" alt=\"chardin.jpg\" \/><\/a>\n\t\t\t<\/div><\/figure><figure class='gallery-item'>\n\t\t\t<div class='gallery-icon landscape'>\n\t\t\t\t<a href='https:\/\/archives.regards.fr\/wp-content\/uploads\/2011\/06\/chardinc-52d.jpg'><img loading=\"lazy\" decoding=\"async\" width=\"80\" height=\"55\" src=\"https:\/\/archives.regards.fr\/wp-content\/uploads\/2011\/06\/chardinc-52d.jpg\" class=\"attachment-thumbnail size-thumbnail\" alt=\"Affaire DSK : Anne Sinclair, l&#039;autre visage du sexisme\" aria-describedby=\"gallery-1-15160\" \/><\/a>\n\t\t\t<\/div>\n\t\t\t\t<figcaption class='wp-caption-text gallery-caption' id='gallery-1-15160'>\n\t\t\t\tAffaire DSK : Anne Sinclair, l&#8217;autre visage du sexisme\n\t\t\t\t<\/figcaption><\/figure><figure class='gallery-item'>\n\t\t\t<div class='gallery-icon landscape'>\n\t\t\t\t<a href='https:\/\/archives.regards.fr\/wp-content\/uploads\/2011\/06\/chardinb-6fb.jpg'><img loading=\"lazy\" decoding=\"async\" width=\"150\" height=\"122\" src=\"https:\/\/archives.regards.fr\/wp-content\/uploads\/2011\/06\/chardinb-6fb-150x122.jpg\" class=\"attachment-thumbnail size-thumbnail\" alt=\"Affaire DSK : Anne Sinclair, l&#039;autre visage du sexisme\" aria-describedby=\"gallery-1-15161\" \/><\/a>\n\t\t\t<\/div>\n\t\t\t\t<figcaption class='wp-caption-text gallery-caption' id='gallery-1-15161'>\n\t\t\t\tAffaire DSK : Anne Sinclair, l&#8217;autre visage du sexisme\n\t\t\t\t<\/figcaption><\/figure><figure class='gallery-item'>\n\t\t\t<div class='gallery-icon landscape'>\n\t\t\t\t<a href='https:\/\/archives.regards.fr\/wp-content\/uploads\/2011\/06\/benidicite-358.jpg'><img loading=\"lazy\" decoding=\"async\" width=\"150\" height=\"150\" src=\"https:\/\/archives.regards.fr\/wp-content\/uploads\/2011\/06\/benidicite-358-150x150.jpg\" class=\"attachment-thumbnail size-thumbnail\" alt=\"Affaire DSK : Anne Sinclair, l&#039;autre visage du sexisme\" aria-describedby=\"gallery-1-15162\" \/><\/a>\n\t\t\t<\/div>\n\t\t\t\t<figcaption class='wp-caption-text gallery-caption' id='gallery-1-15162'>\n\t\t\t\tAffaire DSK : Anne Sinclair, l&#8217;autre visage du sexisme\n\t\t\t\t<\/figcaption><\/figure>\n\t\t<\/div>\n\n","protected":false},"excerpt":{"rendered":"<p>Anne Sinclair, \u00e9pouse id\u00e9ale? Une analyse de Sophie Courval <\/p>\n","protected":false},"author":777,"featured_media":15159,"comment_status":"open","ping_status":"open","sticky":false,"template":"","format":"standard","meta":{"_themeisle_gutenberg_block_has_review":false,"footnotes":""},"categories":[141],"tags":[306],"class_list":["post-4917","post","type-post","status-publish","format-standard","has-post-thumbnail","hentry","category-archives-web","tag-feminisme"],"_links":{"self":[{"href":"https:\/\/archives.regards.fr\/index.php?rest_route=\/wp\/v2\/posts\/4917","targetHints":{"allow":["GET"]}}],"collection":[{"href":"https:\/\/archives.regards.fr\/index.php?rest_route=\/wp\/v2\/posts"}],"about":[{"href":"https:\/\/archives.regards.fr\/index.php?rest_route=\/wp\/v2\/types\/post"}],"author":[{"embeddable":true,"href":"https:\/\/archives.regards.fr\/index.php?rest_route=\/wp\/v2\/users\/777"}],"replies":[{"embeddable":true,"href":"https:\/\/archives.regards.fr\/index.php?rest_route=%2Fwp%2Fv2%2Fcomments&post=4917"}],"version-history":[{"count":0,"href":"https:\/\/archives.regards.fr\/index.php?rest_route=\/wp\/v2\/posts\/4917\/revisions"}],"wp:featuredmedia":[{"embeddable":true,"href":"https:\/\/archives.regards.fr\/index.php?rest_route=\/wp\/v2\/media\/15159"}],"wp:attachment":[{"href":"https:\/\/archives.regards.fr\/index.php?rest_route=%2Fwp%2Fv2%2Fmedia&parent=4917"}],"wp:term":[{"taxonomy":"category","embeddable":true,"href":"https:\/\/archives.regards.fr\/index.php?rest_route=%2Fwp%2Fv2%2Fcategories&post=4917"},{"taxonomy":"post_tag","embeddable":true,"href":"https:\/\/archives.regards.fr\/index.php?rest_route=%2Fwp%2Fv2%2Ftags&post=4917"}],"curies":[{"name":"wp","href":"https:\/\/api.w.org\/{rel}","templated":true}]}}