{"id":4909,"date":"2011-06-18T08:30:00","date_gmt":"2011-06-18T06:30:00","guid":{"rendered":"https:\/\/wp.muchomaas.com\/badiou-et-sartre4909\/"},"modified":"2023-06-23T23:08:44","modified_gmt":"2023-06-23T21:08:44","slug":"badiou-et-sartre4909","status":"publish","type":"post","link":"https:\/\/archives.regards.fr\/?p=4909","title":{"rendered":"Badiou et Sartre"},"content":{"rendered":"<h2>Mehdi m\u00e9dit<\/h2>\n<p>Mehdi Belhaj Kacem est un fran\u00e7ais<br \/>\nd\u2019origine tunisienne qui est<br \/>\nl\u00e0, plus ou moins marginalement,<br \/>\ndans le paysage des lettres fran\u00e7aises,<br \/>\ndisons, depuis vingt ans.<br \/>\nIl a donc commenc\u00e9 tr\u00e8s jeune, \u00e0<br \/>\n18 ans, en \u00e9crivant des romans,<br \/>\nune triplette de romans, dont l\u2019un<br \/>\nassez remarqu\u00e9, <em>Vies et morts<br \/>\nd\u2019Ir\u00e8ne Lepic<\/em>, qui parlait d\u2019une tribu<br \/>\naujourd\u2019hui bien connue, mais<br \/>\nqui \u00e0 l\u2019\u00e9poque, au d\u00e9but des ann\u00e9es<br \/>\n1990, \u00e9tait encore fort minoritaire<br \/>\n: la tribu des gothiques, ceux<br \/>\nqui font qu\u2019aujourd\u2019hui Indochine,<br \/>\nvoire Myl\u00e8ne Farmer, remplissent<br \/>\nle Stade de France. Jeune, Mehdi<br \/>\nBelhaj Kacem \u00e9tait gothique, il se<br \/>\npromenait en jupe. Et puis, apr\u00e8s<br \/>\nces romans, il d\u00e9cide d\u2019abandonner<br \/>\nla litt\u00e9rature o\u00f9 pourtant un<br \/>\nbel avenir lui \u00e9tait promis, pour<br \/>\ndevenir philosophe. Et Mehdi,<br \/>\nqui n\u2019a que le bac en poche, qui n\u2019a jamais mis les pieds \u00e0 l\u2019universit\u00e9 pose \u00e0 ce moment-l\u00e0 une question d\u00e9rangeante, laquelle est :<br \/>\npeut-on devenir philosophe de soi-m\u00eame, sans passer<br \/>\npar l\u2019institution ? Les philosophes autodidactes<br \/>\nexistent, bien s\u00fbr : le cas le plus connu est celui de<br \/>\nGaston Bachelard qui, apr\u00e8s avoir longtemps travaill\u00e9<br \/>\naux PTT, passera son agr\u00e9gation de philosophie<br \/>\n\u00e0 38 ans, soit l\u2019\u00e2ge exactement de Mehdi Belhaj<br \/>\nKacem aujourd\u2019hui. Mais Mehdi, lui, va devenir<br \/>\nphilosophe en \u00e9crivant des livres, notamment <em>Esth\u00e9tique<br \/>\ndu chaos<\/em> o\u00f9 il philosophe \u00e0 partir d\u2019objets<br \/>\nmodernes, tels que le gangsta rap ou le film Matrix.<br \/>\nUn courant qu\u2019on va appeler m\u00e9diatiquement, \u00e0 tort<br \/>\nou \u00e0 raison, \u00ab la pop philosophie \u00bb. A l\u2019aube des ann\u00e9es<br \/>\n1990, Mehdi Belhaj Kacem est assez star : il<br \/>\nfait la couverture des <em>Inrockuptibles<\/em> en compagnie<br \/>\nde, excusez du peu, David Bowie qu\u2019il a interview\u00e9<br \/>\nen exclusivit\u00e9 pour le journal ; il est la vedette d\u2019un<br \/>\nfilm du plus grand cin\u00e9aste fran\u00e7ais vivant, Philippe<br \/>\nGarrel ; il a plusieurs fois eu son portrait en der<br \/>\nde <em>Lib\u00e9<\/em>. Et l\u00e0, il commence \u00e0 dire un peu partout<br \/>\nqu\u2019on l\u2019ignore mais qu\u2019on a en France un immense<br \/>\nm\u00e9taphysicien, du niveau de Kant, de Hegel et<br \/>\nm\u00eame de Platon, et qu\u2019il s\u2019appelle Alain Badiou. A<br \/>\nl\u2019\u00e9poque, Alain Badiou, un philosophe mao\u00efste professeur<br \/>\n\u00e0 l\u2019Ecole nationale sup\u00e9rieure, n\u2019est absolument<br \/>\npas m\u00e9diatis\u00e9, on peut m\u00eame dire que les<br \/>\nm\u00e9dias l\u2019\u00e9vitent du fait de ses<br \/>\nopinions politiques. L\u2019histoire<br \/>\nd\u2019amour filial entre Alain Badiou<br \/>\net Mehdi va durer une dizaine<br \/>\nd\u2019ann\u00e9es et aller assez loin<br \/>\npuisque Badiou va publier et<br \/>\npr\u00e9facer Mehdi Belhaj Kacem<br \/>\ndans sa collection de philosophie<br \/>\nau Seuil. Mais voil\u00e0 : c\u2019est<br \/>\nfini. Mehdi publie <em>Apr\u00e8s Badiou<\/em> entour\u00e9 d\u2019un bandeau rouge proclamant fi\u00e8rement<br \/>\n\u00ab Ni Badiou, ni ma\u00eetre \u00bb, et il ne publie pas cet essai<br \/>\nn\u2019importe o\u00f9, il le publie chez l\u2019ennemi, \u00e0 savoir chez<br \/>\nBHL, dans la collection de philosophie que celui-ci<br \/>\ndirige, entre autres choses, chez Grasset. Ce gros<br \/>\nlivre est un livre important. C\u2019est \u00e0 la fois une autobiographie<br \/>\nintellectuelle, ou comment ce fils d\u2019immigr\u00e9<br \/>\ntunisien est devenu un philosophe autodidacte ;<br \/>\nc\u2019est aussi le roman de sa qu\u00eate effr\u00e9n\u00e9e d\u2019un p\u00e8re<br \/>\nen philosophie, c\u2019est-\u00e0-dire d\u2019un nom, d\u2019une caution<br \/>\n; et c\u2019est enfin le pamphlet par lequel le fils<br \/>\nadopt\u00e9 \u00ab dans le ruisseau \u00bb philosophique, tue finalement<br \/>\nson p\u00e8re. Mais c\u2019est peut-\u00eatre encore, sinon<br \/>\nplus, le geste initial d\u2019une g\u00e9n\u00e9ration un peu brim\u00e9e<br \/>\nqui a d\u00e9cid\u00e9 d\u2019entrer violemment dans la carri\u00e8re<br \/>\nalors que ses a\u00een\u00e9s y sont encore et, pense-t-elle,<br \/>\npour longtemps.<\/p>\n<h2>Un homme louche<\/h2>\n<p>Ce ne sont pas les entretiens avec Sartre qui<br \/>\nmanquent, mais celui-ci, in\u00e9dit, rend imm\u00e9diatement<br \/>\nun son neuf. Cela tient d\u2019une part au statut de John<br \/>\nGerassi dans la constellation sartrienne : il fait partie<br \/>\nde la famille. Il est le fils de Fernando Gerassi,<br \/>\npeintre r\u00e9fugi\u00e9 en France,<br \/>\namant de Beauvoir, et meilleur<br \/>\nami de Sartre qui ne go\u00fbtait<br \/>\npourtant gu\u00e8re la compagnie<br \/>\ndes hommes. Il le campera<br \/>\ndans <em>Les chemins de la libert\u00e9<\/em><br \/>\nsous les traits de Gomez qui,<br \/>\nen 1936, abandonne femme et<br \/>\nenfant (le petit John) pour s\u2019en<br \/>\naller d\u00e9fendre la R\u00e9publique espagnole<br \/>\ndans l\u2019arm\u00e9e de laquelle il<br \/>\nfinira g\u00e9n\u00e9ral, dernier haut grad\u00e9 \u00e0<br \/>\nd\u00e9fendre Barcelone. D\u2019autre part,<br \/>\nSartre a officiellement nomm\u00e9<br \/>\nJohn pour \u00e9crire sa biographie<br \/>\n(son autobiographie, <em>Les Mots<\/em>,<br \/>\ns\u2019arr\u00eatant lorsqu\u2019il a 13 ans). Ces<br \/>\nentretiens au magn\u00e9tophone se<br \/>\nd\u00e9roulent au d\u00e9but des ann\u00e9es<br \/>\n1970, Sartre a 70 ans. A cette<br \/>\n\u00e9poque, il \u00e9crit le matin son<br \/>\nFlaubert, l\u2019apr\u00e8s-midi r\u00e9dige des<br \/>\ntextes politiques pour <em>La cause du<br \/>\npeuple<\/em> et milite le soir \u00e0 la Gauche<br \/>\nprol\u00e9tarienne. C\u2019est sans doute<br \/>\nl\u2019\u00e9poque o\u00f9 Sartre s\u2019est enfin<br \/>\nlib\u00e9r\u00e9 : apr\u00e8s <em>Les mots<\/em> et le refus<br \/>\ndu Nobel, avec la GP et <em>L\u2019idiot de<br \/>\nla famille,<\/em> il se sent enfin d\u00e9barrass\u00e9<br \/>\nde sa mauvaise conscience<br \/>\nd\u2019\u00e9crivain petit-bourgeois. Il d\u00e9cide<br \/>\nde ne pas parler philosophie,<br \/>\n\u00ab <em>laissons \u00e7a aux universitaires<\/em> \u00bb,<br \/>\ntranche-t-il. En revanche, avec<br \/>\nJohn, ils causent beaucoup de politique,<br \/>\nde la R\u00e9volution (peut-on<br \/>\nse passer de la case \u00ab Terreur \u00bb ?)<br \/>\net des femmes. Un jour John, que<br \/>\nsa petite amie vient de quitter, arrive<br \/>\nen pleurant chez Sartre. \u00ab <em>Eh<br \/>\nbien, je vous envie. A 40 ans,<br \/>\nvous pleurez pour une femme, et<br \/>\nmoi \u00e0 70 ans cela ne m\u2019est jamais<br \/>\narriv\u00e9. <\/em> \u00bb Souffrance de Simone de<br \/>\nBeauvoir qui assiste \u00e0 la sc\u00e8ne\u2026<br \/>\n<div id='gallery-1' class='gallery galleryid-4909 gallery-columns-3 gallery-size-thumbnail'><figure class='gallery-item'>\n\t\t\t<div class='gallery-icon landscape'>\n\t\t\t\t<a href='https:\/\/archives.regards.fr\/wp-content\/uploads\/2011\/06\/sartre-062.jpg'><img loading=\"lazy\" decoding=\"async\" width=\"150\" height=\"150\" src=\"https:\/\/archives.regards.fr\/wp-content\/uploads\/2011\/06\/sartre-062-150x150.jpg\" class=\"attachment-thumbnail size-thumbnail\" alt=\"sartre.jpg\" \/><\/a>\n\t\t\t<\/div><\/figure><figure class='gallery-item'>\n\t\t\t<div class='gallery-icon landscape'>\n\t\t\t\t<a href='https:\/\/archives.regards.fr\/wp-content\/uploads\/2011\/06\/sartreb-289.jpg'><img loading=\"lazy\" decoding=\"async\" width=\"150\" height=\"122\" src=\"https:\/\/archives.regards.fr\/wp-content\/uploads\/2011\/06\/sartreb-289-150x122.jpg\" class=\"attachment-thumbnail size-thumbnail\" alt=\"Badiou et Sartre\" aria-describedby=\"gallery-1-15147\" \/><\/a>\n\t\t\t<\/div>\n\t\t\t\t<figcaption class='wp-caption-text gallery-caption' id='gallery-1-15147'>\n\t\t\t\tBadiou et Sartre\n\t\t\t\t<\/figcaption><\/figure><figure class='gallery-item'>\n\t\t\t<div class='gallery-icon landscape'>\n\t\t\t\t<a href='https:\/\/archives.regards.fr\/wp-content\/uploads\/2011\/06\/sartrec-15f.jpg'><img loading=\"lazy\" decoding=\"async\" width=\"80\" height=\"55\" src=\"https:\/\/archives.regards.fr\/wp-content\/uploads\/2011\/06\/sartrec-15f.jpg\" class=\"attachment-thumbnail size-thumbnail\" alt=\"Badiou et Sartre\" aria-describedby=\"gallery-1-15148\" \/><\/a>\n\t\t\t<\/div>\n\t\t\t\t<figcaption class='wp-caption-text gallery-caption' id='gallery-1-15148'>\n\t\t\t\tBadiou et Sartre\n\t\t\t\t<\/figcaption><\/figure>\n\t\t<\/div>\n<\/p>\n","protected":false},"excerpt":{"rendered":"<p>Mehdi m\u00e9dit Mehdi Belhaj Kacem est un fran\u00e7ais d\u2019origine tunisienne qui est l\u00e0, plus ou moins marginalement, dans le paysage des lettres fran\u00e7aises, disons, depuis vingt ans. Il a donc commenc\u00e9 tr\u00e8s jeune, \u00e0 18 ans, en \u00e9crivant des romans, une triplette de romans, dont l\u2019un assez remarqu\u00e9, Vies et morts d\u2019Ir\u00e8ne Lepic, qui parlait [&hellip;]<\/p>\n","protected":false},"author":1,"featured_media":15146,"comment_status":"open","ping_status":"open","sticky":false,"template":"","format":"standard","meta":{"_themeisle_gutenberg_block_has_review":false,"footnotes":""},"categories":[13],"tags":[357,353],"class_list":["post-4909","post","type-post","status-publish","format-standard","has-post-thumbnail","hentry","category-arnaud-viviant","tag-chronique","tag-litterature"],"_links":{"self":[{"href":"https:\/\/archives.regards.fr\/index.php?rest_route=\/wp\/v2\/posts\/4909","targetHints":{"allow":["GET"]}}],"collection":[{"href":"https:\/\/archives.regards.fr\/index.php?rest_route=\/wp\/v2\/posts"}],"about":[{"href":"https:\/\/archives.regards.fr\/index.php?rest_route=\/wp\/v2\/types\/post"}],"author":[{"embeddable":true,"href":"https:\/\/archives.regards.fr\/index.php?rest_route=\/wp\/v2\/users\/1"}],"replies":[{"embeddable":true,"href":"https:\/\/archives.regards.fr\/index.php?rest_route=%2Fwp%2Fv2%2Fcomments&post=4909"}],"version-history":[{"count":0,"href":"https:\/\/archives.regards.fr\/index.php?rest_route=\/wp\/v2\/posts\/4909\/revisions"}],"wp:featuredmedia":[{"embeddable":true,"href":"https:\/\/archives.regards.fr\/index.php?rest_route=\/wp\/v2\/media\/15146"}],"wp:attachment":[{"href":"https:\/\/archives.regards.fr\/index.php?rest_route=%2Fwp%2Fv2%2Fmedia&parent=4909"}],"wp:term":[{"taxonomy":"category","embeddable":true,"href":"https:\/\/archives.regards.fr\/index.php?rest_route=%2Fwp%2Fv2%2Fcategories&post=4909"},{"taxonomy":"post_tag","embeddable":true,"href":"https:\/\/archives.regards.fr\/index.php?rest_route=%2Fwp%2Fv2%2Ftags&post=4909"}],"curies":[{"name":"wp","href":"https:\/\/api.w.org\/{rel}","templated":true}]}}