{"id":4906,"date":"2011-06-20T09:00:00","date_gmt":"2011-06-20T07:00:00","guid":{"rendered":"https:\/\/wp.muchomaas.com\/etienne-balibar-les-grandes4906\/"},"modified":"2023-06-23T23:08:43","modified_gmt":"2023-06-23T21:08:43","slug":"etienne-balibar-les-grandes4906","status":"publish","type":"post","link":"https:\/\/archives.regards.fr\/?p=4906","title":{"rendered":"Etienne Balibar: \u00ab les grandes mobilisations doivent traverser les fronti\u00e8res\u2009\u00bb"},"content":{"rendered":"<p class=\"post_excerpt\">Le projet politique europ\u00e9en est moribond.<br \/>\nLes populismes galopent,<br \/>\nnourris par la faiblesse d\u2019une<br \/>\ngauche qui peine \u00e0 se faire entendre.<br \/>\nEntre l\u2019effondrement et la refondation,<br \/>\nl\u2019Europe est \u00e0 la crois\u00e9e des chemins.<br \/>\nRencontre avec le philosophe Etienne<br \/>\nBalibar.<\/p>\n<p><strong>Regards.fr:<\/strong> <strong> <em>Vous interrogez la \u00ab fin \u00bb de l\u2019Europe<br \/>\ncomme projet politique. Vivons-nous<br \/>\nun moment sp\u00e9cifique de l\u2019histoire de la<br \/>\nconstruction europ\u00e9enne ?<\/em> <\/strong><\/p>\n<p><strong>Etienne Balibar:<\/strong> Tout \u00e0 fait. Sans pr\u00e9tendre lire dans le marc de<br \/>\ncaf\u00e9 et proph\u00e9tiser des \u00e9volutions qui ne se produiront<br \/>\npeut-\u00eatre pas, plusieurs sc\u00e9narios sont<br \/>\npossibles. L\u2019Union europ\u00e9enne a connu des<br \/>\ntournants dans l\u2019histoire de sa construction, qu\u2019il<br \/>\ns\u2019agisse d\u2019\u00e9tapes nouvelles, comme l\u2019\u00e9pisode de<br \/>\nla constitution manqu\u00e9e de 2005, ou des \u00e9largissement<br \/>\nsuccessifs, surtout aux anciens pays socialistes.<br \/>\nCes tournants sont d\u00e9termin\u00e9s \u00e0 la fois<br \/>\npar des processus intra-europ\u00e9ens et des transformations<br \/>\ng\u00e9opolitiques, \u00e9conomiques ou culturelles<br \/>\nmondiales. L\u2019Europe est un \u00e9quilibre entre<br \/>\nson int\u00e9rieur et son ext\u00e9rieur. Entre la signature<br \/>\ndu trait\u00e9 de Rome et 2005, tous les moments<br \/>\ncritiques ont apparemment \u00e9t\u00e9 surmont\u00e9s. Ils ont<br \/>\nm\u00eame paru servir au renforcement du projet politique<br \/>\neurop\u00e9en plut\u00f4t qu\u2019\u00e0 son affaiblissement ou<br \/>\n\u00e0 sa remise en question. Il s\u2019est d\u00e9velopp\u00e9 une<br \/>\ndouble mythologie. La premi\u00e8re, c\u2019est le caract\u00e8re<br \/>\nirr\u00e9versible de la construction europ\u00e9enne<br \/>\nqui correspondrait \u00e0 une sorte de n\u00e9cessit\u00e9 historique.<br \/>\nLa seconde, c\u2019est que les conflits entre<br \/>\nles diff\u00e9rents Etats-nations qui semblent constituer<br \/>\ndes \u00e9l\u00e9ments de blocage finissent toujours<br \/>\npar servir \u00e0 r\u00e9soudre la crise. Cette mythologie<br \/>\nextr\u00eamement simplificatrice, qui correspond<br \/>\n\u00e0 l\u2019id\u00e9ologie officielle de la technocratie europ\u00e9enne<br \/>\npro-lib\u00e9rale, n\u2019est plus tenable. Quand il<br \/>\ny a un an j\u2019ai pris le pari avec quelques autres<br \/>\nde dire que la construction europ\u00e9enne \u00e9tait en<br \/>\nproie \u00e0 une crise existentielle qui remettait en<br \/>\nquestion le projet politique lui-m\u00eame, cela pouvait<br \/>\npara\u00eetre imprudent. Aujourd\u2019hui, c\u2019est devenu<br \/>\nau contraire un lieu commun.<\/p>\n<p><strong>Regards.fr:<\/strong> <strong> <em>Comment d\u00e9finiriez-vous cette crise ?<\/em> <\/strong><\/p>\n<p><strong>Etienne Balibar:<\/strong> Le sociologue et historien marxiste Immanuel<br \/>\nWallerstein [[Co-auteur avec Etienne Balibar de<em> Race, nation,<br \/>\nclasse. Les identit\u00e9s ambigu\u00ebs<\/em>, \u00e9d. La D\u00e9couverte,<br \/>\n2007.]] distingue deux crises. La premi\u00e8re,<br \/>\nbudg\u00e9taire, produit des tensions mon\u00e9taires qui<br \/>\nmettent en p\u00e9ril la stabilit\u00e9 de la monnaie unique<br \/>\net alimentent des conflits entre les diff\u00e9rents<br \/>\nEtats europ\u00e9ens. Elle poss\u00e8de donc une dimension<br \/>\n\u00e9conomique et financi\u00e8re. La deuxi\u00e8me<br \/>\nest id\u00e9ologique et culturelle. Il s\u2019agit de l\u2019exacerbation<br \/>\ndes nationalismes et r\u00e9gionalismes<br \/>\nen Europe. Des in\u00e9galit\u00e9s de puissance et de<br \/>\nsituation traversent l\u2019Europe de part en part, de<br \/>\nsorte que la construction financi\u00e8re qui devait<br \/>\nth\u00e9oriquement servir \u00e0 renforcer la solidarit\u00e9 des<br \/>\npays europ\u00e9ens, face aux secousses du march\u00e9<br \/>\nfinancier mondial, est en train de fonctionner<br \/>\nen sens inverse. Par ailleurs, la question nationale<br \/>\nen Europe n\u2019ayant pas \u00e9t\u00e9 trait\u00e9e comme<br \/>\ntelle, alors que les pays de l\u2019Est et de l\u2019Ouest<br \/>\nn\u2019avaient ni les m\u00eames id\u00e9es sur la nation, ni les m\u00eames attentes vis-\u00e0-vis de la construction<br \/>\neurop\u00e9enne, elle s\u2019est aggrav\u00e9e apr\u00e8s la r\u00e9unification.<br \/>\nLes nationalismes galopent entre nations<br \/>\neurop\u00e9ennes \u2013 les Allemands voyant les Grecs<br \/>\ncomme des parasites et les Grecs voyant les Allemands<br \/>\ncomme des imp\u00e9rialistes \u2013, et \u00e0 l\u2019\u00e9gard<br \/>\nde l\u2019ext\u00e9rieur, en direction des pays de l\u2019Est, du<br \/>\nSud, ou m\u00eame de l\u2019Am\u00e9rique.<\/p>\n<p><strong>Regards.fr:<\/strong> <strong> <em>Selon vous, l\u2019Europe se situe aujourd\u2019hui<br \/>\n\u00e0 la crois\u00e9e des chemins\u2026<\/em> <\/strong><\/p>\n<p><strong>Etienne Balibar:<\/strong> Oui, la construction europ\u00e9enne est au milieu<br \/>\ndu gu\u00e9. Ou bien elle r\u00e9gresse, ou<br \/>\nbien elle progresse sur d\u2019autres<br \/>\nbases. Mais l\u2019immobilisme est la<br \/>\nchose la plus invraisemblable qui<br \/>\nsoit. Les probl\u00e8mes \u00e0 r\u00e9gler sont<br \/>\nextr\u00eamement graves. La remise en<br \/>\ncause des accords sur la libre circulation<br \/>\nmontre d\u2019ailleurs que les<br \/>\nconflits touchent \u00e0 des principes fondamentaux<br \/>\nde l\u2019Europe. Il est donc<br \/>\naussi difficile d\u2019imaginer que les institutions<br \/>\nde Bruxelles ou de Strasbourg,<br \/>\nainsi que la monnaie unique,<br \/>\ns\u2019effondrent du jour au lendemain,<br \/>\nque d\u2019envisager qu\u2019elles restent \u00e0<br \/>\nl\u2019abri des secousses sociales et politiques<br \/>\nqui devraient s\u2019amplifier. Il y a<br \/>\ndes gens que cette crise n\u2019\u00e9tonne<br \/>\npas, et il y a ceux comme moi qui<br \/>\ny voient une inflexion inqui\u00e9tante.<br \/>\nM\u00eame s\u2019il n\u2019a jamais \u00e9t\u00e9 dans ses<br \/>\nobjectifs de remettre en question ni<br \/>\nle capitalisme ni l\u2019\u00e9conomie de march\u00e9,<br \/>\nl\u2019Europe n\u2019a pas imm\u00e9diatement<br \/>\ncherch\u00e9 \u00e0 favoriser la concurrence<br \/>\nsauvage entre les travailleurs ou les<br \/>\n\u00e9conomies nationales. Les bourgeoisies<br \/>\nde l\u2019Ouest europ\u00e9en croyaient<br \/>\nencore, \u00e0 l\u2019\u00e9poque, \u00e0 la n\u00e9cessit\u00e9 de<br \/>\ncompromis sociaux destin\u00e9s \u00e0 garantir<br \/>\nune certaine paix sociale et \u00e0 tenir le coup<br \/>\ndans la concurrence avec le syst\u00e8me socialiste.<br \/>\nJe me consid\u00e8re toujours comme communiste,<br \/>\nmais je ne pense pas qu\u2019il faille d\u00e9nigrer aujourd\u2019hui<br \/>\nles acquis de l\u2019Etat social. Le projet de<br \/>\nconstitution de 2005 est caract\u00e9ristique de l\u2019inflexion<br \/>\nlib\u00e9rale de la politique europ\u00e9enne. J\u2019ai<br \/>\nfait partie des gens qui ont appel\u00e9 \u00e0 voter \u00ab non \u00bb<br \/>\n\u00e0 ce projet de constitution, mais je m\u2019en mords<br \/>\nles doigts aujourd\u2019hui. Je croyais que nous provoquerions<br \/>\n\u00e0 l\u2019\u00e9chelle de l\u2019Europe une discussion<br \/>\nsur les principes de la construction europ\u00e9enne qui permettrait de faire bouger le rapport de forces. Ce n\u2019est pas du tout ce qui s\u2019est<br \/>\npass\u00e9.<\/p>\n<p><strong>Regards.fr:<\/strong> <strong> <em>Si l\u2019Europe n\u00e9olib\u00e9rale est min\u00e9e par la<br \/>\ncrise actuelle, la mont\u00e9e des populismes<br \/>\nne risque-t-elle pas de d\u00e9boucher sur un<br \/>\nv\u00e9ritable projet politique europ\u00e9en ?<\/em> <\/strong><\/p>\n<p><strong>Etienne Balibar:<\/strong> Le probl\u00e8me se pose in\u00e9vitablement de savoir<br \/>\nsi le projet politique europ\u00e9en peut \u00eatre repris \u00e0<br \/>\ngauche ou \u00e0 droite. A gauche, la pente \u00e0 remonter<br \/>\nest tr\u00e8s raide, \u00e0 droite la nature souverainiste<br \/>\ndes mouvements populistes incarn\u00e9s par le<br \/>\nFront national en France, la Ligue du Nord en<br \/>\nItalie, le Jobbik hongrois, le parti autrichien de la<br \/>\nlibert\u00e9 ou le Parti populaire danois rend impossible<br \/>\ncette reprise. Je crois \u00e0 la capacit\u00e9 de nuisance<br \/>\ncommune de ces mouvements nationalistes.<br \/>\nIls peuvent m\u00eame se servir des institutions<br \/>\neurop\u00e9ennes pour imposer des politiques extr\u00eamement<br \/>\nr\u00e9pressives et fascisantes en mati\u00e8re<br \/>\nde politique d\u2019immigration et de traitement des<br \/>\nminorit\u00e9s \u00e9trang\u00e8res en Europe. Mais je ne crois<br \/>\npas \u00e0 la capacit\u00e9 de ces mouvements de s\u2019unir<br \/>\ndans une sorte d\u2019extr\u00eame droite europ\u00e9enne<br \/>\nunifi\u00e9e. Le fascisme europ\u00e9en des ann\u00e9es 1930<br \/>\navait une tout autre capacit\u00e9 de mobilisation des<br \/>\nmasses et originalit\u00e9 id\u00e9ologique que les populismes<br \/>\nnationalistes x\u00e9nophobes contemporains.<br \/>\nHitler ou Mussolini se retrouvaient sur l\u2019anticommunisme.<br \/>\nAujourd\u2019hui, il n\u2019existe pas de facteur<br \/>\nde polarisation de ce type. Les rivalit\u00e9s entre les<br \/>\ngroupes nationalistes des diff\u00e9rents pays sont<br \/>\nau moins aussi grandes que les int\u00e9r\u00eats qui<br \/>\nles rapprochent. Leur ennemi commun, c\u2019est la<br \/>\nconstruction europ\u00e9enne comme fantasme de<br \/>\ndestruction de la souverainet\u00e9 nationale.<\/p>\n<p><strong>Regards.fr:<\/strong> <strong> <em>Vous avez avanc\u00e9, l\u2019an dernier, l\u2019id\u00e9e<br \/>\nd\u2019un \u00ab populisme europ\u00e9en \u00bb pour lutter<br \/>\ncontre la perc\u00e9e de mouvements x\u00e9nophobes.<br \/>\nPourquoi ce terme ?<\/em> <\/strong><\/p>\n<p><strong>Etienne Balibar:<\/strong> Ce populisme est plut\u00f4t un contre-populisme.<br \/>\nCe n\u2019est pas une fa\u00e7on de r\u00e9cup\u00e9rer ou de chevaucher<br \/>\nla vague populiste nationaliste qui se<br \/>\nd\u00e9veloppe en ce moment en Europe. Il s\u2019agit au<br \/>\ncontraire de prendre la mesure du risque qu\u2019elle<br \/>\ncomporte et de lui opposer une alternative suffisamment<br \/>\nrepr\u00e9sentative des int\u00e9r\u00eats de la<br \/>\nmasse de la population pour regagner le terrain<br \/>\nperdu. Il n\u2019existe pas de mod\u00e8le unique de populisme.<br \/>\nDie Linke ou le Front de gauche sont, \u00e0<br \/>\ncertains \u00e9gards, un parti et un mouvement populistes,<br \/>\nmais je ne les mets pas dans le m\u00eame sac<br \/>\nque la Ligue du Nord. Le populisme comporte<br \/>\nune composante nationaliste souverainiste traditionnelle<br \/>\npour laquelle toute construction supra<br \/>\nou post-nationale repr\u00e9sente un danger mortel<br \/>\ncontre l\u2019identit\u00e9 nationale. La critique du monopole<br \/>\ndu pouvoir par les \u00e9lites technocratiques<br \/>\nm\u00eal\u00e9es \u00e0 la nouvelle classe dirigeante multinationale<br \/>\nen est une autre composante. Les fronti\u00e8res<br \/>\nentre les deux ne sont pas nettement trac\u00e9es,<br \/>\nmais du point de vue de gauche qui est le<br \/>\nmien, ces composantes n\u2019ont pas la m\u00eame valeur.<br \/>\nL\u2019une poss\u00e8de un caract\u00e8re potentiellement<br \/>\nfascisant, l\u2019autre peut \u00eatre comprise comme le<br \/>\nsymptome d\u2019un r\u00e9gime politique et social qui a<br \/>\ncess\u00e9 de prendre en compte les int\u00e9r\u00eats des<br \/>\nplus ou pauvres ou des moins puissants.<\/p>\n<p><strong>Regards.fr:<\/strong> <strong> <em>Vous livrez dans en entretien accord\u00e9 \u00e0<br \/>\nla revue<\/em> Vacarme <em>quelques exemples<br \/>\nd\u2019insurrection pacifique \u00e0 l\u2019\u00e9chelle nationale.<br \/>\nQuid de l\u2019Europe ?<\/em> <\/strong><\/p>\n<p><strong>Etienne Balibar:<\/strong> J\u2019emploie le terme d\u2019insurrection dans un sens<br \/>\ntr\u00e8s large et j\u2019y ajoute l\u2019adjectif pacifique pour<br \/>\nqu\u2019on ne croie pas que j\u2019appelle \u00e0 la guerre<br \/>\ncivile. C\u2019est presque un synonyme de mouvement<br \/>\ncollectif de citoyens, m\u00eame virtuels tels les<br \/>\nimmigr\u00e9s qui n\u2019ont pas le droit de participer \u00e0<br \/>\nla vie politique nationale en raison de leur nationalit\u00e9.<br \/>\nIl y a quelque chose de l\u2019ordre d\u2019une<br \/>\ninsurrection pacifique dans les manifestations<br \/>\ndes Grecs contre des politiques d\u2019aust\u00e9rit\u00e9 qui<br \/>\nenfoncent leur pays dans la catastrophe \u00e9conomique.<br \/>\nLes ouvriers qui se mobilisent contre<br \/>\nles fermetures d\u2019usine ou les mouvements \u00e9cologiques<br \/>\nqui tentent de remettre en discussion<br \/>\ndes choix de politique \u00e9nerg\u00e9tique rel\u00e8vent<br \/>\naussi d\u2019initiatives citoyennes. J\u2019appartiens \u00e0 une<br \/>\ng\u00e9n\u00e9ration pour laquelle la notion d\u2019internationalisme<br \/>\navait une grande importance. Il se d\u00e9finissait<br \/>\ncomme une r\u00e9sistance \u00e0 l\u2019imp\u00e9rialisme et il<br \/>\nse voulait l\u2019expression d\u2019une solidarit\u00e9 ouvri\u00e8re.<br \/>\nL\u2019anticolonialisme a trouv\u00e9 son prolongement<br \/>\ndans la mobilisation contre le racisme qui vise<br \/>\naujourd\u2019hui les travailleurs immigr\u00e9s. Dans les<br \/>\nann\u00e9es 1980, on a connu des tentatives pour<br \/>\norganiser de part et d\u2019autre du Rideau de fer, \u00e0<br \/>\nl\u2019\u00e9chelle europ\u00e9enne, des campagnes en faveur<br \/>\ndu d\u00e9sarmement nucl\u00e9aire. Cela m\u2019a \u00e9duqu\u00e9 \u00e0<br \/>\npenser que les grandes mobilisations d\u00e9mocratiques<br \/>\nacqui\u00e8rent toute leur signification quand<br \/>\nelles traversent les fronti\u00e8res et qu\u2019elles r\u00e9ussissent<br \/>\nnon pas \u00e0 an\u00e9antir la dimension nationale,<br \/>\nmais \u00e0 la relativiser ou \u00e0 la d\u00e9passer dialectiquement.<br \/>\nDans la conjoncture actuelle, un<br \/>\ncertain nombre de causes comme les questions<br \/>\nenvironnementales, la r\u00e9gulation des migrations<br \/>\ndans le monde ou le fonctionnement du syst\u00e8me<br \/>\nfinancier international, appellent de toute<br \/>\nurgence une m\u00eame capacit\u00e9 d\u2019organisation, de<br \/>\nd\u00e9bat, de coordination par-del\u00e0 les fronti\u00e8res.<br \/>\nForce est de constater que c\u2019est tr\u00e8s difficile. La<br \/>\nconf\u00e9d\u00e9ration europ\u00e9enne des syndicats a tent\u00e9<br \/>\nd\u2019\u00e9lever d\u2019un cran la capacit\u00e9 de mobilisation, de<br \/>\nr\u00e9flexion et de contre-proposition commune des<br \/>\nsyndicats. Mais leur contre-pouvoir reste symbolique.<br \/>\nC\u2019est un cercle vicieux. Les syndicats<br \/>\nont de moins en moins la capacit\u00e9 de mettre en<br \/>\n\u00e9chec les politiques europ\u00e9ennes antisociales<br \/>\ncar ils sont enferm\u00e9s dans les espaces nationaux,<br \/>\net ils y sont enferm\u00e9s car ils sont affaiblis.<\/p>\n<p><strong>Regards.fr:<\/strong> <strong> <em>Comment expliquez-vous la faillite<br \/>\nid\u00e9ologique et strat\u00e9gique de la gauche<br \/>\nr\u00e9volutionnaire et r\u00e9formatrice en Europe ?<\/em> <\/strong><\/p>\n<p><strong>Etienne Balibar:<\/strong> Les uns n\u2019ont pas pu et les autres n\u2019ont pas voulu.<br \/>\nOn voit bien depuis la fin de la deuxi\u00e8me guerre<br \/>\nmondiale que lorsque la critique du capitalisme<br \/>\nn\u2019a pas \u00e9t\u00e9 assez radicale ou lucide, le socialisme<br \/>\nr\u00e9formiste a \u00e9t\u00e9 aval\u00e9 par le lib\u00e9ralisme et<br \/>\nle n\u00e9olib\u00e9ralisme. Tout est donc \u00e0 r\u00e9inventer en<br \/>\nce qui concerne les formes de la radicalit\u00e9 r\u00e9volutionnaire<br \/>\ndans le monde d\u2019aujourd\u2019hui. Dans un<br \/>\ncadre transnational, in\u00e9luctablement. Pour imposer<br \/>\ndes reculs ou des r\u00e9formes au capitalisme,<br \/>\naujourd\u2019hui sans entraves, il a toujours fallu des<br \/>\nmouvements de masse, donc des esp\u00e9rances,<br \/>\nou m\u00eame des utopies.<\/p>\n<p><strong>Regards.fr:<\/strong> <strong> <em>Vous parlez m\u00eame de la \u00ab disparition \u00bb de<br \/>\nla gauche\u2026<\/strong> <\/em><\/p>\n<p><strong>Etienne Balibar:<\/strong> Il faut bien dramatiser pour se faire entendre. Je<br \/>\nne suis pas un partisan de la th\u00e9rapie de l\u2019\u00e9lectrochoc,<br \/>\nmais je ne veux pas raconter d\u2019histoires. Et<br \/>\npuis affirmer qu\u2019il n\u2019y a plus de gauche, c\u2019est aussi<br \/>\nune mani\u00e8re de dire qu\u2019on esp\u00e8re qu\u2019elle rena\u00eetra.<\/p>\n<div id='gallery-1' class='gallery galleryid-4906 gallery-columns-3 gallery-size-thumbnail'><figure class='gallery-item'>\n\t\t\t<div class='gallery-icon landscape'>\n\t\t\t\t<a href='https:\/\/archives.regards.fr\/wp-content\/uploads\/2011\/06\/greceb-c5d.jpg'><img loading=\"lazy\" decoding=\"async\" width=\"150\" height=\"122\" src=\"https:\/\/archives.regards.fr\/wp-content\/uploads\/2011\/06\/greceb-c5d-150x122.jpg\" class=\"attachment-thumbnail size-thumbnail\" alt=\"Etienne Balibar: \u00ab les grandes mobilisations doivent traverser les fronti\u00e8res\u2009\u00bb\" aria-describedby=\"gallery-1-15137\" \/><\/a>\n\t\t\t<\/div>\n\t\t\t\t<figcaption class='wp-caption-text gallery-caption' id='gallery-1-15137'>\n\t\t\t\tEtienne Balibar: \u00ab les grandes mobilisations doivent traverser les fronti\u00e8res\u2009\u00bb\n\t\t\t\t<\/figcaption><\/figure><figure class='gallery-item'>\n\t\t\t<div class='gallery-icon landscape'>\n\t\t\t\t<a href='https:\/\/archives.regards.fr\/wp-content\/uploads\/2011\/06\/balibar-58f.jpg'><img loading=\"lazy\" decoding=\"async\" width=\"150\" height=\"150\" src=\"https:\/\/archives.regards.fr\/wp-content\/uploads\/2011\/06\/balibar-58f-150x150.jpg\" class=\"attachment-thumbnail size-thumbnail\" alt=\"Etienne Balibar: \u00ab les grandes mobilisations doivent traverser les fronti\u00e8res\u2009\u00bb\" aria-describedby=\"gallery-1-15138\" \/><\/a>\n\t\t\t<\/div>\n\t\t\t\t<figcaption class='wp-caption-text gallery-caption' id='gallery-1-15138'>\n\t\t\t\tEtienne Balibar: \u00ab les grandes mobilisations doivent traverser les fronti\u00e8res\u2009\u00bb\n\t\t\t\t<\/figcaption><\/figure>\n\t\t<\/div>\n\n","protected":false},"excerpt":{"rendered":"<p>Le projet politique europ\u00e9en est moribond.<br \/>\nLes populismes galopent,<br \/>\nnourris par la faiblesse d\u2019une<br \/>\ngauche qui peine \u00e0 se faire entendre.<br \/>\nEntre l\u2019effondrement et la refondation,<br \/>\nl\u2019Europe est \u00e0 la crois\u00e9e des chemins.<br \/>\nRencontre avec le philosophe Etienne<br \/>\nBalibar.<\/p>\n","protected":false},"author":573,"featured_media":15137,"comment_status":"open","ping_status":"open","sticky":false,"template":"","format":"standard","meta":{"_themeisle_gutenberg_block_has_review":false,"footnotes":""},"categories":[141],"tags":[293,352,295],"class_list":["post-4906","post","type-post","status-publish","format-standard","has-post-thumbnail","hentry","category-archives-web","tag-entretien","tag-europe","tag-nupes"],"_links":{"self":[{"href":"https:\/\/archives.regards.fr\/index.php?rest_route=\/wp\/v2\/posts\/4906","targetHints":{"allow":["GET"]}}],"collection":[{"href":"https:\/\/archives.regards.fr\/index.php?rest_route=\/wp\/v2\/posts"}],"about":[{"href":"https:\/\/archives.regards.fr\/index.php?rest_route=\/wp\/v2\/types\/post"}],"author":[{"embeddable":true,"href":"https:\/\/archives.regards.fr\/index.php?rest_route=\/wp\/v2\/users\/573"}],"replies":[{"embeddable":true,"href":"https:\/\/archives.regards.fr\/index.php?rest_route=%2Fwp%2Fv2%2Fcomments&post=4906"}],"version-history":[{"count":0,"href":"https:\/\/archives.regards.fr\/index.php?rest_route=\/wp\/v2\/posts\/4906\/revisions"}],"wp:featuredmedia":[{"embeddable":true,"href":"https:\/\/archives.regards.fr\/index.php?rest_route=\/wp\/v2\/media\/15137"}],"wp:attachment":[{"href":"https:\/\/archives.regards.fr\/index.php?rest_route=%2Fwp%2Fv2%2Fmedia&parent=4906"}],"wp:term":[{"taxonomy":"category","embeddable":true,"href":"https:\/\/archives.regards.fr\/index.php?rest_route=%2Fwp%2Fv2%2Fcategories&post=4906"},{"taxonomy":"post_tag","embeddable":true,"href":"https:\/\/archives.regards.fr\/index.php?rest_route=%2Fwp%2Fv2%2Ftags&post=4906"}],"curies":[{"name":"wp","href":"https:\/\/api.w.org\/{rel}","templated":true}]}}