{"id":4902,"date":"2011-06-18T09:00:00","date_gmt":"2011-06-18T07:00:00","guid":{"rendered":"https:\/\/wp.muchomaas.com\/un-magnifique-dardenne4902\/"},"modified":"2011-06-18T09:00:00","modified_gmt":"2011-06-18T07:00:00","slug":"un-magnifique-dardenne4902","status":"publish","type":"post","link":"https:\/\/archives.regards.fr\/?p=4902","title":{"rendered":"Un magnifique Dardenne"},"content":{"rendered":"<p class=\"post_excerpt\">Jean-Pierre et Luc Dardenne<\/p>\n<p><strong>Huiti\u00e8me long-m\u00e9trage de Jean-Pierre et Luc Dardenne, le magnifique<br \/>\n<em>Gamin au v\u00e9lo<\/em> a obtenu le Grand Prix au Festival de Cannes<br \/>\n(ex-aequo avec Il \u00e9tait une fois en Anatolie, de Nuri Bilge Ceylan).<\/strong><br \/>\nLes cin\u00e9astes avaient d\u00e9j\u00e0 remport\u00e9 deux Palmes d\u2019or pour <em>Rosetta<\/em><br \/>\nen 1999 et <em>L\u2019enfant<\/em> en 2005 et un Prix du sc\u00e9nario pour <em>Le silence<br \/>\nde Lorna<\/em> en 2008.<\/p>\n<p>\u00ab <em>Le num\u00e9ro n\u2019est pas attribu\u00e9<\/em> \u00bb\u2026 Cyril (Thomas Doret),<br \/>\ndu haut de ses 11 ans, a beau s\u2019acharner, s\u2019agiter, lutter,<br \/>\nfrapper aux portes, arpenter les rues, enqu\u00eater aupr\u00e8s<br \/>\ndes commer\u00e7ants, il ne trouvera personne au bout du fil.<br \/>\nPersonne. Le cordon est<br \/>\ncoup\u00e9. La place du p\u00e8re,<br \/>\nfugitivement incarn\u00e9 par J\u00e9r\u00e9mie<br \/>\nRenier (fils dans <em>La promesse<\/em><br \/>\net p\u00e8re dans <em>L\u2019enfant<\/em>),<br \/>\nrestera vide.<\/p>\n<p>Pour ne pas tomber (la chute,<br \/>\ndu haut d\u2019un arbre, viendra<br \/>\nplus tard), pour consumer<br \/>\nson \u00e9nergie vitale, Cyril se<br \/>\nconcentre sur un objet transitionnel,<br \/>\nmoyen de locomotion<br \/>\nqui met le titre du film en<br \/>\nmouvement. Ce v\u00e9lo vendu par son p\u00e8re un jour de gal\u00e8re, Samantha<br \/>\n(C\u00e9cile de France) le rach\u00e8te et lui rapporte. Plac\u00e9 dans un foyer,<br \/>\nl\u2019enfant tombe par hasard sur cette femme providentielle. Plus que<br \/>\nsa \u00ab m\u00e8re \u00bb adoptive, Samantha devient \u00e0 elle toute seule sa \u00ab <em>famille<br \/>\nd\u2019accueil<\/em> \u00bb \u2013 ainsi se pr\u00e9sente-t-elle \u00e0 l\u2019un des \u00e9ducateurs qu\u2019elle<br \/>\njoint par t\u00e9l\u00e9phone, alors que Cyril a fugu\u00e9 dans la cit\u00e9.<\/p>\n<p>Fid\u00e8les \u00e0 leur esth\u00e9t(h)ique, les Dardenne ont cisaill\u00e9 un film sec,<br \/>\nponctu\u00e9, une fois n\u2019est pas coutume, par quelques accords musicaux,<br \/>\nqui dramatisent ce \u00ab <em>conte de notre temps<\/em> \u00bb, pour reprendre<br \/>\nl\u2019un de leurs titres de travail. De film en film, les fr\u00e8res construisent<br \/>\nun cin\u00e9ma du geste, qui fait fi de toute psychologie rassurante et<br \/>\nrefuse toute \u00ab composition \u00bb d\u2019images. Au plein, \u00e0 la \u00ab pl\u00e9nitude \u00bb, les<br \/>\nDardenne pr\u00e9f\u00e9reront toujours les marges, les trous, les planques,<br \/>\nles ellipses. Ces mouvements m\u00eames qui traversent le principe de<br \/>\nr\u00e9alit\u00e9. A Samantha qui lui dit qu\u2019elle ne veut pas qu\u2019il soit d\u00e9\u00e7u si<br \/>\nla rencontre avec son p\u00e8re ne se passe pas comme il l\u2019avait r\u00eav\u00e9e,<br \/>\nCyril r\u00e9pond : \u00ab <em>Je ne r\u00eave pas.<\/em> \u00bb <\/p>\n","protected":false},"excerpt":{"rendered":"<p>Jean-Pierre et Luc Dardenne<\/p>\n","protected":false},"author":572,"featured_media":0,"comment_status":"open","ping_status":"open","sticky":false,"template":"","format":"standard","meta":{"_themeisle_gutenberg_block_has_review":false,"footnotes":""},"categories":[111],"tags":[299],"class_list":["post-4902","post","type-post","status-publish","format-standard","hentry","category-nos-selections","tag-cinema"],"_links":{"self":[{"href":"https:\/\/archives.regards.fr\/index.php?rest_route=\/wp\/v2\/posts\/4902","targetHints":{"allow":["GET"]}}],"collection":[{"href":"https:\/\/archives.regards.fr\/index.php?rest_route=\/wp\/v2\/posts"}],"about":[{"href":"https:\/\/archives.regards.fr\/index.php?rest_route=\/wp\/v2\/types\/post"}],"author":[{"embeddable":true,"href":"https:\/\/archives.regards.fr\/index.php?rest_route=\/wp\/v2\/users\/572"}],"replies":[{"embeddable":true,"href":"https:\/\/archives.regards.fr\/index.php?rest_route=%2Fwp%2Fv2%2Fcomments&post=4902"}],"version-history":[{"count":0,"href":"https:\/\/archives.regards.fr\/index.php?rest_route=\/wp\/v2\/posts\/4902\/revisions"}],"wp:attachment":[{"href":"https:\/\/archives.regards.fr\/index.php?rest_route=%2Fwp%2Fv2%2Fmedia&parent=4902"}],"wp:term":[{"taxonomy":"category","embeddable":true,"href":"https:\/\/archives.regards.fr\/index.php?rest_route=%2Fwp%2Fv2%2Fcategories&post=4902"},{"taxonomy":"post_tag","embeddable":true,"href":"https:\/\/archives.regards.fr\/index.php?rest_route=%2Fwp%2Fv2%2Ftags&post=4902"}],"curies":[{"name":"wp","href":"https:\/\/api.w.org\/{rel}","templated":true}]}}