{"id":4898,"date":"2011-06-10T09:33:12","date_gmt":"2011-06-10T07:33:12","guid":{"rendered":"https:\/\/wp.muchomaas.com\/quand-les-droites-s-affirment4898\/"},"modified":"2023-06-23T23:08:41","modified_gmt":"2023-06-23T21:08:41","slug":"quand-les-droites-s-affirment4898","status":"publish","type":"post","link":"https:\/\/archives.regards.fr\/?p=4898","title":{"rendered":"Quand les droites s\u2019affirment"},"content":{"rendered":"<p class=\"post_excerpt\">Pour le politologue Jean-Yves Camus,<br \/>\nla pouss\u00e9e populiste en Europe prosp\u00e8re sur les<br \/>\nth\u00e9matiques sociales et l\u2019identit\u00e9.<\/p>\n<p><strong> <em>Assiste-t-on \u00e0 une vague populiste ?<\/em> <\/strong><\/p>\n<p><strong>Jean-Yves Camus:<\/strong> Nous sommes d\u2019abord confront\u00e9s \u00e0 un probl\u00e8me<br \/>\nde classification car la fronti\u00e8re est assez floue<br \/>\nentre un populisme de droite et un populisme<br \/>\nd\u2019extr\u00eame droite. Si certains mouvements ont<br \/>\nclairement leurs racines dans l\u2019extr\u00eame droite traditionnelle<br \/>\n\u2013 comme le British National Party en<br \/>\nGrande-Bretagne, le Front national en France ou<br \/>\nle Vlaams Belang flamand \u2013, nombre de cas sont<br \/>\nplus complexes. Il s\u2019agit de droites radicales, x\u00e9nophobes<br \/>\net populistes mais qui ne sont pas issues<br \/>\ndes extr\u00eames droites traditionnelles. Je pense aux<br \/>\nVrais Finlandais, au parti de Geert Wilders (PVV)<br \/>\nen Hollande, aux D\u00e9mocrates suisses (UDC), \u00e0 la<br \/>\nLigue du Nord en Italie\u2026 La question n\u2019est peut<br \/>\n\u00eatre pas tant celle de l\u2019extr\u00eame droite mais plut\u00f4t<br \/>\ndu centre de gravit\u00e9 id\u00e9ologique des droites. Il<br \/>\ny a un glissement \u00e0 droite des partis lib\u00e9raux et<br \/>\nconservateurs qui r\u00e9pond d\u2019une part \u00e0 la n\u00e9cessit\u00e9<br \/>\nde reconqu\u00e9rir l\u2019\u00e9lectorat pass\u00e9 aux populismes<br \/>\nradicaux mais aussi \u00e0 la volont\u00e9 d\u2019une<br \/>\npartie des droites de s\u2019affirmer. Depuis la fin de la<br \/>\nSeconde guerre mondiale, on \u00e9tait dans la droite<br \/>\nhonteuse. Il fallait utiliser d\u2019autres mots. La droite<br \/>\nse disait \u00ab mod\u00e9r\u00e9e \u00bb, on parlait de \u00ab r\u00e9publicains \u00bb<br \/>\nde \u00ab lib\u00e9raux \u00bb, de \u00ab d\u00e9mocratie chr\u00e9tienne \u00bb, \u00e0 la<br \/>\nrigueur de \u00ab conservateurs \u00bb. Aujourd\u2019hui, des<br \/>\ndroites radicales participent au gouvernement ou<br \/>\n\u00e0 la d\u00e9finition de sa politique. C\u2019est le cas aux<br \/>\nPays-Bas, au Danemark et peut-\u00eatre en Finlande.<br \/>\nOn avait d\u00e9j\u00e0 vu appara\u00eetre le ph\u00e9nom\u00e8ne dans<br \/>\nles ann\u00e9es 1990, avec des formules de participation<br \/>\nqui ont profit\u00e9 \u00e0 l\u2019UDC suisse ou \u00e0 la<br \/>\nLigue du Nord, d\u00e8s le d\u00e9but du gouvernement<br \/>\nBerlusconi. En 2000, en Autriche, le chancelier<br \/>\nSchussel avait accept\u00e9 de faire entrer dans son<br \/>\ngouvernement le parti dirig\u00e9 par Jorg Haider, clairement<br \/>\naffili\u00e9 au national socialisme.<\/p>\n<p><strong> <em>Quelles sont les chevauchements entre<br \/>\nces droites de gouvernement et des formations<br \/>\npopulistes et x\u00e9nophobes ?<\/em> <\/strong><\/p>\n<p><strong>Jean-Yves Camus:<\/strong> Elles portent d\u2019abord sur l\u2019identit\u00e9. L\u2019Europe est<br \/>\nune construction politique qui n\u2019a pas d\u00e9bouch\u00e9<br \/>\nsur une affirmation identitaire commune. Les<br \/>\ncitoyens europ\u00e9ens continuent de se r\u00e9f\u00e9rer au<br \/>\ncadre national. Mais l\u2019Europe est devenue multiculturelle.<br \/>\nM\u00eame si on a longtemps consid\u00e9r\u00e9 la<br \/>\nmigration extra-europ\u00e9enne comme une variable<br \/>\nd\u2019ajustement de la production industrielle, comme<br \/>\nle souhaitait le patronat, l\u2019\u00e9vidence d\u2019un multicuturalisme<br \/>\neurop\u00e9en s\u2019impose \u00e0 tous et pose la<br \/>\nquestion de savoir ce qui unit et ce qui oppose.<br \/>\nCe qui unit, c\u2019est le sentiment assez vague que<br \/>\nles Europ\u00e9ens partagent une \u00ab civilisation \u00bb. La<br \/>\nrecherche du plus petit d\u00e9nominateur conduit au<br \/>\nconstat suivant : ces pays sont de racine chr\u00e9tienne, m\u00eame si les \u00e9glises sont vides. Cons\u00e9quence,<br \/>\nl\u2019un des probl\u00e8mes fondamentaux qui<br \/>\nse pose en Europe est l\u2019identit\u00e9 d\u2019assignation.<br \/>\nDans l\u2019oeil de beaucoup de nos gouvernants et<br \/>\nconcitoyens, les immigr\u00e9s ou leur descendance<br \/>\nissus d\u2019une culture musulmane, par exemple,<br \/>\nsont forc\u00e9ment des musulmans, m\u00eame s\u2019ils ne<br \/>\nle sont pas ou plus. La jonction entre droite et<br \/>\npopulisme radical existe aussi dans les th\u00e9matiques<br \/>\nsociales. La d\u00e9claration de Laurent Wauquiez<br \/>\n(<em>qualifiant \u00ab les d\u00e9rives de l\u2019assistanat \u00bb de<br \/>\n\u00ab cancer de la soci\u00e9t\u00e9 fran\u00e7aise \u00bb, ndlr<\/em>) renvoie \u00e0<br \/>\nune forme de darwinisme social, assez habituelle<br \/>\nen p\u00e9riode de crise et d\u2019instabilit\u00e9 des statuts sociaux.<br \/>\nLe sens profond de cette d\u00e9claration, c\u2019est<br \/>\nque chaque individu est un loup pour l\u2019autre, que<br \/>\nla comp\u00e9tition pr\u00e9vaut et que loin d\u2019avoir un r\u00f4le<br \/>\nde coh\u00e9sion, corrigeant les in\u00e9galit\u00e9s, l\u2019Etat doit<br \/>\nlaisser s\u2019\u00e9panouir et favoriser la lutte de chacun<br \/>\ncontre tous les autres. On pourrait tout \u00e0 fait retrouver<br \/>\ncet vision du monde dans une formation<br \/>\npopuliste radicale.<\/p>\n<p><strong> <em>Que nous dit cette pouss\u00e9e populiste de<br \/>\nla construction europ\u00e9enne ?<\/em> <\/strong><\/p>\n<p><strong>Jean-Yves Camus:<\/strong> L\u2019Europe ne peut \u00eatre que de deux natures : une<br \/>\nEurope du mieux-disant social tirant l\u2019ensemble<br \/>\nvers le haut, ou bien une Europe ethnique, une f\u00e9d\u00e9ration<br \/>\nd\u2019entit\u00e9s dans lesquelles le principe de<br \/>\nl\u2019ethnicit\u00e9 d\u00e9finira l\u2019appartenance, rompant avec<br \/>\nl\u2019actuelle conception contractuelle de la citoyennet\u00e9.<br \/>\nIl est plausible que dans le contexte de la<br \/>\nmondialisation, bon nombre de citoyens consid\u00e8rent<br \/>\nqu\u2019il faut se prot\u00e9ger contre l\u2019uniformisation<br \/>\net la disparition des particularismes, qu\u2019un<br \/>\nencrage primaire dans le pays, au sens d\u2019une r\u00e9gion<br \/>\net de son identit\u00e9 soit n\u00e9cessaire. D\u00e8s lors,<br \/>\nl\u2019\u00e9chelon de la nation dispara\u00eetrait. Il ne resterait<br \/>\nque le monde globalis\u00e9 d\u2019un c\u00f4t\u00e9 et les appartenances<br \/>\nprimaires de l\u2019autre. On peut, dans cette<br \/>\nperspective, d\u00e9j\u00e0 imaginer une autonomie de la<br \/>\nFlandre, l\u2019Ecosse, l\u2019Italie du Nord, la Catalogne<br \/>\net le Pays basque. Et cela s\u2019accompagnerait d\u2019un<br \/>\nr\u00e9tr\u00e9cissement des horizons culturels.<div id='gallery-1' class='gallery galleryid-4898 gallery-columns-3 gallery-size-thumbnail'><figure class='gallery-item'>\n\t\t\t<div class='gallery-icon landscape'>\n\t\t\t\t<a href='https:\/\/archives.regards.fr\/wp-content\/uploads\/2011\/06\/bnpb-cbe.jpg'><img loading=\"lazy\" decoding=\"async\" width=\"150\" height=\"122\" src=\"https:\/\/archives.regards.fr\/wp-content\/uploads\/2011\/06\/bnpb-cbe-150x122.jpg\" class=\"attachment-thumbnail size-thumbnail\" alt=\"Quand les droites s\u2019affirment\" aria-describedby=\"gallery-1-15122\" \/><\/a>\n\t\t\t<\/div>\n\t\t\t\t<figcaption class='wp-caption-text gallery-caption' id='gallery-1-15122'>\n\t\t\t\tQuand les droites s\u2019affirment\n\t\t\t\t<\/figcaption><\/figure>\n\t\t<\/div>\n<\/p>\n","protected":false},"excerpt":{"rendered":"<p>Pour le politologue Jean-Yves Camus,<br \/>\nla pouss\u00e9e populiste en Europe prosp\u00e8re sur les<br \/>\nth\u00e9matiques sociales et l\u2019identit\u00e9.<\/p>\n","protected":false},"author":569,"featured_media":15122,"comment_status":"open","ping_status":"open","sticky":false,"template":"","format":"standard","meta":{"_themeisle_gutenberg_block_has_review":false,"footnotes":""},"categories":[141],"tags":[305,293,352,355],"class_list":["post-4898","post","type-post","status-publish","format-standard","has-post-thumbnail","hentry","category-archives-web","tag-droites","tag-entretien","tag-europe","tag-extreme-droite"],"_links":{"self":[{"href":"https:\/\/archives.regards.fr\/index.php?rest_route=\/wp\/v2\/posts\/4898","targetHints":{"allow":["GET"]}}],"collection":[{"href":"https:\/\/archives.regards.fr\/index.php?rest_route=\/wp\/v2\/posts"}],"about":[{"href":"https:\/\/archives.regards.fr\/index.php?rest_route=\/wp\/v2\/types\/post"}],"author":[{"embeddable":true,"href":"https:\/\/archives.regards.fr\/index.php?rest_route=\/wp\/v2\/users\/569"}],"replies":[{"embeddable":true,"href":"https:\/\/archives.regards.fr\/index.php?rest_route=%2Fwp%2Fv2%2Fcomments&post=4898"}],"version-history":[{"count":0,"href":"https:\/\/archives.regards.fr\/index.php?rest_route=\/wp\/v2\/posts\/4898\/revisions"}],"wp:featuredmedia":[{"embeddable":true,"href":"https:\/\/archives.regards.fr\/index.php?rest_route=\/wp\/v2\/media\/15122"}],"wp:attachment":[{"href":"https:\/\/archives.regards.fr\/index.php?rest_route=%2Fwp%2Fv2%2Fmedia&parent=4898"}],"wp:term":[{"taxonomy":"category","embeddable":true,"href":"https:\/\/archives.regards.fr\/index.php?rest_route=%2Fwp%2Fv2%2Fcategories&post=4898"},{"taxonomy":"post_tag","embeddable":true,"href":"https:\/\/archives.regards.fr\/index.php?rest_route=%2Fwp%2Fv2%2Ftags&post=4898"}],"curies":[{"name":"wp","href":"https:\/\/api.w.org\/{rel}","templated":true}]}}