{"id":4886,"date":"2011-06-24T15:37:35","date_gmt":"2011-06-24T13:37:35","guid":{"rendered":"https:\/\/wp.muchomaas.com\/une-pensee-raciale4886\/"},"modified":"2011-06-24T15:37:35","modified_gmt":"2011-06-24T13:37:35","slug":"une-pensee-raciale4886","status":"publish","type":"post","link":"https:\/\/archives.regards.fr\/?p=4886","title":{"rendered":"Une pens\u00e9e raciale"},"content":{"rendered":"<p class=\"post_excerpt\">Sherene H. Razack<\/p>\n<p>En s\u2019appuyant sur le traitement<br \/>\njudiciaire des Canadiens accus\u00e9s<br \/>\nd\u2019avoir particip\u00e9 aux attentats<br \/>\ndu 11 septembre 2001,<br \/>\nune sociologue de l\u2019Universit\u00e9<br \/>\nde Toronto explique comment<br \/>\nfonctionne \u00ab<em> la pens\u00e9e raciale<\/em> \u00bb<br \/>\net quelles en sont aujourd\u2019hui<br \/>\nles figures : le musulman dangereux,<br \/>\nla musulmane en p\u00e9ril et<br \/>\nl\u2019Europ\u00e9en civilis\u00e9. Une pens\u00e9e<br \/>\nraciale dont le but est de s\u00e9parer<br \/>\nceux qui m\u00e9ritent d\u2019\u00eatre prot\u00e9g\u00e9s<br \/>\npar les lois et les autres,<br \/>\ndit-elle, et qui nous habitue \u00e0<br \/>\nl\u2019id\u00e9e que la suspension des<br \/>\ndroits de certains groupes est<br \/>\nl\u00e9gitime, et m\u00eame n\u00e9cessaire \u00e0<br \/>\nla d\u00e9mocratie. Un livre d\u2019actualit\u00e9<br \/>\n!<\/p>\n","protected":false},"excerpt":{"rendered":"<p>Sherene H. Razack<\/p>\n","protected":false},"author":1,"featured_media":15093,"comment_status":"open","ping_status":"open","sticky":false,"template":"","format":"standard","meta":{"_themeisle_gutenberg_block_has_review":false,"footnotes":""},"categories":[111],"tags":[392],"class_list":["post-4886","post","type-post","status-publish","format-standard","has-post-thumbnail","hentry","category-nos-selections","tag-essai"],"_links":{"self":[{"href":"https:\/\/archives.regards.fr\/index.php?rest_route=\/wp\/v2\/posts\/4886","targetHints":{"allow":["GET"]}}],"collection":[{"href":"https:\/\/archives.regards.fr\/index.php?rest_route=\/wp\/v2\/posts"}],"about":[{"href":"https:\/\/archives.regards.fr\/index.php?rest_route=\/wp\/v2\/types\/post"}],"author":[{"embeddable":true,"href":"https:\/\/archives.regards.fr\/index.php?rest_route=\/wp\/v2\/users\/1"}],"replies":[{"embeddable":true,"href":"https:\/\/archives.regards.fr\/index.php?rest_route=%2Fwp%2Fv2%2Fcomments&post=4886"}],"version-history":[{"count":0,"href":"https:\/\/archives.regards.fr\/index.php?rest_route=\/wp\/v2\/posts\/4886\/revisions"}],"wp:featuredmedia":[{"embeddable":true,"href":"https:\/\/archives.regards.fr\/index.php?rest_route=\/wp\/v2\/media\/15093"}],"wp:attachment":[{"href":"https:\/\/archives.regards.fr\/index.php?rest_route=%2Fwp%2Fv2%2Fmedia&parent=4886"}],"wp:term":[{"taxonomy":"category","embeddable":true,"href":"https:\/\/archives.regards.fr\/index.php?rest_route=%2Fwp%2Fv2%2Fcategories&post=4886"},{"taxonomy":"post_tag","embeddable":true,"href":"https:\/\/archives.regards.fr\/index.php?rest_route=%2Fwp%2Fv2%2Ftags&post=4886"}],"curies":[{"name":"wp","href":"https:\/\/api.w.org\/{rel}","templated":true}]}}